{"id":238678,"date":"2025-11-16T07:40:11","date_gmt":"2025-11-16T07:40:11","guid":{"rendered":"https:\/\/www.europesays.com\/es\/238678\/"},"modified":"2025-11-16T07:40:11","modified_gmt":"2025-11-16T07:40:11","slug":"la-deriva-de-ecuador-hacia-el-modelo-bukele","status":"publish","type":"post","link":"https:\/\/www.europesays.com\/es\/238678\/","title":{"rendered":"la deriva de Ecuador hacia el modelo Bukele"},"content":{"rendered":"<p data-gtm-element-container=\"modulo-texto-link\" class=\"paragraph\">Masacres en prisiones, luchas entre clanes mafiosos, la apertura acelerada de una superc\u00e1rcel al estilo salvadore\u00f1o, un aumento notable de las estad\u00edsticas de criminalidad y, finalmente, un refer\u00e9ndum para iniciar un proceso de cambio de constituci\u00f3n. La violencia persiste en Ecuador pese a que el presidente Daniel Noboa declar\u00f3 la guerra al crimen organizado hace m\u00e1s de un a\u00f1o, lo que implic\u00f3 la militarizaci\u00f3n de las operaciones contra las bandas que operan negocios il\u00edcitos.<\/p>\n<p data-gtm-element-container=\"modulo-texto-link\" class=\"paragraph\">Los ecuatorianos est\u00e1n llamados a las urnas este domingo 16 de noviembre para votar si se permite la instalaci\u00f3n de bases militares de Estados Unidos en su territorio. El gobierno considera la medida como <a href=\"https:\/\/www.lavanguardia.com\/economia\" target=\"_blank\" rel=\"noopener noreferrer nofollow\">imprescindible<\/a> para reforzar la lucha armada contra lo que el jefe de Estado define como \u201cgrupos terroristas\u201d, muy en la l\u00ednea de Donald Trump, pero a nadie se le escapa que este movimiento ser\u00eda muy positivo para nueva estrategia intervencionista de Trump en Am\u00e9rica Latina con la prioridad de recuperar el control del Canal de Panam\u00e1.<\/p>\n<p>Refer\u00e9ndum y consulta popular<br \/>\nLos ecuatorianos tienen que decidir sobre cuatro preguntas, entre ellas si permite la instalaci\u00f3n de destacamentos de EE.UU.<\/p>\n<p data-gtm-element-container=\"modulo-texto-link\" class=\"paragraph\">La convocatoria electoral incluye tres preguntas de refer\u00e9ndum y una de consulta popular. Las tres primeras hacen referencia a las bases militares extranjeras, la financiaci\u00f3n p\u00fablica de los partidos pol\u00edticos (se pregunta si se retira o no) y a la reducci\u00f3n del n\u00famero de diputados, de 151 a 73. En la consulta se pide a los ecuatorianos si est\u00e1n de acuerdo en abrir un proceso para redactar una nueva constituci\u00f3n que sustituya a la aprobada en 2008 bajo el primer mandato del izquierdista Rafael Correa.<\/p>\n<p data-gtm-element-container=\"modulo-texto-link\" class=\"paragraph\">Estas medidas permitir\u00edan al presidente actual ampliar su poder y reforzar la figura presidencial. Noboa, que era cuarto en las encuestas previas, gan\u00f3 de manera sorprendente las elecciones de 2023 para un mandato corto de solo 18 meses tras el desplome del r\u00e9gimen de Guillermo Lasso. Entonces se convirti\u00f3 en el presidente m\u00e1s joven de la historia del pa\u00eds, con 35 a\u00f1os. Este 2025 ha vuelto a derrotar de forma muy ajustada a la candidata corre\u00edsta Luisa Gonz\u00e1lez para consolidar su presidencia cuatro a\u00f1os m\u00e1s con un proyecto centrista que prev\u00e9 la desregulaci\u00f3n de sectores econ\u00f3micos, algo que la oposici\u00f3n critica porque favorece la expansi\u00f3n de las actividades il\u00edcitas.<\/p>\n<p>                <img loading=\"lazy\" decoding=\"async\" data-full-src=\"https:\/\/www.lavanguardia.com\/uploads\/2025\/11\/11\/69136ce75885f.jpeg\" alt=\"Horizontal\" width=\"449\" height=\"299\" src=\"https:\/\/www.europesays.com\/es\/wp-content\/uploads\/2025\/11\/69136ce75885f.jpeg\" class=\"lazy\"\/><\/p>\n<p class=\"caption-title \">El presidente de Ecuador, Daniel Noboa, durante una movilizaci\u00f3n en agosto pasado  en Quito.<\/p>\n<p>                    Jos\u00e9 J\u00e1come \/ EFE<\/p>\n<p data-gtm-element-container=\"modulo-texto-link\" class=\"paragraph\">Daniel Noboa, que pertenece a una de las familias m\u00e1s influyentes del sector agropecuario, siempre defendi\u00f3 que la lucha contra la violencia y la criminalidad pasa por la creaci\u00f3n de empleo juvenil y otro tipo de medidas sociales, pero una vez en el poder comenz\u00f3 una pol\u00edtica de mano dura y represi\u00f3n que culmin\u00f3 con la declaraci\u00f3n de guerra en 2024, copiando modelos de l\u00edderes de ultraderecha como Nayib Bukele, presidente de El Salvador.<\/p>\n<p data-gtm-element-container=\"modulo-texto-link\" class=\"paragraph\">Pese a los esfuerzos, las cifras indican un aumento de la criminalidad. El primer semestre de 2025, seg\u00fan el Observatorio Ecuatoriano del Crimen Organizado (OECO) con datos del Ministerio del Interior, hubo 4.619 homicidios intencionados en el pa\u00eds, un 47% m\u00e1s que en el mismo periodo en 2024.<\/p>\n<p>        Lee tambi\u00e9n<\/p>\n<p>    Daniel R. Caruncho<\/p>\n<p>             <img loading=\"lazy\" decoding=\"async\" data-full-src=\"https:\/\/www.lavanguardia.com\/uploads\/2025\/10\/27\/68ff83ae9c2eb.jpeg\" alt=\"Horizontal\" width=\"104\" height=\"108\" src=\"https:\/\/www.europesays.com\/es\/wp-content\/uploads\/2025\/11\/68ff83ae9c2eb.r_d.1091-888.jpeg\" class=\"lazy\"\/><\/p>\n<p data-gtm-element-container=\"modulo-texto-link\" class=\"paragraph\">El fin de semana pasado unos incidentes en la prisi\u00f3n de Machala se saldaron con 31 muertos y 34 heridos. Seg\u00fan la versi\u00f3n oficial, el s\u00e1bado hubo enfrentamientos entre las dos bandas que se disputan el control de la penitenciar\u00eda, Los Lobos y Sao Box. El s\u00e1bado murieron 4 personas y el domingo Los Lobos se vengaron colgando en sus celdas a 27 reos de la banda rival. Solo este a\u00f1o se han producido ya tres grandes masacres en c\u00e1rceles de Guayaquil, con m\u00e1s se sesenta muertos.<\/p>\n<p data-gtm-element-container=\"modulo-texto-link\" class=\"paragraph\">Las autoridades han achacado la crisis de la prisi\u00f3n de Machala, una ciudad en la costa del Pac\u00edfico y al sur de Guayaquil, que es el principal puerto de exportaci\u00f3n bananera del pa\u00eds, la bandera del potente sector agropecuario ecuatoriano centrado en la exportaci\u00f3n, ante la inminencia del traslado de convictos al nuevo centro penitenciario de m\u00e1xima seguridad llamado la C\u00e1rcel del Encuentro.<\/p>\n<p data-gtm-element-container=\"modulo-texto-link\" class=\"paragraph\">De hecho, durante esta semana ya se han transferido 300 presos a la nueva c\u00e1rcel, en la que se han invertido 500 millones de d\u00f3lares (unos 430 millones de euros). Solo se han difundido im\u00e1genes del traslado y no de la prisi\u00f3n, lo que abona la teor\u00eda de que El encuentro todav\u00eda no est\u00e1 terminado y que se ha acelerado su entrada en funcionamiento tras la masacre en Machala.<\/p>\n<p data-gtm-element-container=\"modulo-texto-link\" class=\"paragraph\">Las im\u00e1genes de sumisi\u00f3n de los reos a su llegada a la C\u00e1rcel del Encuentro, publicadas en la cuenta de X del presidente, recuerdan a las del trato vejatorio con el que el r\u00e9gimen salvadore\u00f1o trata a quienes ingresan al Cecot, una megac\u00e1rcel que es el eje de la pol\u00edtica de represi\u00f3n de Bukele, que ha instalado un estado de excepci\u00f3n permanente en el pa\u00eds centroamericano.<\/p>\n<p>                <img loading=\"lazy\" decoding=\"async\" data-full-src=\"https:\/\/www.lavanguardia.com\/uploads\/2025\/11\/11\/69136ce97c796.jpeg\" alt=\"Horizontal\" width=\"449\" height=\"299\" src=\"https:\/\/www.europesays.com\/es\/wp-content\/uploads\/2025\/11\/69136ce97c796.jpeg\" class=\"lazy\"\/><\/p>\n<p class=\"caption-title \">El exvicepresidente de Ecuador Jorge Glas Espine en la c\u00e1rcel del Encuentro, en Santa Elena, el nuevo centro penitenciario de m\u00e1xima seguridad<\/p>\n<p>                    @DanielNoboaOk \/ EFE<\/p>\n<p data-gtm-element-container=\"modulo-texto-link\" class=\"paragraph\">Pese a que el gobierno ecuatoriano ha insistido en que solo se enviar\u00e1n a la C\u00e1rcel del Encuentro a los presos m\u00e1s peligrosos del pa\u00eds, entre los primeros 300 reclusos trasladados se ha incluido a Jorge Glas, vicepresidente con Rafael Correa condenado por corrupci\u00f3n. La C\u00e1rcel del Encuentro se sit\u00faa en la regi\u00f3n de Santa Elena, al oeste de Guayquil, en el interior y lejos de un n\u00facleo urbano, en una zona de acceso restringido. Est\u00e1 inspirada en las prisiones de m\u00e1xima seguridad de Estados Unidos, las llamadas supermax, con un uso intensivo de la tecnolog\u00eda que permitir\u00e1 tener monitorizados las 24 horas a entre 800 y 1.000 reos.<\/p>\n<p>                <img loading=\"lazy\" decoding=\"async\" data-full-src=\"https:\/\/www.lavanguardia.com\/uploads\/2025\/11\/11\/69136ce52f0de.jpeg\" alt=\"Horizontal\" width=\"449\" height=\"299\" src=\"https:\/\/www.europesays.com\/es\/wp-content\/uploads\/2025\/11\/69136ce52f0de.jpeg\" class=\"lazy\"\/><\/p>\n<p class=\"caption-title \">Preparaci\u00f3n de los paquetes electorales en un centro de votaci\u00f3n de Quito habilitado para el refer\u00e9ndum y la consulta popular del domingo 16 de noviembre, que consta de cuatro preguntas.<\/p>\n<p>                    JOS\u00c9 J\u00c1COME \/ EFE<\/p>\n<p data-gtm-element-container=\"modulo-texto-link\" class=\"paragraph\">\u201cEl problema es que con Daniel Noboa se ha instaurado una pol\u00edtica de eliminaci\u00f3n sistem\u00e1tica de los presos\u201d, denuncia Luis C\u00f3rdova-Alarc\u00f3n, polit\u00f3logo e investigador del Observatorio Ecuatoriano de Conflictos, entidad que ha publicado un informe en el que constata las muertes sin aclarar de 395 reos en la c\u00e1rcel m\u00e1s grande y populosa, la penitenciar\u00eda El Litoral, en Guayaquil. \u201cEsta cifra, en una sola c\u00e1rcel, es muy superior a la de todas las masacres que ha habido en las diferentes prisiones de Ecuador, lo que demuestra una pol\u00edtica deliberada del Gobierno\u201d, recalca.<\/p>\n<p data-gtm-element-container=\"modulo-texto-link\" class=\"paragraph\">Ecuador ha impulsado un proceso de redistribuci\u00f3n de reclusos con el argumento de reducir la sobrepoblaci\u00f3n carcelaria y mejorar la seguridad interna, adem\u00e1s de evitar que los reos campen a sus anchas en las c\u00e1rceles. Pero, al menos en el mensaje de mano dura que se est\u00e1 transmitiendo, el modelo carcelario de Daniel Noboa se parece cada vez m\u00e1s al de su hom\u00f3logo de El Salvador, Nayib Bukele, que en seis a\u00f1os de presidencia ha llevado al pa\u00eds centroamericano a un deriva autoritaria que dejado en suspenso la democracia y los derechos humanos. Aunque la C\u00e1rcel del Encuentro no es como el Cecot. El centro ecuatoriano tiene capacidad para un millar de presos y el salvadore\u00f1o para 40.000, lo que permite que Bukele pueda negociar con Trump la acogida de deportados de diferentes nacionalidades<\/p>\n<blockquote>\n<p>        Con Daniel Noboa se ha instaurado una pol\u00edtica de eliminaci\u00f3n sistem\u00e1tica de los presos\u201d<\/p>\n<p>            Luis C\u00f3rdova-Alarc\u00f3nCoordinador del programa de Investigaci\u00f3n, Orden, Conflicto y Violencia de la Universidad Central del Ecuador<\/p>\n<\/blockquote>\n<p data-gtm-element-container=\"modulo-texto-link\" class=\"paragraph\">Luis C\u00f3rdova-Alarc\u00f3n se muestra pesimista sobre la efectividad de las pol\u00edticas de Noboa. Y recuerda que la actividad del crimen organizado no es la principal causa de los homicidios en Ecuador y que \u201chay m\u00e1s de 450.000 menores de edad fuera del sistema educativo que pueden ser f\u00e1cilmente reclutados por las pandillas\u201d. \u201c\u00bfC\u00f3mo se va a reducir la violencia si cada vez hay m\u00e1s armas en el Ecuador y no se hace nada para impedir esa econom\u00eda criminal?\u201d, se pregunta el doctor en Ciencias Pol\u00edticas. Ecuador busca respuestas mientras Daniel Noboa pide m\u00e1s poder para encontrarlas.<\/p>\n<p>Pol\u00e9mica en las islas Gal\u00e1pagos<br \/>\nEstados Unidos busca una presencia militar clave cerca del canal de Panam\u00e1<\/p>\n<p class=\"module-text\">Respecto al establecimiento de bases militares de Estados Unidos, el presidente Daniel Noboa, como viene siendo habitual desde su exitosa campa\u00f1a electoral en 2023, se mueve dentro de una ambig\u00fcedad calculada. Existen tres posibles ubicaciones para las nuevas bases americanas, dos en la costa del Pac\u00edfico y una en la isla Baltra de las Gal\u00e1pagos, como se deduce del memor\u00e1ndum de entendimiento firmado entre los dos pa\u00edses. Ante el aluvi\u00f3n de cr\u00edticas por el da\u00f1o ambiental que puede causar una instalaci\u00f3n militar en el para\u00edso natural famoso por sus tortugas, Noboa ha asegurado en los \u00faltimos d\u00edas que se descartar\u00e1 la opci\u00f3n de las Gal\u00e1pagos, pero muchos analistas recelan de que pueda dar marcha atr\u00e1s ante la presi\u00f3n de Estados Unidos.<\/p>\n","protected":false},"excerpt":{"rendered":"Masacres en prisiones, luchas entre clanes mafiosos, la apertura acelerada de una superc\u00e1rcel al estilo salvadore\u00f1o, un aumento&hellip;\n","protected":false},"author":2,"featured_media":238679,"comment_status":"","ping_status":"","sticky":false,"template":"","format":"standard","meta":{"footnotes":""},"categories":[42],"tags":[17,18,13,14,11,61,62,63,64,19,20,9,10,15,16,12,21,22,65,66,67],"class_list":{"0":"post-238678","1":"post","2":"type-post","3":"status-publish","4":"format-standard","5":"has-post-thumbnail","7":"category-internacional","8":"tag-breaking-news","9":"tag-breakingnews","10":"tag-featured-news","11":"tag-featurednews","12":"tag-headlines","13":"tag-internacional","14":"tag-international","15":"tag-international-news","16":"tag-internationalnews","17":"tag-latest-news","18":"tag-latestnews","19":"tag-news","20":"tag-noticias","21":"tag-noticias-destacadas","22":"tag-noticiasdestacadas","23":"tag-titulares","24":"tag-ultimas-noticias","25":"tag-ultimasnoticias","26":"tag-world","27":"tag-world-news","28":"tag-worldnews"},"share_on_mastodon":{"url":"https:\/\/pubeurope.com\/@es\/115558247872718943","error":""},"_links":{"self":[{"href":"https:\/\/www.europesays.com\/es\/wp-json\/wp\/v2\/posts\/238678","targetHints":{"allow":["GET"]}}],"collection":[{"href":"https:\/\/www.europesays.com\/es\/wp-json\/wp\/v2\/posts"}],"about":[{"href":"https:\/\/www.europesays.com\/es\/wp-json\/wp\/v2\/types\/post"}],"author":[{"embeddable":true,"href":"https:\/\/www.europesays.com\/es\/wp-json\/wp\/v2\/users\/2"}],"replies":[{"embeddable":true,"href":"https:\/\/www.europesays.com\/es\/wp-json\/wp\/v2\/comments?post=238678"}],"version-history":[{"count":0,"href":"https:\/\/www.europesays.com\/es\/wp-json\/wp\/v2\/posts\/238678\/revisions"}],"wp:featuredmedia":[{"embeddable":true,"href":"https:\/\/www.europesays.com\/es\/wp-json\/wp\/v2\/media\/238679"}],"wp:attachment":[{"href":"https:\/\/www.europesays.com\/es\/wp-json\/wp\/v2\/media?parent=238678"}],"wp:term":[{"taxonomy":"category","embeddable":true,"href":"https:\/\/www.europesays.com\/es\/wp-json\/wp\/v2\/categories?post=238678"},{"taxonomy":"post_tag","embeddable":true,"href":"https:\/\/www.europesays.com\/es\/wp-json\/wp\/v2\/tags?post=238678"}],"curies":[{"name":"wp","href":"https:\/\/api.w.org\/{rel}","templated":true}]}}