{"id":238708,"date":"2025-11-16T08:05:14","date_gmt":"2025-11-16T08:05:14","guid":{"rendered":"https:\/\/www.europesays.com\/es\/238708\/"},"modified":"2025-11-16T08:05:14","modified_gmt":"2025-11-16T08:05:14","slug":"zarzuela-cuerdas-y-opera-el-sonido-del-concierto-rivas-orquestado-2025","status":"publish","type":"post","link":"https:\/\/www.europesays.com\/es\/238708\/","title":{"rendered":"Zarzuela, cuerdas y \u00f3pera: el sonido del concierto Rivas Orquestado 2025"},"content":{"rendered":"<p><strong>S\u00c1BADO 22 NOVIEMBRE \/ 19.00. <\/strong><br \/><strong>Auditorio Pilar Bardem. 10 euros. Compra:<\/strong> en la web <a href=\"https:\/\/entradas.rivasciudad.es\/\" rel=\"nofollow noopener\" target=\"_blank\">entradas.rivasciudad.es<\/a> y taquilla (ver d\u00edas y horarios).<\/p>\n<p>Una de las citas de m\u00fasica cl\u00e1sica con m\u00e1s solera de la ciudad es el concierto Rivas Orquestado, que cumple diez ediciones y con el que la ripense Orquesta Sinf\u00f3nica Athanor comparte escenario con otras formaciones sonoras del pa\u00eds. Este 2025 invitan al auditorio Pilar Bardem a la Orquesta Sinf\u00f3nica Ritornello, de Arganda del Rey, y la Orquesta de Plectro de Espiel, de C\u00f3rdoba.<\/p>\n<p>En esta d\u00e9cima edici\u00f3n, el p\u00fablico disfrutar\u00e1 de un recorrido musical muy variado, con estilos que van desde la \u00f3pera italiana hasta la zarzuela espa\u00f1ola, pasando por los sonidos tradicionales de la cuerda pulsada.<\/p>\n<p>La Orquesta Sinf\u00f3nica Ritornello, dirigida por Antonio Navarro Borssi, llega desde la vecina Arganda con una selecci\u00f3n de zarzuelas, uno de los g\u00e9neros m\u00e1s representativos de la m\u00fasica espa\u00f1ola. El p\u00fablico podr\u00e1 reconocer melod\u00edas tan populares como \u2018Bateo\u2019 o \u2018Las bodas de Luis Alonso\u2019, \u201cen versiones con gran fuerza sinf\u00f3nica y mucho color orquestal\u201d, explican desde Athanor.<\/p>\n<p><img loading=\"lazy\" aria-describedby=\"caption-attachment-862600262856\" decoding=\"async\" class=\"wp-image-862600262856 size-full\" src=\"https:\/\/www.europesays.com\/es\/wp-content\/uploads\/2025\/11\/Orquesta-Ritornello-Arganda.jpg\" alt=\"\" width=\"900\" height=\"602\"  \/><\/p>\n<p id=\"caption-attachment-862600262856\" class=\"wp-caption-text\"><strong>La orquesta Ritornello, de Arganda del Rey. <\/strong><\/p>\n<p>Desde tierras cordobesas, la Orquesta de Plectro de Espiel, creada en 1996 y hoy bajo la batuta de Guillermo Mart\u00ednez, aportar\u00e1 un toque muy especial al festival. \u201cEsta agrupaci\u00f3n tiene como objetivo difundir la m\u00fasica interpretada con instrumentos de cuerda t\u00edpicamente espa\u00f1oles, como la bandurria, el la\u00fad y la guitarra. Su repertorio combina melod\u00edas populares andaluzas con ritmos sudamericanos, ofreciendo un sonido c\u00e1lido, cercano y lleno de vitalidad\u201d. Una propuesta especialmente interesante para amantes de la guitarra y estudiantes de este instrumento de la Escuela Municipal de M\u00fasica de Rivas. La orquesta cordobesa acude a la localidad despu\u00e9s de recibir la visita de la agrupaci\u00f3n ripense el pasado mes de octubre.<\/p>\n<p><img aria-describedby=\"caption-attachment-862600262857\" decoding=\"async\" loading=\"lazy\" class=\"wp-image-862600262857 size-full\" src=\"https:\/\/www.europesays.com\/es\/wp-content\/uploads\/2025\/11\/Orquesta-Espiel-Cordoba.jpg\" alt=\"\" width=\"900\" height=\"579\"  \/><\/p>\n<p id=\"caption-attachment-862600262857\" class=\"wp-caption-text\"><strong>La orquesta cordobesa de Espectro de Espiel. <\/strong><\/p>\n<p><strong>VERDI<\/strong><br \/>La Orquesta Sinf\u00f3nica Athanor, con Manuel Donoso como director, explorar\u00e1 la belleza de la \u00f3pera italiana con la obertura de \u2018La forza del destino\u2019, de Verdi, y varias arias de soprano representativas del bel canto: \u201cUn repertorio lleno de emoci\u00f3n y grandes momentos mel\u00f3dicos, con el sello caracter\u00edstico de la formaci\u00f3n ripense\u201d.<\/p>\n","protected":false},"excerpt":{"rendered":"S\u00c1BADO 22 NOVIEMBRE \/ 19.00. Auditorio Pilar Bardem. 10 euros. Compra: en la web entradas.rivasciudad.es y taquilla (ver&hellip;\n","protected":false},"author":2,"featured_media":238709,"comment_status":"","ping_status":"","sticky":false,"template":"","format":"standard","meta":{"footnotes":""},"categories":[5],"tags":[17,18,25,24,13,14,11,19,20,9,10,15,16,23,12,21,22],"class_list":{"0":"post-238708","1":"post","2":"type-post","3":"status-publish","4":"format-standard","5":"has-post-thumbnail","7":"category-titulares","8":"tag-breaking-news","9":"tag-breakingnews","10":"tag-es","11":"tag-espana","12":"tag-featured-news","13":"tag-featurednews","14":"tag-headlines","15":"tag-latest-news","16":"tag-latestnews","17":"tag-news","18":"tag-noticias","19":"tag-noticias-destacadas","20":"tag-noticiasdestacadas","21":"tag-spain","22":"tag-titulares","23":"tag-ultimas-noticias","24":"tag-ultimasnoticias"},"share_on_mastodon":{"url":"https:\/\/pubeurope.com\/@es\/115558346090706827","error":""},"_links":{"self":[{"href":"https:\/\/www.europesays.com\/es\/wp-json\/wp\/v2\/posts\/238708","targetHints":{"allow":["GET"]}}],"collection":[{"href":"https:\/\/www.europesays.com\/es\/wp-json\/wp\/v2\/posts"}],"about":[{"href":"https:\/\/www.europesays.com\/es\/wp-json\/wp\/v2\/types\/post"}],"author":[{"embeddable":true,"href":"https:\/\/www.europesays.com\/es\/wp-json\/wp\/v2\/users\/2"}],"replies":[{"embeddable":true,"href":"https:\/\/www.europesays.com\/es\/wp-json\/wp\/v2\/comments?post=238708"}],"version-history":[{"count":0,"href":"https:\/\/www.europesays.com\/es\/wp-json\/wp\/v2\/posts\/238708\/revisions"}],"wp:featuredmedia":[{"embeddable":true,"href":"https:\/\/www.europesays.com\/es\/wp-json\/wp\/v2\/media\/238709"}],"wp:attachment":[{"href":"https:\/\/www.europesays.com\/es\/wp-json\/wp\/v2\/media?parent=238708"}],"wp:term":[{"taxonomy":"category","embeddable":true,"href":"https:\/\/www.europesays.com\/es\/wp-json\/wp\/v2\/categories?post=238708"},{"taxonomy":"post_tag","embeddable":true,"href":"https:\/\/www.europesays.com\/es\/wp-json\/wp\/v2\/tags?post=238708"}],"curies":[{"name":"wp","href":"https:\/\/api.w.org\/{rel}","templated":true}]}}