{"id":238711,"date":"2025-11-16T08:14:10","date_gmt":"2025-11-16T08:14:10","guid":{"rendered":"https:\/\/www.europesays.com\/es\/238711\/"},"modified":"2025-11-16T08:14:10","modified_gmt":"2025-11-16T08:14:10","slug":"real-zaragoza-la-previa-del-derbi-a-vida-o-muerte","status":"publish","type":"post","link":"https:\/\/www.europesays.com\/es\/238711\/","title":{"rendered":"Real Zaragoza | La previa del derbi. A vida o muerte"},"content":{"rendered":"<p class=\"ft-text\"><strong>La primera cita regional de la temporada, la decimonovena desde que empez\u00f3 esta sucesi\u00f3n de derbis de plata, llega en un momento absolutamente desolador para el <\/strong><a class=\"ft-link ft-link--decoration\" href=\"https:\/\/www.elperiodicodearagon.com\/tags\/real-zaragoza\/\" target=\"_blank\" rel=\"nofollow noopener\"><strong>Real Zaragoza<\/strong><\/a><strong> y la SD Huesca, <\/strong>que dirimen pese a que el calendario diga que solo es la jornada 14 y se llega al primer tercio de la competici\u00f3n, un duelo a vida o muerte en el Ibercaja Estadio. Mucho m\u00e1s vital si cabe es para los de Rub\u00e9n Sell\u00e9s, colistas y hundidos, necesitados de ox\u00edgeno para pensar que el milagro, que cada vez est\u00e1 m\u00e1s cuesta arriba, es posible y con un entrenador al que tres derrotas en las tres primeras jornadas en el puesto ya le han situado cerca del desfiladero. <strong>No parece una cita frontera para Sell\u00e9s, aunque si hay hecatombe contra el rival oscense cualquier escenario es posible,<\/strong> mientras que Bolo se estrena en el banquillo tras el cese de Guill\u00f3.<\/p>\n<p class=\"ft-text\"><strong>Los dos equipos han cambiado de entrenador pese a que la temporada est\u00e1 en sus primeros meses, una se\u00f1al inequ\u00edvoca de que casi nada est\u00e1 saliendo conforme esperaban.<\/strong> En el caso zaragocista, absolutamente nada. Sell\u00e9s no ha supuesto una reacci\u00f3n tras el cese de Gabi y el paso interino de Larraz. <strong>Una s\u00e9ptima derrota seguida del equipo le abocar\u00eda al club a un registro hist\u00f3rico<\/strong> y dejar\u00eda al t\u00e9cnico valenciano, una apuesta arriesgada se mire por donde se mire, muy en el alambre.<\/p>\n<p class=\"ft-text\">El Zaragoza llega en <strong>un estado de depresi\u00f3n absoluta, con una din\u00e1mica aterradora, con un balance en la tabla que le obliga a llevar ritmo de<\/strong><strong> playoff<\/strong><strong> para intentar salvarse en las 29 jornadas que restan,<\/strong> aunque ahora el objetivo sea llegar con vida a enero y cambiar piezas y buscar refuerzos y salidas en un club donde todos miran para otro lado y<strong> los due\u00f1os no dan la cara mientras se suceden huidas hacia delante y golpes de tim\u00f3n improvisados. <\/strong>El \u00faltimo, el regreso de David Navarro como enlace entre la cantera y el primer equipo en un puesto que tambi\u00e9n huele a t\u00e9cnico provisional llegado el caso.<\/p>\n<p>Cambios en los dos equipos<\/p>\n<p class=\"ft-text\"><strong>Si el Zaragoza es claro colista, el Huesca bordea el descenso y el empate del Granada el s\u00e1bado le dej\u00f3 en esa zona, con una ca\u00edda sostenida tras un buen inicio con Guill\u00f3. En El Alcoraz tambi\u00e9n hay un clima enrarecido y de divisi\u00f3n <\/strong>y la frase de Mart\u00edn Gonz\u00e1lez, director deportivo, reconociendo que hubiera mantenido a Guill\u00f3 ha retumbado y ha mostrado que la sinton\u00eda en el vecino est\u00e1 lejos de ser absoluta.<\/p>\n<p class=\"ft-text\">Sell\u00e9s llega al derbi con las bajas de Paul, Tachi y Cuenca, adem\u00e1s de la de \u00faltima hora de Paulino, que apuntaba a titular y se lesion\u00f3 en la rodilla, mientras que Bazdar est\u00e1 con Bosnia,<strong> aunque al menos recupera a Radovanovic, Saidu, Keidi Bare y Valery y har\u00e1 seguro cambios en el once tras el mal partido en Granada. <\/strong>L<strong>os mismos Valery, <\/strong>si est\u00e1 bien de su tal\u00f3n, que parece que s\u00ed, <strong>Rado<\/strong><strong> y Saidu apuntan a relevos factibles.<\/strong> El m\u00edster necesita agitar la coctelera y es probable que Guti deje su sitio y se vea un 4-4-2, quiz\u00e1 con Dani G\u00f3mez junto a Sober\u00f3n.<\/p>\n<p class=\"ft-text\"><strong>Bolo<\/strong>, que no cuenta con Toni Abad y Liberto Beltr\u00e1n, adem\u00e1s de los lesionados de larga duraci\u00f3n Diego Aznar, Mier y Jordi Mart\u00edn, <strong>puede mantener el 4-2-3-1 que tanto utiliz\u00f3 en la Ponferradina y en el Burgos porque en el vasco hay un entrenador muy pragm\u00e1tico y de idas fijas<\/strong>, con peso importante de los veteranos en el once y con Dani Ojeda y Enol como novedades de la convocatoria, el primero de ellos probablemente en el once. Portillo y Enrich pueden ser la punta de lanza este domingo en un duelo de cuchillos largos, en un partido que dejar\u00e1 muy tocado al que lo pierda, sobre todo si es el Zaragoza.<\/p>\n<p>Alineaciones probables<\/p>\n<p class=\"ft-text\"><strong>Real Zaragoza: <\/strong>Adri\u00e1n Rodr\u00edguez; Aguirregabiria, Insua, Radovanovic, Pomares; Saidu, Francho; Pau Sans, Valery, Dani G\u00f3mez y Sober\u00f3n.<\/p>\n<p class=\"ft-text\"><strong>SD Huesca:<\/strong> Dani Jim\u00e9nez; \u00c1ngel P\u00e9rez, Pi\u00f1a, Pulido, Ro Abajas; Sielva, Jes\u00fas \u00c1lvarez; Kortajarena, Ojeda, Portillo y Sergi Enrich<\/p>\n<p class=\"ft-text\"><strong>\u00c1rbitro: <\/strong>Salvador Lax (C. Murciano)<\/p>\n<p class=\"ft-text\"><strong>Campo:<\/strong> Ibercaja Estadio<\/p>\n<p class=\"ft-text\"><strong>Hora:<\/strong> 21.00<\/p>\n","protected":false},"excerpt":{"rendered":"La primera cita regional de la temporada, la decimonovena desde que empez\u00f3 esta sucesi\u00f3n de derbis de plata,&hellip;\n","protected":false},"author":2,"featured_media":238712,"comment_status":"","ping_status":"","sticky":false,"template":"","format":"standard","meta":{"footnotes":""},"categories":[268],"tags":[168,18298,25,24,280,282,4920,9277,22611,799,9547,281,23,167,2606],"class_list":{"0":"post-238711","1":"post","2":"type-post","3":"status-publish","4":"format-standard","5":"has-post-thumbnail","7":"category-futbol","8":"tag-deportes","9":"tag-derbi","10":"tag-es","11":"tag-espana","12":"tag-football","13":"tag-futbol","14":"tag-muerte","15":"tag-o","16":"tag-previa","17":"tag-real-zaragoza","18":"tag-sd-huesca","19":"tag-soccer","20":"tag-spain","21":"tag-sports","22":"tag-vida"},"share_on_mastodon":{"url":"https:\/\/pubeurope.com\/@es\/115558381284046354","error":""},"_links":{"self":[{"href":"https:\/\/www.europesays.com\/es\/wp-json\/wp\/v2\/posts\/238711","targetHints":{"allow":["GET"]}}],"collection":[{"href":"https:\/\/www.europesays.com\/es\/wp-json\/wp\/v2\/posts"}],"about":[{"href":"https:\/\/www.europesays.com\/es\/wp-json\/wp\/v2\/types\/post"}],"author":[{"embeddable":true,"href":"https:\/\/www.europesays.com\/es\/wp-json\/wp\/v2\/users\/2"}],"replies":[{"embeddable":true,"href":"https:\/\/www.europesays.com\/es\/wp-json\/wp\/v2\/comments?post=238711"}],"version-history":[{"count":0,"href":"https:\/\/www.europesays.com\/es\/wp-json\/wp\/v2\/posts\/238711\/revisions"}],"wp:featuredmedia":[{"embeddable":true,"href":"https:\/\/www.europesays.com\/es\/wp-json\/wp\/v2\/media\/238712"}],"wp:attachment":[{"href":"https:\/\/www.europesays.com\/es\/wp-json\/wp\/v2\/media?parent=238711"}],"wp:term":[{"taxonomy":"category","embeddable":true,"href":"https:\/\/www.europesays.com\/es\/wp-json\/wp\/v2\/categories?post=238711"},{"taxonomy":"post_tag","embeddable":true,"href":"https:\/\/www.europesays.com\/es\/wp-json\/wp\/v2\/tags?post=238711"}],"curies":[{"name":"wp","href":"https:\/\/api.w.org\/{rel}","templated":true}]}}