{"id":238730,"date":"2025-11-16T08:25:08","date_gmt":"2025-11-16T08:25:08","guid":{"rendered":"https:\/\/www.europesays.com\/es\/238730\/"},"modified":"2025-11-16T08:25:08","modified_gmt":"2025-11-16T08:25:08","slug":"la-luz-sube-un-852-pero-costara-cero-este-mediodia-servimedia","status":"publish","type":"post","link":"https:\/\/www.europesays.com\/es\/238730\/","title":{"rendered":"La luz sube un 8,52% pero costar\u00e1 cero este mediod\u00eda &#8211; Servimedia"},"content":{"rendered":"<ol>\n<li><a href=\"https:\/\/news.google.com\/rss\/articles\/CBMilgFBVV95cUxOdzBuOXQ3R3dmMWpBNk1IWUprcXViSE1mNUdmTm0wWEljUGJ6RFA1Tk1kYlR0NlVSWWZSRXF4Y1dhdXdvQllTQ3RLVjdJN05xdTdlN2pHNlFwX0toSUh1ZkFDVFRwc2FBTDl3cXJoMnh6VjdiMENjN0VwWVZkRDdSWm5vbUQ4aVhYV3JqZ2Y5QlJISzkwdUE?oc=5\" target=\"_blank\" rel=\"nofollow noopener\">La luz sube un 8,52% pero costar\u00e1 cero este mediod\u00eda<\/a>&nbsp;&nbsp;Servimedia<\/li>\n<li><a href=\"https:\/\/news.google.com\/rss\/articles\/CBMitAFBVV95cUxOUWw2R29ZX09QQWpGOWJOYVJmUHpURnhtUS1LbkFhRHNVWmVJQS1HNnVWSzdpRDdBeko4djJ3MEhqOWhLR0hOOFI0dk1mSjJlb1NqSUNvemVMeEFIVlRiT3ByRUJndUtrTy1landMSHNXNXctVGhid1BHWE1TREVTelItS3BBQ0tXWmp3OHhFXzhlYzNDRjVpNmg0XzVDRnNqSmtsYWwtNmxlMWJ1dl8tRXpnSXE?oc=5\" target=\"_blank\" rel=\"nofollow noopener\">Precio de la luz por horas el s\u00e1bado, 15 de noviembre de 2025: los tramos m\u00e1s baratos del d\u00eda<\/a>&nbsp;&nbsp;Diario Sur<\/li>\n<li><a href=\"https:\/\/news.google.com\/rss\/articles\/CBMi2gFBVV95cUxNZGtHMHRPZmY2LV83ZUhZM0xITmJKSVQzZVdRWmhtSE91RnFwdlVrOUpHVjhFRFpEV0tSWW5lQWZ4TkNyamNqQ015WUs5MEZlR1JGUGc3TkpPQUsxbGRYLXhQTmVnNDNrd0JNWlhfSmk2ZWNpS2ROZlRMS3FJdUlMdkFjMnRaYnV2a1daX0NHaDFTRVpNNUEtY0xmeEVMczNzSXE1RE16Mkx5UW1OWnV4UkpublNXQVBZWjNjYXNDWHpQbnFfY1oyai10Ry1sa1dvam1oQ0ZoUDhXUQ?oc=5\" target=\"_blank\" rel=\"nofollow noopener\">La luz se encarece ma\u00f1ana un 8,52%, hasta los 34,14 euros el MWh, aunque costar\u00e1 cero a mediod\u00eda<\/a>&nbsp;&nbsp;La Vanguardia<\/li>\n<li><a href=\"https:\/\/news.google.com\/rss\/articles\/CBMi1gFBVV95cUxQaFk3OVF4cWRwZmloZXd2V2RHTTlmV1hUVUVHcFNiZElCc0FiNVc0WmVaRTVfdE04Ui0zZ3dBcW4xQzBwMkk5cWc4d0tJdV84NkRWVElUOWZpZWJrTDZjOXZtQlBhbFBHeXRsaExsZ1JzUk9NM3ZYUEVOSFdQNFVlNjl6RXdyODJjaFFpU3NHQjFYakVuOU5MQXp3M3p3dEplZ1ItTHJGUjh5QjJCTGtKMWN4Y2sySTloa0NQeVhWUVdsUnMzLUd6eS05YnV2VVkzUTdjNTdn?oc=5\" target=\"_blank\" rel=\"nofollow noopener\">Precio de la luz hoy domingo 16 de noviembre por franjas y tramos: \u00bfCu\u00e1ndo es m\u00e1s barata?<\/a>&nbsp;&nbsp;Mundo Deportivo<\/li>\n<li><a href=\"https:\/\/news.google.com\/rss\/articles\/CBMi9wFBVV95cUxQMWlkTkdFNWE4dHVrYjM2dDVjMVY0SWFSOVYzNmJJMWFwT3JKem1CMkZMZklUb25MVnJWN1pBQk9zaWo4UXVBZ3dhNEVpUUtGdmlNd0RYMzltczRJVlNQaXhZcHlSY0syOW42ZHlzZXF2R3NFQzFGZXo2cFhtel9MOEhSaGRfdHdhU3JrWjQ3UWNfNXlsWmFsSlFZSE5lUkNabjVIa2YwU3RjWU5FQ3FvZ0tFN0JsV21QNjV3MGhGMUo1NldxeUc3aE5aRmMtVElXYnVWbEdLN0NLdThnYm1XVHlvZTdpM3FydGE1Y1pHQTRqZDBkc21z?oc=5\" target=\"_blank\" rel=\"nofollow noopener\">Precio de la luz: \u00bfcu\u00e1l es la hora m\u00e1s barata de hoy domingo 16 de noviembre?<\/a>&nbsp;&nbsp;MSN<\/li>\n<\/ol>\n","protected":false},"excerpt":{"rendered":"La luz sube un 8,52% pero costar\u00e1 cero este mediod\u00eda&nbsp;&nbsp;Servimedia Precio de la luz por horas el s\u00e1bado,&hellip;\n","protected":false},"author":2,"featured_media":103142,"comment_status":"","ping_status":"","sticky":false,"template":"","format":"standard","meta":{"footnotes":""},"categories":[80],"tags":[82,95,94,25,24,23],"class_list":{"0":"post-238730","1":"post","2":"type-post","3":"status-publish","4":"format-standard","5":"has-post-thumbnail","7":"category-economia","8":"tag-business","9":"tag-economia","10":"tag-economy","11":"tag-es","12":"tag-espana","13":"tag-spain"},"share_on_mastodon":{"url":"https:\/\/pubeurope.com\/@es\/115558424644807438","error":""},"_links":{"self":[{"href":"https:\/\/www.europesays.com\/es\/wp-json\/wp\/v2\/posts\/238730","targetHints":{"allow":["GET"]}}],"collection":[{"href":"https:\/\/www.europesays.com\/es\/wp-json\/wp\/v2\/posts"}],"about":[{"href":"https:\/\/www.europesays.com\/es\/wp-json\/wp\/v2\/types\/post"}],"author":[{"embeddable":true,"href":"https:\/\/www.europesays.com\/es\/wp-json\/wp\/v2\/users\/2"}],"replies":[{"embeddable":true,"href":"https:\/\/www.europesays.com\/es\/wp-json\/wp\/v2\/comments?post=238730"}],"version-history":[{"count":0,"href":"https:\/\/www.europesays.com\/es\/wp-json\/wp\/v2\/posts\/238730\/revisions"}],"wp:featuredmedia":[{"embeddable":true,"href":"https:\/\/www.europesays.com\/es\/wp-json\/wp\/v2\/media\/103142"}],"wp:attachment":[{"href":"https:\/\/www.europesays.com\/es\/wp-json\/wp\/v2\/media?parent=238730"}],"wp:term":[{"taxonomy":"category","embeddable":true,"href":"https:\/\/www.europesays.com\/es\/wp-json\/wp\/v2\/categories?post=238730"},{"taxonomy":"post_tag","embeddable":true,"href":"https:\/\/www.europesays.com\/es\/wp-json\/wp\/v2\/tags?post=238730"}],"curies":[{"name":"wp","href":"https:\/\/api.w.org\/{rel}","templated":true}]}}