{"id":238737,"date":"2025-11-16T08:33:08","date_gmt":"2025-11-16T08:33:08","guid":{"rendered":"https:\/\/www.europesays.com\/es\/238737\/"},"modified":"2025-11-16T08:33:08","modified_gmt":"2025-11-16T08:33:08","slug":"david-de-la-otan-a-ser-la-sombra-de-alcaraz-en-las-atp-finals-2025","status":"publish","type":"post","link":"https:\/\/www.europesays.com\/es\/238737\/","title":{"rendered":"David, de la OTAN a ser la sombra de Alcaraz en las ATP Finals 2025"},"content":{"rendered":"<p>La m\u00fasica tecno previa a los partidos retumba en el<a href=\"https:\/\/www.nittoatpfinals.com\/en\" rel=\"nofollow noopener\" target=\"_blank\"><strong> Inalpi Arena<\/strong><\/a> mientras en las tripas del pabell\u00f3n, <strong>Carlos Alcaraz<\/strong> se cambia tras su <a href=\"https:\/\/okdiario.com\/deportes\/zancadilla-alcaraz-ventaja-sinner-semifinales-atp-finals-15765220\" target=\"_blank\" rel=\"noopener noreferrer nofollow\">entrenamiento<\/a> diurno. La puerta de su vestuario est\u00e1 custodiada por un miembro de seguridad que ni pesta\u00f1ea. Es el mismo hombre acompa\u00f1a a Carlitos cuando sale de la pista de entrenamiento, cuando camina por las instalaciones, cuando va al hotel e incluso cuando no se acerca a los aficionados a firmar aut\u00f3grafos y hacerse fotos.<\/p>\n<p>Est\u00e1 siempre pegado al murciano, incluso cuando el tenista se ejercita.<strong> Le ha acompa\u00f1ado tantas veces a la pista como veces ha entrenado y disputado partidos<\/strong>. Se sit\u00faa en su banquillo o detr\u00e1s de \u00e9l y cambia de lado cuando Alcaraz hace lo propio en pista. Atento a todo lo que sucede dentro y fuera de la pista. Especialmente activo se le vio el pasado viernes, cuando se llev\u00f3 a cabo el media day de los tenistas en el teatro Regio de Tur\u00edn.<\/p>\n<p>Su jornada abarca todo el d\u00eda. Desde que Alcaraz se despierta hasta que se acuesta. \u00ab<strong>Le sigo y estoy con \u00e9l a todos lados menos a dormir<\/strong>\u00bb, dice entre risas a OKDIARIO. David le acompa\u00f1a tambi\u00e9n a los restaurantes, donde m\u00e1s labor previa debe hacer, pues no es un lugar que el tenista frecuente todos los d\u00edas. No el mismo. Este es el tercer a\u00f1o que se convierte en la sombra de Carlitos.<\/p>\n<p>Desde el debut del murciano en las ATP Finals, en 2023, cuando cay\u00f3 en semifinales contra <strong>Djokovic<\/strong>, David ha sido siempre el guardaespaldas asignado por la organizaci\u00f3n la mantener la seguridad del tenista. Se trata de un guardaespaldas que fue paracaidista militar y que ahora trabaja en un puesto de seguridad en la <strong>OTAN<\/strong>. Este fin de semana se despedir\u00e1n, de nuevo, Alcaraz y David hasta seguramente el a\u00f1o que viene.<\/p>\n<p>Alcaraz se libera en las ATP Finals<\/p>\n<p>Los \u00faltimos a\u00f1os de Carlitos han estado tan llenos de \u00e9xitos y etapas quemadas a velocidad vertiginosa que la gente siempre ha querido m\u00e1s. Y esa ambici\u00f3n desmedida ha mutado en <strong>cr\u00edtica exacerbada<\/strong> y comparaci\u00f3n con <strong>Sinner<\/strong>, qui\u00e9n ha ofrecido mejor rendimiento en las partes finales de cada temporada. Eso ha cambiado este a\u00f1o.<\/p>\n<p>La segunda parte del curso para Alcaraz ha desembocado en t\u00edtulos en <strong>Cincinnati<\/strong>, <strong>US Open<\/strong>, <strong>Tokio<\/strong> -gan\u00f3 el torneo pese a las molestias desde primera ronda- el n\u00famero uno hasta 2026 y todav\u00eda est\u00e1 por ver si se suman <strong>ATP Finals<\/strong> y <strong>Copa Davis<\/strong>. Tambi\u00e9n ha inaugurado su vitrina de t\u00edtulos indoor. La consistencia, el gran paso que han conseguido Alcaraz y su equipo, acompa\u00f1ados por Davis en el \u00faltimo torneo.<\/p>\n","protected":false},"excerpt":{"rendered":"La m\u00fasica tecno previa a los partidos retumba en el Inalpi Arena mientras en las tripas del pabell\u00f3n,&hellip;\n","protected":false},"author":2,"featured_media":238738,"comment_status":"","ping_status":"","sticky":false,"template":"","format":"standard","meta":{"footnotes":""},"categories":[274],"tags":[168,25,24,23,167,327,326],"class_list":{"0":"post-238737","1":"post","2":"type-post","3":"status-publish","4":"format-standard","5":"has-post-thumbnail","7":"category-tenis","8":"tag-deportes","9":"tag-es","10":"tag-espana","11":"tag-spain","12":"tag-sports","13":"tag-tenis","14":"tag-tennis"},"share_on_mastodon":{"url":"https:\/\/pubeurope.com\/@es\/115558455910725417","error":""},"_links":{"self":[{"href":"https:\/\/www.europesays.com\/es\/wp-json\/wp\/v2\/posts\/238737","targetHints":{"allow":["GET"]}}],"collection":[{"href":"https:\/\/www.europesays.com\/es\/wp-json\/wp\/v2\/posts"}],"about":[{"href":"https:\/\/www.europesays.com\/es\/wp-json\/wp\/v2\/types\/post"}],"author":[{"embeddable":true,"href":"https:\/\/www.europesays.com\/es\/wp-json\/wp\/v2\/users\/2"}],"replies":[{"embeddable":true,"href":"https:\/\/www.europesays.com\/es\/wp-json\/wp\/v2\/comments?post=238737"}],"version-history":[{"count":0,"href":"https:\/\/www.europesays.com\/es\/wp-json\/wp\/v2\/posts\/238737\/revisions"}],"wp:featuredmedia":[{"embeddable":true,"href":"https:\/\/www.europesays.com\/es\/wp-json\/wp\/v2\/media\/238738"}],"wp:attachment":[{"href":"https:\/\/www.europesays.com\/es\/wp-json\/wp\/v2\/media?parent=238737"}],"wp:term":[{"taxonomy":"category","embeddable":true,"href":"https:\/\/www.europesays.com\/es\/wp-json\/wp\/v2\/categories?post=238737"},{"taxonomy":"post_tag","embeddable":true,"href":"https:\/\/www.europesays.com\/es\/wp-json\/wp\/v2\/tags?post=238737"}],"curies":[{"name":"wp","href":"https:\/\/api.w.org\/{rel}","templated":true}]}}