{"id":238761,"date":"2025-11-16T08:48:14","date_gmt":"2025-11-16T08:48:14","guid":{"rendered":"https:\/\/www.europesays.com\/es\/238761\/"},"modified":"2025-11-16T08:48:14","modified_gmt":"2025-11-16T08:48:14","slug":"antes-con-el-premio-gordo-de-la-loteria-de-navidad-podian-comprarse-24-casas","status":"publish","type":"post","link":"https:\/\/www.europesays.com\/es\/238761\/","title":{"rendered":"Antes con el premio gordo de la Loter\u00eda de Navidad pod\u00edan comprarse 24 casas"},"content":{"rendered":"<p class=\"ft-text\">Un coste de\u00a0acceso a la vivienda\u00a0por las nubes y unos\u00a0sueldos\u00a0por los suelos, son la combinaci\u00f3n perfecta para que\u00a0<strong>tener un hogar en propiedad sea un aut\u00e9ntico lujo<\/strong>\u00a0en algunas de las grandes ciudades del pa\u00eds, como\u00a0<strong>Barcelona o Madrid<\/strong>, aunque tambi\u00e9n en zonas altamente tensionadas como las\u00a0Baleares.<\/p>\n<p class=\"ft-text\">Esto obliga a\u00a0<strong>retrasar la edad de emancipaci\u00f3n<\/strong>\u00a0varios a\u00f1os por encima de la media europea y a retrasar los planes de vida de los j\u00f3venes que se ven obligados a quedarse en casa de los padres, en el mejor de los casos, o a\u00a0<strong>compartir piso<\/strong>\u00a0hasta edades en la que generaciones anteriores ya ten\u00edan su trayectoria encaminada.<\/p>\n<p class=\"ft-text\">Incluso los\u00a0jubilados\u00a0se ven obligados a compartir piso con otras personas, una situaci\u00f3n que no hace tantos a\u00f1os era completamente irracional y que por culpa de la inflaci\u00f3n se ha convertido en una alternativa m\u00e1s.<\/p>\n<p>El Gordo de la Navidad, hoy un espejismo<\/p>\n<p class=\"ft-text\">Ahora que se acercan las fechas navide\u00f1as, el economista\u00a0<a class=\"ft-link ft-link--decoration\" href=\"https:\/\/www.informacion.es\/finanzas-personales\/2025\/11\/02\/nino-becerra-momento-vivienda-dejara-123276459.html\" rel=\"nofollow noopener\" target=\"_blank\"><strong>Santiago Ni\u00f1o Becerra<\/strong><\/a><strong>\u00a0<\/strong>ha aprovechado para hacer una comparaci\u00f3n con uno de los elementos m\u00e1s representativos de estas fechas, la\u00a0Loter\u00eda de Navidad, para evidenciar el encarecimiento descarnado del coste de vida en la actualidad.<\/p>\n<p class=\"ft-text\">\u00abEn euros actuales, el\u00a0<strong>premio gordo facultaba para comprarse dos casas en Madrid<\/strong>. Dos casas en Madrid, s\u00ed. Pero es que la cosa mejor\u00f3, porque en\u00a01920, con el premio gordo de la loter\u00eda, pod\u00edan comprarse\u00a0<strong>24 casas. 24, \u00bfeh? Cuidado, siempre en euros constantes, en valor actual<\/strong>\u00ab, revela el experto en econom\u00eda.<\/p>\n<p class=\"ft-text\">No obstante, la situaci\u00f3n fue de\u00a0<strong>capa ca\u00edda a partir de los 50<\/strong>, cuando se bajaron los premios m\u00e1s suculentos del sorteo: \u00abSe quiso reducir esos premios para\u00a0<strong>tener m\u00e1s ganancias<\/strong>\u00a0vendiendo los n\u00fameros, claro est\u00e1\u00bb, indica.<\/p>\n<p class=\"ft-text\">En la actualidad, con el premio que se obtiene de\u00a0<strong>400.000 euros por d\u00e9cimo<\/strong>, ya no da para comprar una casa en algunos de los lugares m\u00e1s poblados de Espa\u00f1a, aunque el problema no es de la reducci\u00f3n del cobro: \u00ab<strong>No te compras una casa ya. No, en alg\u00fan sitio puede que s\u00ed. Pero el problema no es de la loter\u00eda, es de Madrid, de Bilbao, de Barcelona, de Sevilla&#8230;<\/strong>\u00ab, asegura<a class=\"ft-link ft-link--decoration\" href=\"https:\/\/www.informacion.es\/finanzas-personales\/2025\/10\/25\/nino-becerra-tajante-situacion-economia-dv-123019552.html\" rel=\"nofollow noopener\" target=\"_blank\"> Ni\u00f1o Becerra<\/a>.<\/p>\n<p class=\"ft-text\">Por eso, el experimentado economista\u00a0<strong>defiende el modelo de un sorteo tan arraigado<\/strong>\u00a0a la sociedad espa\u00f1ola: \u00abLa loter\u00eda de Navidad tiene algo que, por las fechas, sirve para compartir con los amigos. Tiene alma. En el trabajo, en las empresas, se hacen n\u00fameros colectivos. Es decir,\u00a0<strong>tiene algo que une<\/strong>\u00ab, sentencia.<\/p>\n","protected":false},"excerpt":{"rendered":"Un coste de\u00a0acceso a la vivienda\u00a0por las nubes y unos\u00a0sueldos\u00a0por los suelos, son la combinaci\u00f3n perfecta para que\u00a0tener&hellip;\n","protected":false},"author":2,"featured_media":238762,"comment_status":"","ping_status":"","sticky":false,"template":"","format":"standard","meta":{"footnotes":""},"categories":[80],"tags":[210,52796,82,3738,4482,95,94,25,24,2731,6321,530,44330,205,2951,899,843,532,23],"class_list":{"0":"post-238761","1":"post","2":"type-post","3":"status-publish","4":"format-standard","5":"has-post-thumbnail","7":"category-economia","8":"tag-barcelona","9":"tag-becerra","10":"tag-business","11":"tag-casas","12":"tag-dv","13":"tag-economia","14":"tag-economy","15":"tag-es","16":"tag-espana","17":"tag-finanzas","18":"tag-gordo","19":"tag-loteria","20":"tag-loteria-de-navidad","21":"tag-madrid","22":"tag-navidad","23":"tag-nino","24":"tag-premio","25":"tag-premios","26":"tag-spain"},"share_on_mastodon":{"url":"","error":""},"_links":{"self":[{"href":"https:\/\/www.europesays.com\/es\/wp-json\/wp\/v2\/posts\/238761","targetHints":{"allow":["GET"]}}],"collection":[{"href":"https:\/\/www.europesays.com\/es\/wp-json\/wp\/v2\/posts"}],"about":[{"href":"https:\/\/www.europesays.com\/es\/wp-json\/wp\/v2\/types\/post"}],"author":[{"embeddable":true,"href":"https:\/\/www.europesays.com\/es\/wp-json\/wp\/v2\/users\/2"}],"replies":[{"embeddable":true,"href":"https:\/\/www.europesays.com\/es\/wp-json\/wp\/v2\/comments?post=238761"}],"version-history":[{"count":0,"href":"https:\/\/www.europesays.com\/es\/wp-json\/wp\/v2\/posts\/238761\/revisions"}],"wp:featuredmedia":[{"embeddable":true,"href":"https:\/\/www.europesays.com\/es\/wp-json\/wp\/v2\/media\/238762"}],"wp:attachment":[{"href":"https:\/\/www.europesays.com\/es\/wp-json\/wp\/v2\/media?parent=238761"}],"wp:term":[{"taxonomy":"category","embeddable":true,"href":"https:\/\/www.europesays.com\/es\/wp-json\/wp\/v2\/categories?post=238761"},{"taxonomy":"post_tag","embeddable":true,"href":"https:\/\/www.europesays.com\/es\/wp-json\/wp\/v2\/tags?post=238761"}],"curies":[{"name":"wp","href":"https:\/\/api.w.org\/{rel}","templated":true}]}}