{"id":238763,"date":"2025-11-16T08:49:07","date_gmt":"2025-11-16T08:49:07","guid":{"rendered":"https:\/\/www.europesays.com\/es\/238763\/"},"modified":"2025-11-16T08:49:07","modified_gmt":"2025-11-16T08:49:07","slug":"la-generacion-z-toma-las-calles-de-mexico-20-detenidos-y-mas-de-100-policias-heridos","status":"publish","type":"post","link":"https:\/\/www.europesays.com\/es\/238763\/","title":{"rendered":"La Generaci\u00f3n Z toma las calles de M\u00e9xico: 20 detenidos y m\u00e1s de 100 polic\u00edas heridos"},"content":{"rendered":"<p>La autodenominada <a href=\"https:\/\/es.euronews.com\/tag\/generacion-z\" rel=\"nofollow noopener\" target=\"_blank\"><strong>Generaci\u00f3n Z<\/strong><\/a> convoc\u00f3 este s\u00e1bado marchas simult\u00e1neas en <strong>52 ciudades de M\u00e9xico<\/strong> y en pa\u00edses como Estados Unidos, Canad\u00e1, Pa\u00edses Bajos y Alemania. Lo que comenz\u00f3 como una <strong>protesta pac\u00edfica en el \u00c1ngel de la Independencia<\/strong> termin\u00f3 con violentos enfrentamientos en la plaza m\u00e1s emblem\u00e1tica del pa\u00eds.<\/p>\n<p>El detonante del movimiento en M\u00e9xico fue el <strong>asesinato del alcalde de Uruapan, Carlos Manzo<\/strong>, el pasado 1 de noviembre. El mun\u00edcipe hab\u00eda pedido reiteradamente atenci\u00f3n del Gobierno Federal frente al crimen organizado que azota Michoac\u00e1n, pero su solicitud fue ignorada. Este crimen se convirti\u00f3 en el catalizador de la indignaci\u00f3n juvenil contra un sistema que consideran <strong>corrupto, violento y sordo<\/strong> a las demandas ciudadanas.<\/p>\n<p>La manifestaci\u00f3n congreg\u00f3 a <strong>miles de mexicanos de todas las edades<\/strong>: estudiantes, campesinos, miembros de partidos de oposici\u00f3n y ciudadanos hartos de la violencia. Seg\u00fan el secretario de Seguridad Ciudadana de la Ciudad de M\u00e9xico, Pablo V\u00e1zquez, la marcha dej\u00f3 un saldo de <strong>20 civiles heridos, m\u00e1s de 100 polic\u00edas heridos<\/strong> y una veintena de personas detenidas tras los enfrentamientos.<\/p>\n<p><strong>Del \u00c1ngel de la Independencia al caos en Palacio Nacional<\/strong><\/p>\n<p>El recorrido inici\u00f3 de manera pac\u00edfica, pero al llegar al <strong>Z\u00f3calo capitalino<\/strong>, un grupo identificado como <strong>&#8216;el bloque negro&#8217;<\/strong> se col\u00f3 entre los manifestantes y comenz\u00f3 a golpear con martillos y piedras las vallas que resguardaban el <strong>Palacio Nacional<\/strong>, sede del Poder Ejecutivo. Las vallas fueron derribadas, lo que provoc\u00f3 un enfrentamiento directo con la Polic\u00eda capitalina, que respondi\u00f3 con <strong>gases lacrim\u00f3genos y extintores<\/strong>.<\/p>\n<p>De los uniformados heridos, <strong>60 recibieron atenci\u00f3n en el sitio<\/strong> y 40 fueron trasladados a hospitales, cuatro de ellos con traumatismos que requieren atenci\u00f3n especializada, aunque ninguno est\u00e1 en riesgo de morir. Los 20 civiles heridos fueron atendidos por param\u00e9dicos en la zona.<\/p>\n<p>Las personas arrestadas fueron presentadas ante el <strong>Ministerio P\u00fablico<\/strong> por \u00abactos violentos\u00bb, mientras que otras 20 est\u00e1n siendo procesadas por faltas administrativas. Pablo V\u00e1zquez inform\u00f3 que las autoridades est\u00e1n trabajando en la <strong>identificaci\u00f3n de todas las personas que cometieron actos constitutivos de delito<\/strong> durante la manifestaci\u00f3n, en coordinaci\u00f3n con la Fiscal\u00eda General de Justicia de la Ciudad de M\u00e9xico.<\/p>\n<p>Desde Tabasco, la presidenta <a href=\"https:\/\/es.euronews.com\/2025\/11\/06\/claudia-sheinbaum-exige-tipificar-el-acoso-sexual-tras-sufrir-una-agresion-en-publico\" rel=\"nofollow noopener\" target=\"_blank\"><strong>Claudia Sheinbaum<\/strong><\/a> hizo un llamado para que las protestas contin\u00faen por <strong>\u00abla v\u00eda pac\u00edfica\u00bb<\/strong> y rechaz\u00f3 la violencia: \u00abNunca hay que utilizar la violencia para cambiar; siempre por la v\u00eda pac\u00edfica\u00bb, afirm\u00f3. Sin embargo, rest\u00f3 importancia al movimiento al asegurar que marcharon <strong>\u00abmuy pocos j\u00f3venes\u00bb<\/strong>, a pesar de las miles de personas que se congregaron.<\/p>\n<p><strong>\u00abNo somos de izquierda ni de derecha\u00bb: las 12 exigencias de un movimiento apartidista<\/strong><\/p>\n<p>La Generaci\u00f3n Z en M\u00e9xico se define como un <strong>movimiento c\u00edvico, realista y apartidista<\/strong>, nacido del hartazgo colectivo. Su eslogan lo deja claro: \u00abNo somos de izquierda ni de derecha, somos la generaci\u00f3n que se cans\u00f3 de agachar la cabeza\u00bb.<\/p>\n<p>El 14 de noviembre, previo a la marcha nacional, el colectivo difundi\u00f3 un <strong>pliego petitorio de 12 puntos<\/strong> bajo el lema \u00abPorque no estamos por ning\u00fan partido. Estamos por M\u00e9xico\u00bb. Entre las principales demandas destacan:<\/p>\n<ol>\n<li><strong>Mecanismo ciudadano de revocaci\u00f3n de mandato<\/strong> que pueda activarse por iniciativa ciudadana, totalmente separado de elecciones ordinarias y sin intervenci\u00f3n de partidos pol\u00edticos.<\/li>\n<li><strong>Elecci\u00f3n directa del sustituto<\/strong> en caso de revocaci\u00f3n, mediante votaci\u00f3n ciudadana extraordinaria.<\/li>\n<li><strong>Prohibici\u00f3n de injerencia partidista<\/strong> en procesos de revocaci\u00f3n y sustituci\u00f3n.<\/li>\n<li><strong>Fortalecimiento de instituciones aut\u00f3nomas<\/strong> con nombramientos mediante consejos ciudadanos independientes.<\/li>\n<li><strong>Justicia pronta y efectiva<\/strong> con reformas profundas al sistema judicial.<\/li>\n<li><strong>Combate a la corrupci\u00f3n<\/strong> mediante auditor\u00edas ciudadanas con acceso p\u00fablico a resultados.<\/li>\n<li><strong>Seguridad p\u00fablica y desmilitarizaci\u00f3n<\/strong>, fortaleciendo la seguridad local con auditor\u00edas ciudadanas.<\/li>\n<li><strong>Transparencia total<\/strong> en el uso de recursos p\u00fablicos.<\/li>\n<li><strong>Oportunidades laborales y educativas<\/strong> para j\u00f3venes.<\/li>\n<li><strong>Acceso a vivienda digna<\/strong> y combate a la gentrificaci\u00f3n.<\/li>\n<li><strong>Incorporaci\u00f3n de figuras con autoridad moral<\/strong> a consejos ciudadanos.<\/li>\n<li><strong>Consulta p\u00fablica para ampliar el pliego<\/strong> hasta un m\u00e1ximo de 15 demandas.<\/li>\n<\/ol>\n<p>Este movimiento no es exclusivo de M\u00e9xico. Las <strong>protestas de la Generaci\u00f3n Z<\/strong> son un fen\u00f3meno global que ha irrumpido en pa\u00edses como Nepal, Mongolia, Togo, <a href=\"https:\/\/es.euronews.com\/2025\/10\/14\/el-presidente-de-madagascar-huye-del-pais-tras-unirse-una-unidad-militar-a-las-protestas-a\" rel=\"nofollow noopener\" target=\"_blank\">Madagascar<\/a>, Marruecos, Paraguay, Per\u00fa, Bangladesh e Indonesia. Los j\u00f3venes, <strong>nativos digitales con fuerte responsabilidad social<\/strong>, utilizan plataformas como TikTok, Instagram y X para organizarse, prescindiendo de la difusi\u00f3n medi\u00e1tica tradicional.<\/p>\n<p>Las causas son transversales: <strong>insatisfacci\u00f3n con los Gobiernos, crisis econ\u00f3mica, deterioro del nivel de vida, corrupci\u00f3n y falta de oportunidades<\/strong>. En algunos casos, como en Nepal, las movilizaciones han logrado derrocar Gobiernos. En M\u00e9xico, el movimiento busca un <strong>cambio de paradigma<\/strong> en la forma de gobernar.<\/p>\n","protected":false},"excerpt":{"rendered":"La autodenominada Generaci\u00f3n Z convoc\u00f3 este s\u00e1bado marchas simult\u00e1neas en 52 ciudades de M\u00e9xico y en pa\u00edses como&hellip;\n","protected":false},"author":2,"featured_media":238764,"comment_status":"","ping_status":"","sticky":false,"template":"","format":"standard","meta":{"footnotes":""},"categories":[42],"tags":[17,18,13,14,44454,11,61,62,63,64,6850,19,20,5087,1906,9,10,15,16,2315,12,21,22,65,66,67],"class_list":{"0":"post-238763","1":"post","2":"type-post","3":"status-publish","4":"format-standard","5":"has-post-thumbnail","7":"category-internacional","8":"tag-breaking-news","9":"tag-breakingnews","10":"tag-featured-news","11":"tag-featurednews","12":"tag-generacion-z","13":"tag-headlines","14":"tag-internacional","15":"tag-international","16":"tag-international-news","17":"tag-internationalnews","18":"tag-juventud","19":"tag-latest-news","20":"tag-latestnews","21":"tag-manifestacion","22":"tag-mexico","23":"tag-news","24":"tag-noticias","25":"tag-noticias-destacadas","26":"tag-noticiasdestacadas","27":"tag-protestas","28":"tag-titulares","29":"tag-ultimas-noticias","30":"tag-ultimasnoticias","31":"tag-world","32":"tag-world-news","33":"tag-worldnews"},"share_on_mastodon":{"url":"https:\/\/pubeurope.com\/@es\/115558518898931975","error":""},"_links":{"self":[{"href":"https:\/\/www.europesays.com\/es\/wp-json\/wp\/v2\/posts\/238763","targetHints":{"allow":["GET"]}}],"collection":[{"href":"https:\/\/www.europesays.com\/es\/wp-json\/wp\/v2\/posts"}],"about":[{"href":"https:\/\/www.europesays.com\/es\/wp-json\/wp\/v2\/types\/post"}],"author":[{"embeddable":true,"href":"https:\/\/www.europesays.com\/es\/wp-json\/wp\/v2\/users\/2"}],"replies":[{"embeddable":true,"href":"https:\/\/www.europesays.com\/es\/wp-json\/wp\/v2\/comments?post=238763"}],"version-history":[{"count":0,"href":"https:\/\/www.europesays.com\/es\/wp-json\/wp\/v2\/posts\/238763\/revisions"}],"wp:featuredmedia":[{"embeddable":true,"href":"https:\/\/www.europesays.com\/es\/wp-json\/wp\/v2\/media\/238764"}],"wp:attachment":[{"href":"https:\/\/www.europesays.com\/es\/wp-json\/wp\/v2\/media?parent=238763"}],"wp:term":[{"taxonomy":"category","embeddable":true,"href":"https:\/\/www.europesays.com\/es\/wp-json\/wp\/v2\/categories?post=238763"},{"taxonomy":"post_tag","embeddable":true,"href":"https:\/\/www.europesays.com\/es\/wp-json\/wp\/v2\/tags?post=238763"}],"curies":[{"name":"wp","href":"https:\/\/api.w.org\/{rel}","templated":true}]}}