{"id":238768,"date":"2025-11-16T08:56:07","date_gmt":"2025-11-16T08:56:07","guid":{"rendered":"https:\/\/www.europesays.com\/es\/238768\/"},"modified":"2025-11-16T08:56:07","modified_gmt":"2025-11-16T08:56:07","slug":"a-que-hora-es-el-sinner-alcaraz-canal-tv-horario-donde-y-como-ver-la-final-de-las-atp-finals-hoy-online","status":"publish","type":"post","link":"https:\/\/www.europesays.com\/es\/238768\/","title":{"rendered":"\u00bfA qu\u00e9 hora es el Sinner &#8211; Alcaraz? Canal TV, horario, d\u00f3nde y c\u00f3mo ver la final de las ATP Finals hoy online"},"content":{"rendered":"<p class=\"\"><a href=\"https:\/\/as.com\/noticias\/jannik-sinner\/\" target=\"_self\" rel=\"nofollow noopener\" title=\"https:\/\/as.com\/noticias\/jannik-sinner\/\">Jannik Sinner<\/a> y <a href=\"https:\/\/as.com\/noticias\/carlos-alcaraz-garfia\/\" target=\"_self\" rel=\"nofollow noopener\" title=\"https:\/\/as.com\/noticias\/carlos-alcaraz-garfia\/\">Carlos Alcaraz<\/a> luchar\u00e1n este domingo en el Inalpi Arena <b>por convertirse el Gran Maestro del tenis mundial este a\u00f1o<\/b>. Ser\u00e1 la s\u00e9ptima y \u00faltima vez que se vean las caras en la presente temporada, ya que <a href=\"https:\/\/as.com\/tenis\/copa_davis\/sinner-desvela-la-razon-de-su-ausencia-en-la-copa-davis-italia-merece-mucho-mas-f202511-n\/\" target=\"_self\" rel=\"nofollow noopener\" title=\"https:\/\/as.com\/tenis\/copa_davis\/sinner-desvela-la-razon-de-su-ausencia-en-la-copa-davis-italia-merece-mucho-mas-f202511-n\/\">la repentina baja del de San C\u00e1ndido en la Copa Davis<\/a> <b>har\u00e1 imposible que puedan medirse en las Finales a ocho de Bolonia<\/b>.<\/p>\n<p class=\"\">El cara a cara hist\u00f3rico (10-5) y de este 2025 <b>es favorable a Alcaraz<\/b>. El palmare\u00f1o <b>solo ha perdido ante su m\u00e1ximo rival en dos ocasiones a lo largo del curso<\/b>: en las finales de Wimbledon y del Six Kings Slam (esta \u00faltima no reconocida como competici\u00f3n oficial, sino como una exhibici\u00f3n). Por contra, le ha ganado <b>en las finales de los Masters 1.000 de Roma y Cincinnati, y en las del US Open y Roland Garros<\/b>. Adem\u00e1s, llegar\u00e1 a la cita <a href=\"https:\/\/as.com\/tenis\/final_atp\/alcaraz-lider-del-mundo-f202511-n\/\" target=\"_self\" rel=\"nofollow noopener\" title=\"https:\/\/as.com\/tenis\/final_atp\/alcaraz-lider-del-mundo-f202511-n\/\">con la tranquilidad de haberse proclamado n\u00famero uno del mundo<\/a> en estas <a href=\"https:\/\/as.com\/tenis\/final_atp\/\" target=\"_self\" rel=\"nofollow noopener\" title=\"https:\/\/as.com\/tenis\/final_atp\/\">ATP Finals<\/a>. Eso s\u00ed, tendr\u00e1 <b>el gran reto de vencer al actual defensor del t\u00edtulo<\/b> <a href=\"https:\/\/as.com\/tenis\/final_atp\/sinner-gobierna-el-tenis-con-su-titulo-en-las-atp-finals-n\/\" target=\"_self\" rel=\"nofollow noopener\" title=\"https:\/\/as.com\/tenis\/final_atp\/sinner-gobierna-el-tenis-con-su-titulo-en-las-atp-finals-n\/\">(Sinner le gan\u00f3 a Fritz la final del a\u00f1o pasado)<\/a>.<\/p>\n<p>Horarios: \u00bfCu\u00e1ndo es la final Sinner &#8211; Alcaraz de las ATP Finals?<\/p>\n<p class=\"\">La final de las ATP Finals entre Jannik Sinner y Carlos Alcaraz <b>tendr\u00e1 lugar este domingo 16 de noviembre no antes de las 18:00<\/b> (hora peninsular espa\u00f1ola). El partido, que <b>empezar\u00e1 una vez termine la final del dobles masculino<\/b>, se disputar\u00e1 en la pista del <b>Inalpi Arena<\/b> de Tur\u00edn.<\/p>\n<p>Televisi\u00f3n: \u00bfC\u00f3mo ver la final Sinner &#8211; Alcaraz de las ATP Finals por televisi\u00f3n?<\/p>\n<p class=\"\">La final de las ATP Finals entre Jannik Sinner y Carlos Alcaraz de este domingo 16 de noviembre <b>se podr\u00e1 ver en directo por televisi\u00f3n a trav\u00e9s de<\/b> <b>Movistar+<\/b>, la plataforma que cuenta con los derechos de retransmisi\u00f3n del torneo en Espa\u00f1a. En concreto, el partido se emitir\u00e1 por el canal <b>Movistar Plus+ (dial 7)<\/b>, con la narraci\u00f3n y los comentarios de <b>Jos\u00e9 Antonio Mielgo<\/b>, <b>\u00c1lex Corretja <\/b>y <b>Feliciano L\u00f3pez.<\/b><\/p>\n<p>Internet: \u00bfD\u00f3nde seguir la final Sinner -Alcaraz de las ATP Finals?<\/p>\n<p class=\"\">En <b>As.com <\/b>tambi\u00e9n se ofrecer\u00e1 una <b>amplia cobertura <\/b>de la final de las ATP Finals entre <b>Jannik Sinner <\/b>y <b>Carlos Alcaraz<\/b>. Con nosotros, tendr\u00e1s la narraci\u00f3n <b>punto a punto <\/b>del partido, con im\u00e1genes, v\u00eddeos, <b>la posibilidad de preguntar a nuestros especialistas<\/b>, estad\u00edsticas y todo tipo de informaci\u00f3n al instante. Todo ello, en conexi\u00f3n con nuestro <b>enviado especial <\/b>a Tur\u00edn, <b>Nacho Albarr\u00e1n<\/b>.<\/p>\n<p>Noticias relacionadas<\/p>\n<p class=\"\"><b>\u00a1Tus opiniones importan! <\/b>Comenta en los art\u00edculos y suscr\u00edbete gratis a nuestra <a href=\"https:\/\/asfan.as.com\/newsletters\/\" rel=\"nofollow noopener\" title=\"https:\/\/asfan.as.com\/newsletters\/\" target=\"_blank\">newsletter<\/a> y a las alertas informativas en la <a href=\"https:\/\/as.com\/aplicacion-de-as-n\/\" rel=\"nofollow noopener\" title=\"https:\/\/as.com\/aplicacion-de-as-n\/\" target=\"_blank\">App<\/a> o el canal de <a href=\"https:\/\/www.whatsapp.com\/channel\/0029VaAasdA7j6g745nz9M10\" rel=\"nofollow noopener\" title=\"https:\/\/www.whatsapp.com\/channel\/0029VaAasdA7j6g745nz9M10\" target=\"_blank\">WhatsApp<\/a>.<\/p>\n<p class=\"\">\u00bfBuscas licenciar contenido? Haz clic <a href=\"https:\/\/profesional.elpais.com\/soluciones-sindicacion?utm_medium=interno&amp;utm_source=crosslinking&amp;utm_campaign=sindicacion_as_pie_articulos\" rel=\"nofollow noopener\" title=\"https:\/\/profesional.elpais.com\/soluciones-sindicacion?utm_medium=interno&amp;utm_source=crosslinking&amp;utm_campaign=sindicacion_as_pie_articulos\" target=\"_blank\">aqu\u00ed<\/a><\/p>\n","protected":false},"excerpt":{"rendered":"Jannik Sinner y Carlos Alcaraz luchar\u00e1n este domingo en el Inalpi Arena por convertirse el Gran Maestro del&hellip;\n","protected":false},"author":2,"featured_media":238769,"comment_status":"","ping_status":"","sticky":false,"template":"","format":"standard","meta":{"footnotes":""},"categories":[274],"tags":[168,25,24,23,167,327,326],"class_list":{"0":"post-238768","1":"post","2":"type-post","3":"status-publish","4":"format-standard","5":"has-post-thumbnail","7":"category-tenis","8":"tag-deportes","9":"tag-es","10":"tag-espana","11":"tag-spain","12":"tag-sports","13":"tag-tenis","14":"tag-tennis"},"share_on_mastodon":{"url":"https:\/\/pubeurope.com\/@es\/115558546325527769","error":""},"_links":{"self":[{"href":"https:\/\/www.europesays.com\/es\/wp-json\/wp\/v2\/posts\/238768","targetHints":{"allow":["GET"]}}],"collection":[{"href":"https:\/\/www.europesays.com\/es\/wp-json\/wp\/v2\/posts"}],"about":[{"href":"https:\/\/www.europesays.com\/es\/wp-json\/wp\/v2\/types\/post"}],"author":[{"embeddable":true,"href":"https:\/\/www.europesays.com\/es\/wp-json\/wp\/v2\/users\/2"}],"replies":[{"embeddable":true,"href":"https:\/\/www.europesays.com\/es\/wp-json\/wp\/v2\/comments?post=238768"}],"version-history":[{"count":0,"href":"https:\/\/www.europesays.com\/es\/wp-json\/wp\/v2\/posts\/238768\/revisions"}],"wp:featuredmedia":[{"embeddable":true,"href":"https:\/\/www.europesays.com\/es\/wp-json\/wp\/v2\/media\/238769"}],"wp:attachment":[{"href":"https:\/\/www.europesays.com\/es\/wp-json\/wp\/v2\/media?parent=238768"}],"wp:term":[{"taxonomy":"category","embeddable":true,"href":"https:\/\/www.europesays.com\/es\/wp-json\/wp\/v2\/categories?post=238768"},{"taxonomy":"post_tag","embeddable":true,"href":"https:\/\/www.europesays.com\/es\/wp-json\/wp\/v2\/tags?post=238768"}],"curies":[{"name":"wp","href":"https:\/\/api.w.org\/{rel}","templated":true}]}}