{"id":238774,"date":"2025-11-16T09:01:21","date_gmt":"2025-11-16T09:01:21","guid":{"rendered":"https:\/\/www.europesays.com\/es\/238774\/"},"modified":"2025-11-16T09:01:21","modified_gmt":"2025-11-16T09:01:21","slug":"quien-es-vanessa-pulgarin-la-senorita-colombia-que-se-gana-las-miradas-en-miss-universo-2025-en-tailandia","status":"publish","type":"post","link":"https:\/\/www.europesays.com\/es\/238774\/","title":{"rendered":"\u00bfQui\u00e9n es Vanessa Pulgar\u00edn, la Se\u00f1orita Colombia que se gana las miradas en Miss Universo 2025 en Tailandia?"},"content":{"rendered":"<p><b>Vanessa Pulgar\u00edn Monsalve<\/b>, modelo, comunicadora en formaci\u00f3n y l\u00edder social, ser\u00e1 la encargada de llevar la banda del pa\u00eds al <b>Miss Universe 2025<\/b>, certamen internacional que se realizar\u00e1 en <b>Tailandia<\/b>.\u00a0<\/p>\n<p>La antioque\u00f1a, nacida el 13 de septiembre de 1991 en <b>Medell\u00edn<\/b>, llega al m\u00e1ximo escenario de la belleza con una carrera s\u00f3lida en reinados, experiencia internacional y un enfoque marcado por el bienestar y el impacto social.<\/p>\n<p class=\"c-leatambien__titulo\"> LEA TAMBI\u00c9N <\/p>\n<p><img decoding=\"async\" alt=\"a\" width=\"120\" height=\"120\" loading=\"lazy\" src=\"https:\/\/imagenes2.eltiempo.com\/files\/image_120_120\/files\/fp\/uploads\/2025\/11\/06\/690ccc836ddee.r_d.1332-155.png\" data-full-src=\"https:\/\/www.europesays.com\/es\/wp-content\/uploads\/2025\/11\/690ccc836ddee.png\"\/>Una vida entre el modelaje, la comunicaci\u00f3n y el liderazgo<\/p>\n<p>Criada en una familia paisa tradicional,<b> Pulgar\u00edn creci\u00f3 entre Medell\u00edn y municipios cercanos<\/b>, en un entorno que \u2014como ha dicho\u2014 le inculc\u00f3 disciplina, cercan\u00eda con la comunidad y sentido de responsabilidad social.\u00a0<\/p>\n<p class=\"c-cuerpo__media__txt\">Vanessa Pulgarin. Foto:@missuniverse<\/p>\n<p>Actualmente cursa <b>Comunicaci\u00f3n Social y Periodismo en la Universidad Pontificia Bolivariana<\/b>, estudios que le han permitido profundizar en el poder de la palabra y la influencia positiva desde los medios.<\/p>\n<p>M\u00e1s all\u00e1 de las pasarelas, ha trabajado en proyectos relacionados con<b> educaci\u00f3n, deporte y salud emocional<\/b>, causas que pretende potenciar durante su a\u00f1o de reinado y en la plataforma global de Miss Universo.<\/p>\n<p class=\"c-leatambien__titulo\"> LEA TAMBI\u00c9N <\/p>\n<p><img decoding=\"async\" alt=\"Miss Universo Tailandia.\" width=\"120\" height=\"120\" loading=\"lazy\" src=\"https:\/\/imagenes2.eltiempo.com\/files\/image_120_120\/files\/fp\/uploads\/2025\/11\/13\/69166b6819726.r_d.922-166.png\" data-full-src=\"https:\/\/www.europesays.com\/es\/wp-content\/uploads\/2025\/11\/69166b6819726.png\"\/>Trayectoria en reinados: una candidata con experiencia<\/p>\n<p>Su camino en los concursos de belleza viene de lejos. En 2016 fue elegida Se\u00f1orita Antioquia, lo que le abri\u00f3 la puerta para competir en el <b>Concurso Nacional de Belleza 2017,<\/b> donde obtuvo el t\u00edtulo de Virreina Nacional. Posteriormente represent\u00f3 a Colombia en Miss International 2017 en Tokio, un certamen que le dio visibilidad y entrenamiento en escenarios internacionales.<\/p>\n<p class=\"c-cuerpo__media__txt\">Vanessa Pulgarin. Foto:@missuniverse<\/p>\n<p>En el mundo del modelaje<b> ha sido imagen de marcas nacionales e internacionales, <\/b>y se ha destacado por promover un estilo de vida saludable, basado en el deporte, el entrenamiento funcional y el yoga.<\/p>\n<p class=\"c-leatambien__titulo\"> LEA TAMBI\u00c9N <\/p>\n<p><img decoding=\"async\" alt=\"\u00bfEst\u00e1 Colombia? Qui\u00e9nes son las favoritas para ganar Miss Universo 2025, seg\u00fan la inteligencia artificial\" width=\"120\" height=\"120\" loading=\"lazy\" src=\"https:\/\/imagenes2.eltiempo.com\/files\/image_120_120\/uploads\/2025\/10\/29\/69021d07a8a24.png\" data-full-src=\"https:\/\/www.europesays.com\/es\/wp-content\/uploads\/2025\/11\/69021d07a8a24.png\"\/>Su mensaje en Miss Universe Colombia: influencia con prop\u00f3sito<\/p>\n<p>La noche de su coronaci\u00f3n como Miss Universe Colombia en septiembre del a\u00f1os pasado\u00a0<b>marc\u00f3 el regreso de Antioquia al concurso.<\/b> En el certamen nacional, enfocado en competencias de comunicaci\u00f3n, liderazgo y desempe\u00f1o esc\u00e9nico, evalu\u00f3 m\u00e1s que la pasarela. <b>Pulgar\u00edn brill\u00f3 en la ronda de preguntas, donde habl\u00f3 sobre la diferencia entre viralidad e influencia.<\/b><\/p>\n<p class=\"c-cuerpo__media__txt\">Vanessa Pulgarin, de 34 a\u00f1os, fue coronada Miss Colombia el 28 de septiembre de 2024 Foto:Redes sociales.<\/p>\n<p>\u201c<b>Lo m\u00e1s importante es usar nuestra visibilidad para inspirar. A trav\u00e9s del deporte y un estilo de vida saludable quiero transmitir amor, conciencia y prop\u00f3sito. Somos m\u00e1s que entretenimiento: podemos ayudar a transformar<\/b>\u201d, dijo en su respuesta.<\/p>\n<p>Pulgar\u00edn asegura que su objetivo es demostrar una versi\u00f3n integral de la belleza: \u201cla que impulsa, inspira y sirve\u201d.<\/p>\n<p>Este art\u00edculo fue desarrollado con apoyo de una inteligencia artificial y con la revisi\u00f3n de un periodista de EL TIEMPO.<\/p>\n","protected":false},"excerpt":{"rendered":"Vanessa Pulgar\u00edn Monsalve, modelo, comunicadora en formaci\u00f3n y l\u00edder social, ser\u00e1 la encargada de llevar la banda del&hellip;\n","protected":false},"author":2,"featured_media":238775,"comment_status":"","ping_status":"","sticky":false,"template":"","format":"standard","meta":{"footnotes":""},"categories":[174],"tags":[255,146,147,25,24,256,1783,61664,10747,23,61663],"class_list":{"0":"post-238774","1":"post","2":"type-post","3":"status-publish","4":"format-standard","5":"has-post-thumbnail","7":"category-famosos","8":"tag-celebrities","9":"tag-entertainment","10":"tag-entretenimiento","11":"tag-es","12":"tag-espana","13":"tag-famosos","14":"tag-la","15":"tag-pulgarin","16":"tag-quien","17":"tag-spain","18":"tag-vanessa"},"share_on_mastodon":{"url":"https:\/\/pubeurope.com\/@es\/115558566250755652","error":""},"_links":{"self":[{"href":"https:\/\/www.europesays.com\/es\/wp-json\/wp\/v2\/posts\/238774","targetHints":{"allow":["GET"]}}],"collection":[{"href":"https:\/\/www.europesays.com\/es\/wp-json\/wp\/v2\/posts"}],"about":[{"href":"https:\/\/www.europesays.com\/es\/wp-json\/wp\/v2\/types\/post"}],"author":[{"embeddable":true,"href":"https:\/\/www.europesays.com\/es\/wp-json\/wp\/v2\/users\/2"}],"replies":[{"embeddable":true,"href":"https:\/\/www.europesays.com\/es\/wp-json\/wp\/v2\/comments?post=238774"}],"version-history":[{"count":0,"href":"https:\/\/www.europesays.com\/es\/wp-json\/wp\/v2\/posts\/238774\/revisions"}],"wp:featuredmedia":[{"embeddable":true,"href":"https:\/\/www.europesays.com\/es\/wp-json\/wp\/v2\/media\/238775"}],"wp:attachment":[{"href":"https:\/\/www.europesays.com\/es\/wp-json\/wp\/v2\/media?parent=238774"}],"wp:term":[{"taxonomy":"category","embeddable":true,"href":"https:\/\/www.europesays.com\/es\/wp-json\/wp\/v2\/categories?post=238774"},{"taxonomy":"post_tag","embeddable":true,"href":"https:\/\/www.europesays.com\/es\/wp-json\/wp\/v2\/tags?post=238774"}],"curies":[{"name":"wp","href":"https:\/\/api.w.org\/{rel}","templated":true}]}}