{"id":238794,"date":"2025-11-16T09:12:16","date_gmt":"2025-11-16T09:12:16","guid":{"rendered":"https:\/\/www.europesays.com\/es\/238794\/"},"modified":"2025-11-16T09:12:16","modified_gmt":"2025-11-16T09:12:16","slug":"si-no-fuera-por-mi-trump-choca-con-legisladores-y-con-ganaderos-de-eeuu-por-el-aumento-de-la-cuota-de-carne-argentina","status":"publish","type":"post","link":"https:\/\/www.europesays.com\/es\/238794\/","title":{"rendered":"\u201cSi no fuera por m\u00ed &#8230;\u201d: Trump choca con legisladores y con ganaderos de EEUU por el aumento de la cuota de carne argentina"},"content":{"rendered":"<p><img alt=\"(Reuters)\" class=\"global-image\" decoding=\"async\" fetchpriority=\"high\" height=\"1440\" loading=\"eager\" src=\"https:\/\/www.europesays.com\/es\/wp-content\/uploads\/2025\/11\/ZNCIYPBJ7VEOTJOTFZEDF5NUMA.jpg\" width=\"1920\"\/>(Reuters)<\/p>\n<p class=\"paragraph\">La decisi\u00f3n del gobierno de Estados Unidos de aumentar 20.000 a 80.000 toneladas anuales la cuota de carne argentina con arancel m\u00ednimo (que ahora pasar\u00e1 a cero) gener\u00f3 una ola de protestas de sectores ganaderos y legisladores de EEUU. <\/p>\n<p class=\"paragraph\">En un contexto de aumento persistente de los alimentos y en particular de la carne vacuna, la medida puso en primer plano la resistencia de los rancheros y de los pol\u00edticos dem\u00f3cratas al aumento de la cuota argentina.<\/p>\n<p class=\"paragraph\">En los \u00faltimos meses, los precios de la carne en Estados Unidos alcanzaron niveles in\u00e9ditos y generaron fuerte presi\u00f3n pol\u00edtica. Ante las dificultades para contener la suba y luego de evaluar alternativas para aumentar la oferta interna, el gobierno de Trump opt\u00f3 por aprobar el aumento de la cuota de importaci\u00f3n de carne desde Argentina y, esta semana, anunciar la eliminaci\u00f3n del 10% de arancel que aplicaba a cuotas de pa\u00edses como la Argentina, que adem\u00e1s se cuadruplicar\u00e1, de 20.000 a 80.000 toneladas. <\/p>\n<p class=\"paragraph\">La nueva cuota, que a\u00fan no se precis\u00f3 cu\u00e1ndo y c\u00f3mo entrar\u00e1 en vigencia, equivale a apenas el 0,6% del consumo anual de carne vacuna de EEUU (unos 12 millones de toneladas) y a 4% de su importaci\u00f3n (unos dos millones de toneladas), pero reaviv\u00f3 las protestas del lobby ganadero, que tuvo eco en la carta que 50 legisladores enviaron a la secretaria de Agricultura, <b>Brooke Rollins<\/b>, y al Representante Comercial de EEUU, <b>Jamieson Greer<\/b>, adjudicando al mero anuncio del aumento de la cuota para la Argentina haber creado \u201ccaos\u201d en el mercado interno debido a la decisi\u00f3n de Trump de ayudar a la Argentina y calificando al presidente <b>Javier Milie <\/b>de \u201cl\u00edder extremista\u201d. <\/p>\n<p><img alt=\"La primera carilla y algunas\" class=\"global-image\" decoding=\"async\" fetchpriority=\"low\" height=\"1080\" loading=\"lazy\" src=\"https:\/\/www.europesays.com\/es\/wp-content\/uploads\/2025\/11\/HQADUE5ARRHK5CPCUG5MWQCAFA.jpg\" width=\"1920\"\/>La primera carilla y algunas de las firmas de la carta de 50 legisladores a la secretaria de Agricultura y al representante comercial de EEUU quej\u00e1ndose del aumento de la cuota argentina<\/p>\n<p class=\"paragraph\">Las asociaciones de ganaderos de varias regiones argumentaron que la creciente presencia de carne importada amenaza la rentabilidad de los productores nacionales y compromete la sustentabilidad de explotaciones familiares. \u201cEl ingreso adicional de carne extranjera fuerza a los peque\u00f1os ganaderos a reducir precios mientras sus costos siguen subiendo. Esto pone en riesgo a una parte esencial de nuestras comunidades rurales\u201d, afirmaron voceros de National Cattlemen\u2019s Beef Association (NCBA).<\/p>\n<p class=\"paragraph\">La carta a Rollins y Greer, encabezada por <b>Shontel Brown<\/b>, una legisladora dem\u00f3crata de Ohio, y <b>Jim Costa<\/b>, dem\u00f3crata de California, fue firmada por otros 48 legisladores, con abrumadora mayor\u00eda dem\u00f3crata y de estados ganaderos.<\/p>\n<p class=\"paragraph\">El texto dice que el intento de Trump de reducir el precio de la carne aumentando las compras a la Argentina \u201cdesestabiliz\u00f3 el mercado ganadero\u201d y gener\u00f3 gran volatilidad en los mercados de futuros. \u201cEsta volatilidad puede no preocupar a los billonarios que el presidente prioriza, pero tiene efectos reales para los ganaderos que env\u00edan sus animales al mercado\u201d, dice un pasaje de la carta. <\/p>\n<p class=\"paragraph\">Aunque adjudica al anunciado aumento de la cuota argentina grandes efectos, otro tramo de la misiva de los legisladores destaca que la Argentina es actualmente el octavo proveedor extranjero de carne vacuna a EEUU y que con el aumento de cuota pasar\u00e1 a ser el sexto. \u201cEl argumento del gobierno de que esto reducir\u00e1 el precio de la carne es err\u00f3neo, las importaciones proveen apenas 18% del consumo interno y la Argentina es una porci\u00f3n peque\u00f1a de eso. Lo \u00fanico que esto ha logrado es introducir incertidumbre en el mercado y costarle dinero a los ganaderos norteamericanos\u201d.<\/p>\n<p class=\"paragraph\">La carta termina instando a la Casa Blanca \u201ca no apoyar gobiernos extranjeros contra los ganaderos norteamericanos y asegurar que la pol\u00edtica agraria no consista en c\u00e1lculos pol\u00edticos cortoplacistas\u201d. <\/p>\n<p><img alt=\"\" class=\"global-image\" decoding=\"async\" fetchpriority=\"low\" height=\"488\" loading=\"lazy\" src=\"https:\/\/www.europesays.com\/es\/wp-content\/uploads\/2025\/11\/IVL7RY72LRGFLDTXBYUDLXXODA.jpg\" width=\"802\"\/><\/p>\n<p class=\"paragraph\">En respuesta a las cr\u00edticas, Trump hizo un posteo en su propia red social y enrostr\u00f3 a los ganaderos haberse beneficiado de las tarifas que impuso a las importaciones de carne brasile\u00f1a. \u201cSi no fuera por m\u00ed, estar\u00edan como han estado en los \u00faltimos 20 a\u00f1os, terriblemente. Ser\u00eda bueno que lo entiendan: tambi\u00e9n tienen que reducir sus precios, porque pienso que los consumidores tambi\u00e9n son importantes\u201d, escribi\u00f3. <\/p>\n<p class=\"paragraph\">El jefe de la Casa Blanca tambi\u00e9n orden\u00f3 al Departamento de Justicia iniciar una investigaci\u00f3n criminal por posible colusi\u00f3n de precios a las cuatro principales cadenas de frigor\u00edficos (Tyson Foods, JBS USA, Cargill y National Beef), que explican entre 80 y 85% de la oferta c\u00e1rnica total. <\/p>\n<p class=\"paragraph\">Como muestra el gr\u00e1fico de abajo sobre el precio de la carne (en d\u00f3lares por libra, 453,6 gramos), publicado por la Fed de Saint Louis, desde que asumi\u00f3 Trump, en enero pasado, el precio aument\u00f3 sostenidamente. Ganaderos y analistas lo atribuyen a factores estructurales, como el hecho de que el rodeo vacuno norteamericano est\u00e1 en los niveles m\u00e1s bajos desde la d\u00e9cada del cincuenta del siglo XX, hace m\u00e1s de 70 a\u00f1os. <\/p>\n<p><img alt=\"\" class=\"global-image\" decoding=\"async\" fetchpriority=\"low\" height=\"482\" loading=\"lazy\" src=\"https:\/\/www.europesays.com\/es\/wp-content\/uploads\/2025\/11\/KSPKUSYV4VGXHAH7MO3YZZ6TFU.png\" width=\"1321\"\/><\/p>\n<p class=\"paragraph\">La cuesti\u00f3n del precio y de un aumento de la cuota de carne argentina gan\u00f3 peso y visibilidad en los debates p\u00fablicos con protestas de agrupaciones rurales en reclamo de medidas compensatorias y rechazo a una mayor apertura a la importaci\u00f3n. Hubo movilizaciones en estados como Texas, Nebraska y Dakota del Sur, que concentran una parte clave de la producci\u00f3n c\u00e1rnica de EEUU.<\/p>\n<p class=\"paragraph\">Adem\u00e1s, destac\u00f3 el diario brit\u00e1nico Financial Times en una extensa cobertura sobre el precio de los alimentos, la presi\u00f3n pol\u00edtica llev\u00f3 a varios diputados y senadores a pedir audiencias con funcionarios del Departamento de Agricultura (USDA) y de la Oficina del Representante Comercial de los Estados Unidos (USTR), para recolectar informaci\u00f3n sobre las condiciones acordadas con el gobierno de Milei y explorar alternativas para limitar el ingreso de carne desde la Argentina. <\/p>\n<p class=\"paragraph\">El gobierno de Trump defiende la medida como un recurso para estabilizar los precios internos frente a una coyuntura inflacionaria y asegura que la apertura se har\u00e1 \u201cbajo estricta supervisi\u00f3n sanitaria\u201d. <\/p>\n","protected":false},"excerpt":{"rendered":"(Reuters) La decisi\u00f3n del gobierno de Estados Unidos de aumentar 20.000 a 80.000 toneladas anuales la cuota de&hellip;\n","protected":false},"author":2,"featured_media":238795,"comment_status":"","ping_status":"","sticky":false,"template":"","format":"standard","meta":{"footnotes":""},"categories":[42],"tags":[17,18,13,14,11,61,62,63,64,19,20,9,10,15,16,12,21,22,65,66,67],"class_list":{"0":"post-238794","1":"post","2":"type-post","3":"status-publish","4":"format-standard","5":"has-post-thumbnail","7":"category-internacional","8":"tag-breaking-news","9":"tag-breakingnews","10":"tag-featured-news","11":"tag-featurednews","12":"tag-headlines","13":"tag-internacional","14":"tag-international","15":"tag-international-news","16":"tag-internationalnews","17":"tag-latest-news","18":"tag-latestnews","19":"tag-news","20":"tag-noticias","21":"tag-noticias-destacadas","22":"tag-noticiasdestacadas","23":"tag-titulares","24":"tag-ultimas-noticias","25":"tag-ultimasnoticias","26":"tag-world","27":"tag-world-news","28":"tag-worldnews"},"share_on_mastodon":{"url":"https:\/\/pubeurope.com\/@es\/115558609720994604","error":""},"_links":{"self":[{"href":"https:\/\/www.europesays.com\/es\/wp-json\/wp\/v2\/posts\/238794","targetHints":{"allow":["GET"]}}],"collection":[{"href":"https:\/\/www.europesays.com\/es\/wp-json\/wp\/v2\/posts"}],"about":[{"href":"https:\/\/www.europesays.com\/es\/wp-json\/wp\/v2\/types\/post"}],"author":[{"embeddable":true,"href":"https:\/\/www.europesays.com\/es\/wp-json\/wp\/v2\/users\/2"}],"replies":[{"embeddable":true,"href":"https:\/\/www.europesays.com\/es\/wp-json\/wp\/v2\/comments?post=238794"}],"version-history":[{"count":0,"href":"https:\/\/www.europesays.com\/es\/wp-json\/wp\/v2\/posts\/238794\/revisions"}],"wp:featuredmedia":[{"embeddable":true,"href":"https:\/\/www.europesays.com\/es\/wp-json\/wp\/v2\/media\/238795"}],"wp:attachment":[{"href":"https:\/\/www.europesays.com\/es\/wp-json\/wp\/v2\/media?parent=238794"}],"wp:term":[{"taxonomy":"category","embeddable":true,"href":"https:\/\/www.europesays.com\/es\/wp-json\/wp\/v2\/categories?post=238794"},{"taxonomy":"post_tag","embeddable":true,"href":"https:\/\/www.europesays.com\/es\/wp-json\/wp\/v2\/tags?post=238794"}],"curies":[{"name":"wp","href":"https:\/\/api.w.org\/{rel}","templated":true}]}}