{"id":238800,"date":"2025-11-16T09:19:05","date_gmt":"2025-11-16T09:19:05","guid":{"rendered":"https:\/\/www.europesays.com\/es\/238800\/"},"modified":"2025-11-16T09:19:05","modified_gmt":"2025-11-16T09:19:05","slug":"el-pastizal-que-alcaraz-se-ha-embolsado-ya-en-las-atp-finals-y-el-cheque-que-le-espera-si-vence-a-sinner","status":"publish","type":"post","link":"https:\/\/www.europesays.com\/es\/238800\/","title":{"rendered":"El pastizal que Alcaraz se ha embolsado ya en las ATP Finals y el cheque que le espera si vence a Sinner"},"content":{"rendered":"<p>El tenista espa\u00f1ol <a title=\"Carlos Alcaraz fulmin\u00f3 (6-2, 6-4) al canadiense F\u00e9lix Auger-Aliassime \" href=\"https:\/\/www.larazon.es\/deportes\/tenis\/alcaraz-felixaugeraliassime-semifinales-atp-finals-directo-horario-donde-ver-partido-television-online_2025111569182629eba8bc0eceff0dc4.html\" target=\"_blank\" rel=\"nofollow noopener\">Carlos Alcaraz fulmin\u00f3 (6-2, 6-4) al canadiense F\u00e9lix Auger-Aliassime <\/a>para alcanzar por primera vez la final de las Finales ATP, donde se medir\u00e1 este domingo contra el italiano Jannik Sinner, <a title=\"quien cumpli\u00f3 antes e igualmente contundente contra el australiano Alex de Mi\u00f1aur\" href=\"https:\/\/www.larazon.es\/deportes\/tenis\/sinner-cumple-parte-espera-alcaraz-final-atp-finals_202511156918b2c9eba8bc0ece00233d.html\" target=\"_blank\" rel=\"nofollow noopener\">quien cumpli\u00f3 antes e igualmente contundente contra el australiano Alex de Mi\u00f1aur<\/a> (7-5, 6-2). Alcaraz no dio opci\u00f3n a un Auger-Aliassime experto en pista cubierta, pero que encaj\u00f3 su quinta derrota seguida en duelos con el espa\u00f1ol. El murciano sirvi\u00f3 la final deseada por todos, incluso por los protagonistas, los dos mejores del mundo, dos amigos y rivales que vienen acaparando el Circuito los dos \u00faltimos a\u00f1os. Ser\u00e1 <b>el decimosexto Alcaraz-Sinner, 10-5 para el espa\u00f1ol y 8-1 en los \u00faltimos nueve, finales y lucha de titanes por el &#8216;Grand Slam&#8217;, ahora por la corona de Maestro que defiende en Tur\u00edn el \u00eddolo local. <\/b><\/p>\n<p>Una cita <b>que podr\u00eda engordar la cuenta del vencedor con un incre\u00edble bot\u00edn.<\/b><\/p>\n<p>Un premio r\u00e9cord<\/p>\n<p>Y es que Carlos Alcaraz afronta las ATP Finals 2025 con un aliciente extra: <b>un premio econ\u00f3mico r\u00e9cord.<\/b> Si el murciano se proclamase campe\u00f3n invicto del torneo, que re\u00fane a los ocho mejores del a\u00f1o, podr\u00eda<b> embolsarse 5.071.000 d\u00f3lares (unos 4,7 millones de euros).<\/b><\/p>\n<p>El torneo, que reparte <b>un total de 15,5 millones de d\u00f3lares, garantiza 331.000 d\u00f3lares (unos 286.000 euros) solo por participar. Cada victoria en la fase de grupos suma 396.500 d\u00f3lares (342.714 euros), mientras que el triunfo en semifinales a\u00f1ade 1.183.500, y la victoria final otros 2.367.000 d\u00f3lares.<\/b><\/p>\n<p>Es decir, Carlitos ha engordado ya su cuenta corriente <b>con un total de 2.497.642 euros <\/b>por su participaci\u00f3n, sus tres victorias ante<b> De Mi\u00f1aur, Taylor Fritz y Musetti,<\/b> y <b>su triunfo en semifinales ante Auger-Aliassime. <\/b>Una cifra a la que hoy podr\u00eda sumar otros 2.367.000 d\u00f3lares (unos 2.036.000 euros).<\/p>\n","protected":false},"excerpt":{"rendered":"El tenista espa\u00f1ol Carlos Alcaraz fulmin\u00f3 (6-2, 6-4) al canadiense F\u00e9lix Auger-Aliassime para alcanzar por primera vez la&hellip;\n","protected":false},"author":2,"featured_media":238801,"comment_status":"","ping_status":"","sticky":false,"template":"","format":"standard","meta":{"footnotes":""},"categories":[274],"tags":[168,25,24,23,167,327,326],"class_list":{"0":"post-238800","1":"post","2":"type-post","3":"status-publish","4":"format-standard","5":"has-post-thumbnail","7":"category-tenis","8":"tag-deportes","9":"tag-es","10":"tag-espana","11":"tag-spain","12":"tag-sports","13":"tag-tenis","14":"tag-tennis"},"share_on_mastodon":{"url":"https:\/\/pubeurope.com\/@es\/115558636820193217","error":""},"_links":{"self":[{"href":"https:\/\/www.europesays.com\/es\/wp-json\/wp\/v2\/posts\/238800","targetHints":{"allow":["GET"]}}],"collection":[{"href":"https:\/\/www.europesays.com\/es\/wp-json\/wp\/v2\/posts"}],"about":[{"href":"https:\/\/www.europesays.com\/es\/wp-json\/wp\/v2\/types\/post"}],"author":[{"embeddable":true,"href":"https:\/\/www.europesays.com\/es\/wp-json\/wp\/v2\/users\/2"}],"replies":[{"embeddable":true,"href":"https:\/\/www.europesays.com\/es\/wp-json\/wp\/v2\/comments?post=238800"}],"version-history":[{"count":0,"href":"https:\/\/www.europesays.com\/es\/wp-json\/wp\/v2\/posts\/238800\/revisions"}],"wp:featuredmedia":[{"embeddable":true,"href":"https:\/\/www.europesays.com\/es\/wp-json\/wp\/v2\/media\/238801"}],"wp:attachment":[{"href":"https:\/\/www.europesays.com\/es\/wp-json\/wp\/v2\/media?parent=238800"}],"wp:term":[{"taxonomy":"category","embeddable":true,"href":"https:\/\/www.europesays.com\/es\/wp-json\/wp\/v2\/categories?post=238800"},{"taxonomy":"post_tag","embeddable":true,"href":"https:\/\/www.europesays.com\/es\/wp-json\/wp\/v2\/tags?post=238800"}],"curies":[{"name":"wp","href":"https:\/\/api.w.org\/{rel}","templated":true}]}}