{"id":238816,"date":"2025-11-16T09:30:15","date_gmt":"2025-11-16T09:30:15","guid":{"rendered":"https:\/\/www.europesays.com\/es\/238816\/"},"modified":"2025-11-16T09:30:15","modified_gmt":"2025-11-16T09:30:15","slug":"en-madrid-ya-cantan-no-pasa-nada-tenemos-a-oyarzabal","status":"publish","type":"post","link":"https:\/\/www.europesays.com\/es\/238816\/","title":{"rendered":"En Madrid ya cantan \u00abno pasa nada, tenemos a Oyarzabal\u00bb"},"content":{"rendered":"<p class=\"ft-text ft-helper-closenews\">No estaba<strong> Carvajal<\/strong>. No estaba <strong>Le Normand<\/strong>. No estaba<strong> Huijsen<\/strong>. Tampoco estaba<strong> Rodri<\/strong>, Bal\u00f3n de Oro, casi nada. Ya ni les cuento, no pudo jugar <strong>Pedri<\/strong>, otro mago. Ni siquiera asom\u00f3 la cabeza<strong> Nico Williams<\/strong>, la otra pubalgia famosa. Y, para colmo de males, de ausencias, de carencias,<strong> Lamine Yamal<\/strong> se tuvo que volver a casa porque el Bar\u00e7a, dicen, se enter\u00f3 tarde de que el tratamiento que le han aplicado para curar su pubis, precisaba de diez d\u00edas de descanso.<\/p>\n<p class=\"ft-text\">Total, que la <strong>selecci\u00f3n espa\u00f1ola de f\u00fatbol,<\/strong> que dirige <strong>Luis de la Fuente<\/strong>, que parece m\u00e1s un profesor de instituto que un seleccionador, jug\u00f3 anoche sin (casi) siete de sus habituales titulares y arroll\u00f3 a <strong>Georgia<\/strong>, meti\u00e9ndose ya, virtualmente, en el <strong>Mundial de Estados Unidos del pr\u00f3ximo a\u00f1o<\/strong>.<\/p>\n<p class=\"ft-text\">Y lo hizo provocando, generando, llevando a las tertulias<strong> el m\u00e1s bobo de los debates<\/strong>: \u00bfEs esta selecci\u00f3n mejor que la del 8-10-12? \u00bfEs esta novedosa y, ya ven, portentosa selecci\u00f3n con cualquier futbolista, con todos, mejor que aquella que nos deleit\u00f3 con la<strong> Eurocopa de 2008<\/strong>, el <strong>Mundial de 2010<\/strong> y la segunda<strong> Copa de Europa del 2012<\/strong>?<\/p>\n<p><img decoding=\"async\" src=\"https:\/\/www.europesays.com\/es\/wp-content\/uploads\/2025\/11\/e66de834-ffba-47bf-a4b1-73e6e251c8fa_alta-libre-aspect-ratio_default_0.jpg\" width=\"1200\" height=\"800\" alt=\"Mikel Oyarzabal, tras su gol de penalti contra Georgia.\" class=\"ft-helper-img-rd\" loading=\"lazy\"\/><\/p>\n<p class=\"ft-helper-fontColor-quaternary ft-helper-fontSize-body-S ft-helper-spacer-t-xxs\">Mikel Oyarzabal, tras su gol de penalti contra Georgia.  \/ Tamuna Kulumbegashvili \/ AP<\/p>\n<p class=\"ft-text\">Pues no, lo siento, pero no lo es. \u00c9sta siendo muy, muy, buena, bueno, extraordinaria, tanto que ya la han colocado como la <strong>principal candidata al t\u00edtulo mundial del pr\u00f3ximo a\u00f1o<\/strong>, es, simplemente (o no tan simplemente) <strong>aspirante a todo<\/strong>, s\u00ed, a todo lo que se le ponga por delante.<\/p>\n<p class=\"ft-text\">Pero es que aquella, ya lo ha conseguido y lo logr\u00f3, tambi\u00e9n o muy especialmente, con un f\u00fatbol celestial. Para ganar lo que gan\u00f3 aquella selecci\u00f3n, \u00a1ojito!, se debe ganar a los mejores muchas veces, en muchas fases clasificatorias, en muchos cruces, en muchas semifinales y en bastantes finales. Aquellos lo hicieron: <strong>8-10-12, casi nada<\/strong>. \u00c9stos tienen pinta de que pueden repetirlo. Pinta.<\/p>\n<blockquote class=\"ft-mol-quote\" data-aida-quote=\"\"><p>El seleccionador Luis de la Fuente, con m\u00e1s cara de profesor de instituto que de entrenador, no tuvo a siete de sus habituales titulares (Carvajal, Le Normand, Huijsen, Rodri, Pedri, Nico y Lamine Yamal) y sus sustitutos hicieron un prodigioso partido, que acab\u00f3 en goleada ante Georgia.<\/p><\/blockquote>\n<p class=\"ft-text\">Una cosa tengo clara. Meterse en esta selecci\u00f3n va a costar sangre, sudor y l\u00e1grimas. Va a ser muy caro estar entre los elegidos. Todos estamos convencidos de que <strong>De la Fuente <\/strong>sabe que sus <strong>dos <\/strong><strong>\u2018chicos de oro\u2019<\/strong><strong>, Lamine Yamal y Nico Williams<\/strong>, amigos de todo, repito, de todo y ustedes ya me entienden, <strong>h\u00e9roes de la Eurocopa<\/strong>, ausentes \u00faltimamente en la selecci\u00f3n, van a ser vitales en EEUU para intentar ganar la segunda estrella para el pecho de<strong> \u2018la roja\u2019.<\/strong><\/p>\n<p class=\"ft-text\">Pero \u00a1ojo! porque si algo demostr\u00f3 la goleada de ayer, vale, era Georgia, pero hab\u00eda que meterlos, es que, hoy por hoy, para ganar, para lucir palmito, para jugar bien al f\u00fatbol, para mantenerse en la cresta de la ola, <strong>Hansi Flick necesita mucho m\u00e1s a Lamine Yamal, que Luis de la Fuente<\/strong>.<\/p>\n<p class=\"ft-text\">Es m\u00e1s, De la Fuente incluso se puede permitir el lujo de acariciar la cara del \u2018mister\u2019 alem\u00e1n y ser tan atrevido como para devolverle a <strong>Lamine Yamal <\/strong>y colocar en la selecci\u00f3n a su suplente, <strong>Ferran Torres<\/strong>, y, repito, ganar por goleada; eso, con gol de Ferran.<\/p>\n<p><img decoding=\"async\" src=\"https:\/\/www.europesays.com\/es\/wp-content\/uploads\/2025\/11\/4993f9f3-8528-45ee-982a-16efbf7156e3_alta-libre-aspect-ratio_default_0.jpg\" width=\"1200\" height=\"830\" alt=\"Clasificaci\u00f3n para el Mundial 2026: Georgia - Espa\u00f1a.\" class=\"ft-helper-img-rd\" loading=\"lazy\"\/><\/p>\n<p class=\"ft-helper-fontColor-quaternary ft-helper-fontSize-body-S ft-helper-spacer-t-xxs\">Espa\u00f1a goleg\u00f3 a Georgia, anoche, camino del Mundial de EEUU.  \/ Agencias<\/p>\n<p class=\"ft-text\">Ya he le\u00eddo alg\u00fan texto en Madrid e, incluso, alg\u00fan c\u00e1ntico de esos futboleros que dicen<strong> \u201cno pasa nada, tenemos a Oyarzabal\u201d<\/strong>. Todos se juegan mucho. Los primeros, los futbolistas, que les va en ello desde el prestigio, premios gordos, balones de oro, imagen y millones de euros, hasta sus clubs de origen y la selecci\u00f3n.<\/p>\n<p class=\"ft-text\">Pero, insisto, cuando aqu\u00ed nos rasgamos las vestiduras porque <strong>Lamine Yamal no acaba de curarse<\/strong>, <strong>\u2018la roja\u2019 <\/strong>alinea a su suplente y golea; coloca a <strong>Baena<\/strong>, <strong>Barrios <\/strong>y<strong> Llorente<\/strong>, que, en el <strong>Atl\u00e9tico del<\/strong><strong> Cholo <\/strong><strong>Simeone<\/strong>, ya, vale, s\u00ed, pero no son lo que son, ni hacen lo que hacen vestidos de rojo e, incluso, <strong>De la Fuente<\/strong> se permite el lujo de jugar sin siete \u00a1siete! de sus titulares y regresar de Georgia con un contundente 0-4.<\/p>\n<p class=\"ft-text\">Eso de <strong>\u201cno pasa nada, tenemos a Oyarzabal\u201d<\/strong> suena a broma, pero es hasta peligrosamente cierto. Hasta hubo quien brome\u00f3 con un \u201creservemos a Lamine Yamal para el pr\u00f3ximo Mundial, el de 2030, que jugamos en casa y as\u00ed no se enfada el Bar\u00e7a, y ganemos el de Estados Unidos con Ferran\u201d.<\/p>\n<p data-close=\"closedContent\" class=\"subscribeHideForDisplay\">Suscr\u00edbete para seguir leyendo<\/p>\n","protected":false},"excerpt":{"rendered":"No estaba Carvajal. No estaba Le Normand. No estaba Huijsen. Tampoco estaba Rodri, Bal\u00f3n de Oro, casi nada.&hellip;\n","protected":false},"author":2,"featured_media":238817,"comment_status":"","ping_status":"","sticky":false,"template":"","format":"standard","meta":{"footnotes":""},"categories":[93],"tags":[61670,39894,168,25,24,205,27905,3954,23,167],"class_list":{"0":"post-238816","1":"post","2":"type-post","3":"status-publish","4":"format-standard","5":"has-post-thumbnail","7":"category-deportes","8":"tag-anda-palla-bobo","9":"tag-cantan","10":"tag-deportes","11":"tag-es","12":"tag-espana","13":"tag-madrid","14":"tag-oyarzabal","15":"tag-pasa","16":"tag-spain","17":"tag-sports"},"share_on_mastodon":{"url":"https:\/\/pubeurope.com\/@es\/115558680348804755","error":""},"_links":{"self":[{"href":"https:\/\/www.europesays.com\/es\/wp-json\/wp\/v2\/posts\/238816","targetHints":{"allow":["GET"]}}],"collection":[{"href":"https:\/\/www.europesays.com\/es\/wp-json\/wp\/v2\/posts"}],"about":[{"href":"https:\/\/www.europesays.com\/es\/wp-json\/wp\/v2\/types\/post"}],"author":[{"embeddable":true,"href":"https:\/\/www.europesays.com\/es\/wp-json\/wp\/v2\/users\/2"}],"replies":[{"embeddable":true,"href":"https:\/\/www.europesays.com\/es\/wp-json\/wp\/v2\/comments?post=238816"}],"version-history":[{"count":0,"href":"https:\/\/www.europesays.com\/es\/wp-json\/wp\/v2\/posts\/238816\/revisions"}],"wp:featuredmedia":[{"embeddable":true,"href":"https:\/\/www.europesays.com\/es\/wp-json\/wp\/v2\/media\/238817"}],"wp:attachment":[{"href":"https:\/\/www.europesays.com\/es\/wp-json\/wp\/v2\/media?parent=238816"}],"wp:term":[{"taxonomy":"category","embeddable":true,"href":"https:\/\/www.europesays.com\/es\/wp-json\/wp\/v2\/categories?post=238816"},{"taxonomy":"post_tag","embeddable":true,"href":"https:\/\/www.europesays.com\/es\/wp-json\/wp\/v2\/tags?post=238816"}],"curies":[{"name":"wp","href":"https:\/\/api.w.org\/{rel}","templated":true}]}}