{"id":238822,"date":"2025-11-16T09:34:12","date_gmt":"2025-11-16T09:34:12","guid":{"rendered":"https:\/\/www.europesays.com\/es\/238822\/"},"modified":"2025-11-16T09:34:12","modified_gmt":"2025-11-16T09:34:12","slug":"telefonica-presentara-manana-a-los-sindicatos-el-impacto-en-la-plantilla-del-plan-estrategico-servimedia","status":"publish","type":"post","link":"https:\/\/www.europesays.com\/es\/238822\/","title":{"rendered":"Telef\u00f3nica presentar\u00e1 ma\u00f1ana a los sindicatos el impacto en la plantilla del plan estrat\u00e9gico &#8211; Servimedia"},"content":{"rendered":"<ol>\n<li><a href=\"https:\/\/news.google.com\/rss\/articles\/CBMivAFBVV95cUxPaW9VdjRMb2p0OUUtR1VWQklIdm1iV1hvcjJYT0N4NDZCREp2QVhxY3o1ejh6NTBYZDJGNkt4VVoyVzdNTmZFc3Nfa2lTYTNsLW9xRGE5cG13MnE1aENjZUZBUThkTzZtSG53VkREaWpPeG8zODZBRXJROGplS1RJX3lObVZUNXJNT0xiSzFvUjZENkdSUmw2ZG9HU0kweGt2eDJVQU9uSnBONTJiVEsyMHROWThqTklsYkI0MA?oc=5\" target=\"_blank\" rel=\"nofollow noopener\">Telef\u00f3nica presentar\u00e1 ma\u00f1ana a los sindicatos el impacto en la plantilla del plan estrat\u00e9gico<\/a>&nbsp;&nbsp;Servimedia<\/li>\n<li><a href=\"https:\/\/news.google.com\/rss\/articles\/CBMipwFBVV95cUxNa1ZDbUZnRzBTMU9wY2VWVXdEZG9VaHhzWm52cDNSWC05VzNSOWhQSzd0ajBUVUFlUnNnU01KejB2bHdrX1JsWmZkMjF3VWotWjIzTWRxY0cwYkdJbVd4b3hIaVRRdk9RSHQ0eU8zMWRZRXVtellwZFdsalJIM1Y4M3p5RDlVb1JqNEJ4M3NBM256a01GNGNSb2xnVXpxM1RxUFVmbEFZbw?oc=5\" target=\"_blank\" rel=\"nofollow noopener\">Cuenta atr\u00e1s para el ERE masivo en Telef\u00f3nica con una reuni\u00f3n con los sindicatos este lunes<\/a>&nbsp;&nbsp;ABC<\/li>\n<li><a href=\"https:\/\/news.google.com\/rss\/articles\/CBMi0AFBVV95cUxOSXVnTGZ0SkRsVVRRa2R1ZXdlMV9sZlZNSlRZT0pSYldDWGYzMG9MU0pXYTczbkQ5Mkh2RTlmbW1Ca01WajNJZjJuYTVoSnYwSmZUYmE3QnI3U24tODJWeUp1S2JSbjdBMjcxRld6dkNTMm5jM3FoRExBQ1NQcDFSbHRqQmd5UnRlaHo0OWVPMG5UZllLakpDNHpmeFA4S084VldMUXpiSjhTVnl0SWJCaWFjWDM1MFRZTkMwdllJRmdpUllmdzAwOHFDODNTb2tM0gHWAUFVX3lxTE9KUGdUdkc0Ri1GT2xscTVJUWNUYjFQMENrVWgwMTFyeGpCOU9uR2g1YkJiNDh3YjV4Z3FUWlVpd2NSMk9KdVV5azI5c2J5dW05T2NuRVhCLWNYekFCaEZQaHV3ZnAyQUdhN0VscHc1UmFiZXhUdTNmSmFFOHdYWkJRQnI3Rk96dWp5bmZ0Q0hRQUhKRk41eUpZNlR1MGxVTXZ3LVU1ZWRTdXFLbWZLMGEwYjRXNTVqcEozMHQyNGhWV3QtNm16UnlXWUhfUXJaT0FVV1VzSkE?oc=5\" target=\"_blank\" rel=\"nofollow noopener\">Telef\u00f3nica re\u00fane el lunes a los sindicatos, que avisan de que un ERE no ser\u00eda la soluci\u00f3n<\/a>&nbsp;&nbsp;La Vanguardia<\/li>\n<li><a href=\"https:\/\/news.google.com\/rss\/articles\/CBMijwFBVV95cUxPMEV5N1lQZmdmaXYxa1p1dDFWN1lMRGdqOXg0Z2RFNjVRdW5KbDQwSUE4MXBlU2tIOG9UQXVyRlYwSnZ4SEJaUHpuc09vaHlHazRDY0FSTlNZWFBCdWdrWWtabDlCTjhfbkktVjJad3pHOXFzNnQ3U1UwMHRCeVZfQ3lwMGt6R19GX0x6Njl1Zw?oc=5\" target=\"_blank\" rel=\"nofollow noopener\">Telef\u00f3nica presentar\u00e1 siete ERE dentro de su plan de ahorro de costes<\/a>&nbsp;&nbsp;Expansi\u00f3n<\/li>\n<li><a href=\"https:\/\/news.google.com\/rss\/articles\/CBMiygFBVV95cUxQS1ZtaVN3eV8yN2M3YllxYmZEVzhWWWxQa1o3bFptYmlfWHdZMDF0Q2VheWNNaVhiUGRVenpyQjhQWWJNc25sOFRqRTY2aTBxMFlEMlJxOFpzbXJ4SmFMSDBST2U2VjJIOVM3cWJKYVFCYU15d1kxdld4aUdPLVRxZnZMcnR0eFNFbmx0X0dqWFdXbjlGMWNwYi0yMjAzNU1XSXFlRkZFb2tVU0k5Qi1rMHc0b2o3MFBjNkcwRXlIY05hX0xqWk1zSWln?oc=5\" target=\"_blank\" rel=\"nofollow noopener\">Telef\u00f3nica y los sindicatos pactan el calendario para cerrar el ERE antes de acabar el a\u00f1o<\/a>&nbsp;&nbsp;EL PA\u00cdS<\/li>\n<\/ol>\n","protected":false},"excerpt":{"rendered":"Telef\u00f3nica presentar\u00e1 ma\u00f1ana a los sindicatos el impacto en la plantilla del plan estrat\u00e9gico&nbsp;&nbsp;Servimedia Cuenta atr\u00e1s para el&hellip;\n","protected":false},"author":2,"featured_media":238823,"comment_status":"","ping_status":"","sticky":false,"template":"","format":"standard","meta":{"footnotes":""},"categories":[80],"tags":[82,95,94,25,24,23,120],"class_list":{"0":"post-238822","1":"post","2":"type-post","3":"status-publish","4":"format-standard","5":"has-post-thumbnail","7":"category-economia","8":"tag-business","9":"tag-economia","10":"tag-economy","11":"tag-es","12":"tag-espana","13":"tag-spain","14":"tag-tecnologia"},"share_on_mastodon":{"url":"https:\/\/pubeurope.com\/@es\/115558696077008965","error":""},"_links":{"self":[{"href":"https:\/\/www.europesays.com\/es\/wp-json\/wp\/v2\/posts\/238822","targetHints":{"allow":["GET"]}}],"collection":[{"href":"https:\/\/www.europesays.com\/es\/wp-json\/wp\/v2\/posts"}],"about":[{"href":"https:\/\/www.europesays.com\/es\/wp-json\/wp\/v2\/types\/post"}],"author":[{"embeddable":true,"href":"https:\/\/www.europesays.com\/es\/wp-json\/wp\/v2\/users\/2"}],"replies":[{"embeddable":true,"href":"https:\/\/www.europesays.com\/es\/wp-json\/wp\/v2\/comments?post=238822"}],"version-history":[{"count":0,"href":"https:\/\/www.europesays.com\/es\/wp-json\/wp\/v2\/posts\/238822\/revisions"}],"wp:featuredmedia":[{"embeddable":true,"href":"https:\/\/www.europesays.com\/es\/wp-json\/wp\/v2\/media\/238823"}],"wp:attachment":[{"href":"https:\/\/www.europesays.com\/es\/wp-json\/wp\/v2\/media?parent=238822"}],"wp:term":[{"taxonomy":"category","embeddable":true,"href":"https:\/\/www.europesays.com\/es\/wp-json\/wp\/v2\/categories?post=238822"},{"taxonomy":"post_tag","embeddable":true,"href":"https:\/\/www.europesays.com\/es\/wp-json\/wp\/v2\/tags?post=238822"}],"curies":[{"name":"wp","href":"https:\/\/api.w.org\/{rel}","templated":true}]}}