{"id":238824,"date":"2025-11-16T09:35:10","date_gmt":"2025-11-16T09:35:10","guid":{"rendered":"https:\/\/www.europesays.com\/es\/238824\/"},"modified":"2025-11-16T09:35:10","modified_gmt":"2025-11-16T09:35:10","slug":"claves-del-referendum-en-ecuador-en-el-que-noboa-se-juega-su-capital-politico","status":"publish","type":"post","link":"https:\/\/www.europesays.com\/es\/238824\/","title":{"rendered":"Claves del refer\u00e9ndum en Ecuador en el que Noboa se juega su capital pol\u00edtico"},"content":{"rendered":"<p>M\u00e1s de 13,6 millones de <strong>ecuatorianos <\/strong>acudir\u00e1n este domingo a las urnas, en una consulta que podr\u00eda abrir el camino hacia una<strong> nueva Constituci\u00f3n<\/strong>. El <strong>refer\u00e9ndum<\/strong> impulsado por el presidente, <strong>Daniel Noboa<\/strong>, propone cuatro decisiones clave para redefinir el tablero pol\u00edtico del pa\u00eds. Permitir o no el regreso de bases militares extranjeras, reducir el n\u00famero de asamble\u00edstas, suprimir el financiamiento p\u00fablico a los partidos pol\u00edticos y autorizar una nueva Asamblea Constituyente para redactar otra Carta Magna.<\/p>\n<p>Estos comicios, como todo lo que sucede en Ecuador, se celebran marcados<strong> por la violencia que vertebra a la sociedad<\/strong> y bajo la sombra de la <a href=\"https:\/\/www.rtve.es\/noticias\/20250413\/ecuatorianos-espana-elecciones-violencia\/16534053.shtml\" target=\"_blank\" rel=\"nofollow noopener\">peor crisis de su historia<\/a>, ya que, con <strong>un homicidio por hora<\/strong>, el pa\u00eds se ha convertido en el m\u00e1s violento del continente. En enero de 2024, el Gobierno declar\u00f3 <a href=\"https:\/\/www.rtve.es\/noticias\/20240110\/claves-conflicto-ecuador\/2470806.shtml\" target=\"_blank\" rel=\"nofollow noopener\">el conflicto interno<\/a> y, despu\u00e9s de Colombia, Ecuador se convirti\u00f3 en el segundo Estado de Am\u00e9rica Latina en reconocer un enfrentamiento entre grupos criminales e instituciones estatales.<\/p>\n<p>Noboa lleg\u00f3 a la presidencia <strong>prometiendo \u00abseguridad\u00bb<\/strong> y, una vez instalado en el Palacio de Carondelet, <a href=\"https:\/\/www.rtve.es\/noticias\/20250414\/elecciones-ecuador-resultados-daniel-noboa-luisa-gonzalez\/16539571.shtml\" target=\"_blank\" rel=\"nofollow noopener\">fue reelegido<\/a> tras haber hecho de la \u00ab<strong>mano dura<\/strong>\u00bb su mayor se\u00f1a de identidad. Aunque gan\u00f3 sus segundas elecciones con una amplia mayor\u00eda, las duras condiciones del pa\u00eds han hecho que su <strong>capital pol\u00edtico<\/strong> se desplome. Ahora, busca fortalecerse para editar una Constituci\u00f3n a su medida.<\/p>\n<p>\u00abLa estrategia de impulsar este tipo de consultas populares tiene antecedentes de los gobiernos de los \u00faltimos 20 a\u00f1os. Se utiliza como term\u00f3metro de los niveles de aceptaci\u00f3n del Gobierno y tambi\u00e9n como una forma de legitimarse en el poder al intercalar preguntas sin un coste pol\u00edtico alto con aquellas verdaderamente estrat\u00e9gicas\u00bb, explica a este medio la polit\u00f3loga ecuatoriana, Dolores Ord\u00f3\u00f1ez.<\/p>\n<p>En abril de 2024, Noboa realiz\u00f3 una consulta popular enfocada en la <a href=\"https:\/\/www.rtve.es\/noticias\/20250413\/ecuador-paises-mas-peligrosos-latinoamerica-elecciones\/16508787.shtml\" target=\"_blank\" rel=\"nofollow noopener\">fuerte violencia que golpea el pa\u00eds<\/a>. Aunque nueve de las 11 preguntas fueron aprobadas, la crisis de inseguridad no ha registrado cambios sustanciales<\/p>\n<p>Ahora, seg\u00fan argumenta el presidente, las principales motivaciones para cambiar el ordenamiento jur\u00eddico se deben a que la actual Carta Magna es <strong>laxa con los criminales<\/strong>, por considerar que las personas privadas de libertad son \u00abvulnerables\u00bb. Lo dice porque la Constituci\u00f3n establece que la prisi\u00f3n preventiva debe ser una medida excepcional y <a href=\"https:\/\/www.rtve.es\/noticias\/20240204\/estado-excepcion-salvador-orgullo-bukele-infierno-inocentes\/15949697.shtml\" target=\"_blank\" rel=\"nofollow noopener\">nunca una regla general<\/a>, y tambi\u00e9n porque el texto recoge varios mecanismos de protecci\u00f3n legal para salvaguardar sus <strong>derechos individuales<\/strong> como h\u00e1beas corpus u otras medidas cautelares.<\/p>\n<p>La Constituci\u00f3n y el eterno corre\u00edsmo-anticorre\u00edsmo<\/p>\n<p>No es la primera vez que Noboa intenta cambiar la ley fundamental. Trat\u00f3 de hacerlo con reformas en la Asamblea Nacional (Parlamento), pero todas fueron anuladas por la <strong>Corte Constitucional<\/strong>, el m\u00e1ximo tribunal de garant\u00edas del pa\u00eds. Este \u00f3rgano se ha vuelto el \u00fanico <a href=\"https:\/\/www.rtve.es\/noticias\/20250805\/constitucional-ecuador-suspende-parcialmente-polemicas-leyes-promovidas-noboa\/16687517.shtml\" target=\"_blank\" rel=\"nofollow noopener\">contrapeso frente al proyecto pol\u00edtico de Noboa<\/a>, y por eso el presidente ha intentado esquivar a la Corte y emprender un camino hacia una <strong>Asamblea Constituyente <\/strong>que le permita <strong>ajustar las leyes a su visi\u00f3n de pa\u00eds.<\/strong><\/p>\n<p>Pero la Carta Magna esconde detr\u00e1s un significado mucho m\u00e1s simb\u00f3lico que el de la seguridad. El expresidente <strong>Rafael Correa<\/strong> instaur\u00f3 la <strong>actual Constituci\u00f3n en 2008<\/strong> y, a pesar de haber asegurado que durar\u00eda 300 a\u00f1os, sus rivales pol\u00edticos est\u00e1n decididos a desterrarla, as\u00ed como su legado pol\u00edtico.<\/p>\n<p>\u00abNoboa busca consolidar su poder, es un l\u00edder con clara vocaci\u00f3n<strong> autoritaria y narcisista<\/strong>. Se aprovecha de las esperanzas de cambio de una sociedad atemorizada por la violencia y fatigada por las crisis en las que le toca vivir\u00bb, explica el investigador Luis Carlos C\u00f3rdova, del Observatorio Ecuatoriano de Conflictos.<\/p>\n<p>Es imposible desligar esta votaci\u00f3n de la ambici\u00f3n del presidente por implantar su proyecto pol\u00edtico y derribar el \u00faltimo legado que conserva el corre\u00edsmo. No es una maniobra novedosa, porque aunque hace varios a\u00f1os que el <strong>Movimiento Revoluci\u00f3n Ciudadana<\/strong> no est\u00e1 en el poder, Correa ha reordenado las divisiones pol\u00edticas de Ecuador y \u00abmuy poca gente se sit\u00faa fuera de esta dualidad corre\u00edsmo-anticorre\u00edsmo\u00bb, explica Ord\u00f3\u00f1ez.<\/p>\n<p>La oposici\u00f3n, donde tambi\u00e9n se integra el<strong> movimiento ind\u00edgena<\/strong>, ha prometido votar \u00abNo\u00bb en las cuatro preguntas. El rechazo se ha agravado con <a href=\"https:\/\/www.rtve.es\/noticias\/20250929\/fallecido-militares-heridos-represion-emboscadas-semana-protestas-ecuador\/16748186.shtml\" target=\"_blank\" rel=\"nofollow noopener\">las recientes protestas<\/a> contra el precio del di\u00e9sel. Las manifestaciones culminaron sin que el Gobierno diese marcha atr\u00e1s y despu\u00e9s de una dura represi\u00f3n. Dos manifestantes murieron a manos del Ej\u00e9rcito, 300 personas resultaron heridas y m\u00e1s de 100 fueron detenidas acusadas de \u00abterrorismo\u00bb. <\/p>\n<p>Entrada de inversiones y ej\u00e9rcitos extranjeros<\/p>\n<p>El presidente no solo busca cambiar la organizaci\u00f3n estatal con un nuevo texto, sino crear un nuevo marco econ\u00f3mico neoliberal que permita la llegada de <strong>inversiones extranjeras<\/strong>. <\/p>\n<p>\u00abPara implantar su estrategia econ\u00f3mica le urge apalancar el modelo extractivista, contrario a los derechos colectivos y a la protecci\u00f3n de las fuentes h\u00eddricas. La actual Constituci\u00f3n proh\u00edbe, por ejemplo, someter al pa\u00eds a Jurisdicci\u00f3n extranjera, limita la posibilidad de suscribir Tratados Bilaterales de Inversiones y frena el ingreso de capitales extranjeros\u00bb, detalla el investigador.<\/p>\n<p>En un pa\u00eds donde 5,2 millones de personas <a href=\"https:\/\/www.rtve.es\/play\/audios\/las-mananas-de-rne\/pobreza-ecuador-aumenta-32-pandemia\/5837419\/\" target=\"_blank\" rel=\"nofollow noopener\">viven con menos de tres d\u00f3lares al d\u00eda<\/a>, el Gobierno sostiene que el libre comercio es el \u00fanico que puede salvarlos.<\/p>\n<p>Es un argumento que interesa al norte de sus fronteras. A pocos d\u00edas de las elecciones, Estados Unidos hizo acto de presencia en el pa\u00eds con las visitas de <a href=\"https:\/\/www.rtve.es\/noticias\/20241113\/marco-rubio-sera-proximo-secretario-estado-eeuu\/16329747.shtml\" target=\"_blank\" rel=\"nofollow noopener\">Marco Rubio<\/a> y <a href=\"https:\/\/www.rtve.es\/noticias\/20250417\/eeuu-cancela-subvencion-universidad-harvard-registro-estudiantes-extranjeros\/16544214.shtml\" target=\"_blank\" rel=\"nofollow noopener\">Kristi Noem<\/a>, movimientos que dejaron claro el inter\u00e9s de Washington por establecer <strong>una nueva base en el Pac\u00edfico central.<\/strong><\/p>\n<p><strong>Donald Trump <\/strong>ve Ecuador como una suerte de tierra prometida gracias a la propuesta de Noboa de volver a abrir su pa\u00eds a<strong> ej\u00e9rcitos extranjeros<\/strong>. Acostumbrado a tener m\u00e1s aliados que enemigos en la regi\u00f3n, el estadounidense obtendr\u00eda otra victoria clave en un escenario americano cada vez m\u00e1s cr\u00edtico con sus pol\u00edticas y marcado por la firme oposici\u00f3n de mandatarios como los de<strong> Brasil, Chile, Colombia y M\u00e9xico<\/strong>.<\/p>\n<p>La <strong>Casa Blanca<\/strong>, interesada en el territorio ecuatoriano y en las ideas cada vez m\u00e1s radicales de Noboa, le brinda a Quito un trato muy diferente que a sus vecinos. En su <strong>guerra contra el narcotr\u00e1fico<\/strong>, Trump ha puesto el foco los l\u00edderes de <a href=\"https:\/\/www.rtve.es\/noticias\/20251023\/estados-unidos-destruye-segunda-narcolancha-menos-24\/16782712.shtml\" target=\"_blank\" rel=\"nofollow noopener\">Colombia y Venezuela<\/a> \u2014los izquierdistas Gustavo Petro y Nicol\u00e1s Maduro\u2014, a los que acusa de dirigir poderosos c\u00e1rteles. Sin embargo, Ecuador, uno de los pa\u00edses m\u00e1s afectados por el<a href=\"https:\/\/www.rtve.es\/noticias\/20251115\/estados-unidos-lanza-nuevo-ataque-aguas-del-caribe-contra-supuesta-narcolancha-deja-cuatro-muertos\/16816794.shtml\" target=\"_blank\" rel=\"nofollow noopener\"> tr\u00e1fico de drogas<\/a>, ha permanecido al margen de estas acciones.<\/p>\n<p>A Trump le beneficia una nueva base en el Pac\u00edfico, mucho m\u00e1s teniendo en cuenta la ubicaci\u00f3n estrat\u00e9gica de Ecuador. El 14 de noviembre, Estados Unidos inici\u00f3 una nueva fase en su ofensiva el Caribe con la operaci\u00f3n militar <strong>Southern Spear<\/strong> (Lanza del sur). El prop\u00f3sito, seg\u00fan Washington, es \u00abexpulsar a los narcoterroristas del hemisferio occidental\u00bb y los objetivos directos son Colombia y Venezuela, vecinos de Ecuador.<\/p>\n<p>Quito, por su parte, ve a Washington como uno de sus <strong>principales aliados<\/strong> en la lucha contra el negocio de la droga y su Gobierno considera que para aplacar crimen, es necesario el apoyo extranjero. Para Ord\u00f3\u00f1ez, \u00abla entrada de las  bases militares conlleva una <strong>injerencia directa sobre nuestra soberan\u00eda<\/strong>\u00ab. \u00abEs una experiencia que ya ha tenido Ecuador con la base de Manta en entre el 96 y el 2006 y cuyos resultados han sido totalmente irrelevantes en t\u00e9rminos de la incautaci\u00f3n de droga\u00bb.<\/p>\n<p>El n\u00famero de asamble\u00edstas y la financiaci\u00f3n de los partidos<\/p>\n<p>Otra cuesti\u00f3n que plantea este refer\u00e9ndum es <strong>la reducci\u00f3n del n\u00famero de asamble\u00edstas<\/strong>, que pasar\u00edan de 151 a 73. La medida busca que la labor del Legislativo quede sometida al Ejecutivo y <strong>acallar voces opositoras<\/strong> que conforman la Asamblea Nacional. Actualmente, el Parlamento est\u00e1 conformado por 11 partidos pol\u00edticos, aunque son <a href=\"https:\/\/www.rtve.es\/noticias\/20250413\/elecciones-ecuador-2025-directo-resultados-ganador-segunda-vuelta\/16537997.shtml\" target=\"_blank\" rel=\"nofollow noopener\">Acci\u00f3n Democr\u00e1tica Nacional<\/a> (de Noboa) y el movimiento corre\u00edsta de <a href=\"https:\/\/www.rtve.es\/noticias\/20250413\/noboa-gonzalez-dos-opciones-antagonicas-inseguridad-polarizacion\/16535913.shtml\" target=\"_blank\" rel=\"nofollow noopener\">Revoluci\u00f3n Ciudadana<\/a> quienes lo dominan. Con esta medida se \u00ablimitar\u00e1 la posibilidad de tener un mayor grado de representatividad, que es incompatible con este proyecto autoritario\u00bb, apunta la analista.<\/p>\n<p>El Gobierno tambi\u00e9n pretende eliminar la <strong>financiaci\u00f3n de partidos pol\u00edticos<\/strong> con recursos p\u00fablicos y que sean solo los afiliados y simpatizantes quienes apoyen econ\u00f3micamente a las formaciones. Es una propuesta parad\u00f3jica, ya que <a href=\"https:\/\/www.rtve.es\/noticias\/20231016\/daniel-noboa-quien-presidente-ecuador\/2458428.shtml\" target=\"_blank\" rel=\"nofollow noopener\">es Noboa<\/a>, <strong>hijo de la mayor fortuna del pa\u00eds<\/strong>, quien lo propone.<\/p>\n<p><strong>Los detractores de Noboa<\/strong> temen que este refer\u00e9ndum sea una estrategia pol\u00edtica para <strong>redibujar el dise\u00f1o institucional<\/strong> y debilitar contrapesos como los de Corte Constitucional. El jueves, las principales <strong>organizaciones sindicales <\/strong>marcharon en la capital en <strong>rechazo al refer\u00e9ndum<\/strong>, argumentando que \u00abel Gobierno quiere gastar m\u00e1s de 200 millones de d\u00f3lares en una Asamblea Constituyente que lo \u00fanico que busca es quitar la gratuidad de la educaci\u00f3n superior y eliminar la seguridad social\u00bb.<\/p>\n<p>Conforme se acerca el d\u00eda clave, el <strong>escepticismo crece entre la poblaci\u00f3n,<\/strong> que ve el proceso con una mezcla de incertidumbre y cautela. Sin embargo, las encuestas arrojan esperanza al oficialismo. <\/p>\n<p>Si el \u00abS\u00ed\u00bb gana, los ecuatorianos deber\u00e1n regresar a las urnas para elegir a 80 asamble\u00edstas. La Constituyente tendr\u00e1 el plazo de 180 d\u00edas para redactar el nuevo texto, con la posibilidad de una \u00fanica pr\u00f3rroga de hasta 60 d\u00edas. Una vez presentada, la <strong>propuesta constitucional<\/strong> deber\u00e1 someterse a la <strong>aprobaci\u00f3n ciudadana en unas terceras elecciones.<\/strong><\/p>\n","protected":false},"excerpt":{"rendered":"M\u00e1s de 13,6 millones de ecuatorianos acudir\u00e1n este domingo a las urnas, en una consulta que podr\u00eda abrir&hellip;\n","protected":false},"author":2,"featured_media":238825,"comment_status":"","ping_status":"","sticky":false,"template":"","format":"standard","meta":{"footnotes":""},"categories":[42],"tags":[17,18,13,14,11,61,62,63,64,19,20,9,10,15,16,12,21,22,65,66,67],"class_list":{"0":"post-238824","1":"post","2":"type-post","3":"status-publish","4":"format-standard","5":"has-post-thumbnail","7":"category-internacional","8":"tag-breaking-news","9":"tag-breakingnews","10":"tag-featured-news","11":"tag-featurednews","12":"tag-headlines","13":"tag-internacional","14":"tag-international","15":"tag-international-news","16":"tag-internationalnews","17":"tag-latest-news","18":"tag-latestnews","19":"tag-news","20":"tag-noticias","21":"tag-noticias-destacadas","22":"tag-noticiasdestacadas","23":"tag-titulares","24":"tag-ultimas-noticias","25":"tag-ultimasnoticias","26":"tag-world","27":"tag-world-news","28":"tag-worldnews"},"share_on_mastodon":{"url":"https:\/\/pubeurope.com\/@es\/115558699871717658","error":""},"_links":{"self":[{"href":"https:\/\/www.europesays.com\/es\/wp-json\/wp\/v2\/posts\/238824","targetHints":{"allow":["GET"]}}],"collection":[{"href":"https:\/\/www.europesays.com\/es\/wp-json\/wp\/v2\/posts"}],"about":[{"href":"https:\/\/www.europesays.com\/es\/wp-json\/wp\/v2\/types\/post"}],"author":[{"embeddable":true,"href":"https:\/\/www.europesays.com\/es\/wp-json\/wp\/v2\/users\/2"}],"replies":[{"embeddable":true,"href":"https:\/\/www.europesays.com\/es\/wp-json\/wp\/v2\/comments?post=238824"}],"version-history":[{"count":0,"href":"https:\/\/www.europesays.com\/es\/wp-json\/wp\/v2\/posts\/238824\/revisions"}],"wp:featuredmedia":[{"embeddable":true,"href":"https:\/\/www.europesays.com\/es\/wp-json\/wp\/v2\/media\/238825"}],"wp:attachment":[{"href":"https:\/\/www.europesays.com\/es\/wp-json\/wp\/v2\/media?parent=238824"}],"wp:term":[{"taxonomy":"category","embeddable":true,"href":"https:\/\/www.europesays.com\/es\/wp-json\/wp\/v2\/categories?post=238824"},{"taxonomy":"post_tag","embeddable":true,"href":"https:\/\/www.europesays.com\/es\/wp-json\/wp\/v2\/tags?post=238824"}],"curies":[{"name":"wp","href":"https:\/\/api.w.org\/{rel}","templated":true}]}}