{"id":238828,"date":"2025-11-16T09:37:19","date_gmt":"2025-11-16T09:37:19","guid":{"rendered":"https:\/\/www.europesays.com\/es\/238828\/"},"modified":"2025-11-16T09:37:19","modified_gmt":"2025-11-16T09:37:19","slug":"eduardo-garcia-escudero-guiara-una-visita-a-la-exposicion-del-cdis-portuarios-1990","status":"publish","type":"post","link":"https:\/\/www.europesays.com\/es\/238828\/","title":{"rendered":"Eduardo Garc\u00eda Escudero guiar\u00e1 una visita a la exposici\u00f3n del CDIS &#8216;Portuarios, 1990&#8217;"},"content":{"rendered":"<p>\t\t\t\t\t\tImagen de Luis Ot\u00ed\t\t\t\t\t<\/p>\n<tr>\n<td>\n\t\t\t\t\t\t<img decoding=\"async\" src=\"https:\/\/www.europesays.com\/es\/wp-content\/uploads\/2025\/11\/captura_de_pantalla_2025-11-16_a_las_9.13.27.png\" alt=\"noticias\/imagen-asociada\/2025\/11\/captura_de_pantalla_2025-11-16_a_las_9.13.27.png\" class=\"col-xs-12 col-md-12 img-responsive img-left\"\/>\n\t\t\t\t\t<\/td>\n<\/tr>\n<p class=\"lead\">\n\t\t\t\tNoem\u00ed M\u00e9ndez invita a los ciudadanos a participar en esta actividad gratuita, que permitir\u00e1 conocer en profundidad la mirada del fot\u00f3grafo sobre la vida en los muelles santanderinos de finales del siglo XX.\t\t\t<\/p>\n<p style=\"text-align: justify;\">El Centro de Documentaci\u00f3n de la Imagen de Santander (CDIS) celebrar\u00e1 el pr\u00f3ximo mi\u00e9rcoles, 19 de noviembre, a las 19.30 horas, una visita guiada a la exposici\u00f3n \u2018Portuarios, 1990\u2019 del fot\u00f3grafo santanderino Luis Ot\u00ed, que recoge su trabajo documental sobre la vida en el puerto de la ciudad a comienzos de los a\u00f1os noventa.<\/p>\n<p style=\"text-align: justify;\">La visita ser\u00e1 conducida por Eduardo Garc\u00eda Escudero, responsable de Comunicaci\u00f3n e Imagen de la Autoridad Portuaria de Santander, donde tambi\u00e9n coordina el \u00e1rea de Actividades Culturales, que integra espacios como el Palacete del Embarcadero, el Centro de Arte Faro Cabo Mayor y la Nave Sotoliva.<\/p>\n<p style=\"text-align: justify;\">Licenciado en Historia y m\u00e1ster en Patrimonio Hist\u00f3rico y Territorial por la Universidad de Cantabria, Garc\u00eda Escudero aportar\u00e1 una mirada experta sobre la relaci\u00f3n entre la ciudad, su puerto y la identidad visual de Santander.<\/p>\n<p style=\"text-align: justify;\">La concejala de Cultura, Noem\u00ed M\u00e9ndez, ha animado a los santanderinos y visitantes a participar en esta cita y ha asegurado que esta visita guiada es una oportunidad para redescubrir una parte esencial de nuestra memoria colectiva y comprender c\u00f3mo el arte puede ayudarnos a mirar de otro modo los espacios y oficios que marcaron la historia reciente de la ciudad.<\/p>\n<p style=\"text-align: justify;\">M\u00e9ndez ha recordado que la exposici\u00f3n ofrece un recorrido visual por el trabajo en los muelles santanderinos de finales del siglo XX, invitando a reflexionar sobre la transformaci\u00f3n de la ciudad y el valor humano de quienes formaron parte de aquel paisaje cotidiano.<\/p>\n<p style=\"text-align: justify;\">\u201cCon esta propuesta, continuamos acercando la fotograf\u00eda a la ciudadan\u00eda y fomentando el di\u00e1logo entre la memoria, el arte y la vida cotidiana de la ciudad\u201d, ha a\u00f1adido.<\/p>\n<p style=\"text-align: justify;\">Dividida en cuatro partes, la serie de Ot\u00ed documenta las labores de carga y descarga, la limpieza y mantenimiento de los barcos, y la actividad diaria de los trabajadores portuarios, combinando una t\u00e9cnica fotogr\u00e1fica impecable con una mirada respetuosa y sensible hacia el esfuerzo humano.<\/p>\n<p style=\"text-align: justify;\">El fot\u00f3grafo ha se\u00f1alado que su intenci\u00f3n fue retratar el duro trabajo que se llevaba a cabo en esta parte de la ciudad tan alejada de las miradas, evocando la nostalgia por aquel puerto que marc\u00f3 mi juventud.<\/p>\n<p style=\"text-align: justify;\">La muestra puede visitarse en el CDIS hasta el 17 de enero, de martes a s\u00e1bado y festivos, en horario de 11.00 a 14.00 y de 18.00 a 21.00 horas.<\/p>\n","protected":false},"excerpt":{"rendered":"Imagen de Luis Ot\u00ed Noem\u00ed M\u00e9ndez invita a los ciudadanos a participar en esta actividad gratuita, que permitir\u00e1&hellip;\n","protected":false},"author":2,"featured_media":238829,"comment_status":"","ping_status":"","sticky":false,"template":"","format":"standard","meta":{"footnotes":""},"categories":[5],"tags":[17,18,25,24,13,14,11,19,20,9,10,15,16,23,12,21,22],"class_list":{"0":"post-238828","1":"post","2":"type-post","3":"status-publish","4":"format-standard","5":"has-post-thumbnail","7":"category-titulares","8":"tag-breaking-news","9":"tag-breakingnews","10":"tag-es","11":"tag-espana","12":"tag-featured-news","13":"tag-featurednews","14":"tag-headlines","15":"tag-latest-news","16":"tag-latestnews","17":"tag-news","18":"tag-noticias","19":"tag-noticias-destacadas","20":"tag-noticiasdestacadas","21":"tag-spain","22":"tag-titulares","23":"tag-ultimas-noticias","24":"tag-ultimasnoticias"},"share_on_mastodon":{"url":"https:\/\/pubeurope.com\/@es\/115558707869797102","error":""},"_links":{"self":[{"href":"https:\/\/www.europesays.com\/es\/wp-json\/wp\/v2\/posts\/238828","targetHints":{"allow":["GET"]}}],"collection":[{"href":"https:\/\/www.europesays.com\/es\/wp-json\/wp\/v2\/posts"}],"about":[{"href":"https:\/\/www.europesays.com\/es\/wp-json\/wp\/v2\/types\/post"}],"author":[{"embeddable":true,"href":"https:\/\/www.europesays.com\/es\/wp-json\/wp\/v2\/users\/2"}],"replies":[{"embeddable":true,"href":"https:\/\/www.europesays.com\/es\/wp-json\/wp\/v2\/comments?post=238828"}],"version-history":[{"count":0,"href":"https:\/\/www.europesays.com\/es\/wp-json\/wp\/v2\/posts\/238828\/revisions"}],"wp:featuredmedia":[{"embeddable":true,"href":"https:\/\/www.europesays.com\/es\/wp-json\/wp\/v2\/media\/238829"}],"wp:attachment":[{"href":"https:\/\/www.europesays.com\/es\/wp-json\/wp\/v2\/media?parent=238828"}],"wp:term":[{"taxonomy":"category","embeddable":true,"href":"https:\/\/www.europesays.com\/es\/wp-json\/wp\/v2\/categories?post=238828"},{"taxonomy":"post_tag","embeddable":true,"href":"https:\/\/www.europesays.com\/es\/wp-json\/wp\/v2\/tags?post=238828"}],"curies":[{"name":"wp","href":"https:\/\/api.w.org\/{rel}","templated":true}]}}