{"id":238830,"date":"2025-11-16T09:42:07","date_gmt":"2025-11-16T09:42:07","guid":{"rendered":"https:\/\/www.europesays.com\/es\/238830\/"},"modified":"2025-11-16T09:42:07","modified_gmt":"2025-11-16T09:42:07","slug":"el-motivo-por-el-que-rafa-nadal-nunca-gano-las-atp-finals-segun-su-tio-toni-siempre-llegaba-al-final-de-la-temporada-muy-cansado-20minutos","status":"publish","type":"post","link":"https:\/\/www.europesays.com\/es\/238830\/","title":{"rendered":"El motivo por el que Rafa Nadal nunca gan\u00f3 las ATP Finals, seg\u00fan su t\u00edo Toni: &quot;Siempre llegaba al final de la temporada muy cansado&quot; &#8211; 20Minutos"},"content":{"rendered":"<ol>\n<li><a href=\"https:\/\/news.google.com\/rss\/articles\/CBMi_AFBVV95cUxPRU9QM1ljWUh2S0xCakFCTjY3dVA4OGxGYW9zT29Ba1psTVFUUUxfck5QYVF5Nmw3SnZmcktOWlF2bnFLLTRrQ3NseVZUd2JBYW5iVFI3ckFmcHp1ZllyODNST3E3OU1lNHpZMUdWeFJWd1ZWU2VaVUdlelJJVTdid0hiRmdCbno2ZTVVM2R6WG1zY3o0dXZ6cGl0U0lOQmlPYXZraVY4aTlVVjFqY19fYldFUkhQVjQ0U3lncUVkYjdIb1FULU43Zy1lWlJIejVTNEMtZllnQWZRTmxfNlZ5T2gzMEZ6QUVwTUJOZF9ycno4bWFOY3U3WnJXSGPSAYICQVVfeXFMUE5HclRMR0pQUWllRFpPRVQ0UzVUX1dWT2VJeEIwalZxbVhXajBaUWFzakFhdERBRjk1bVJ6MFcwWlhMUXl6ZUlsUDIwZHVmTEQ1ZExUQ2hhNEVNdzdiWWMya0RzUkd3d19YVFBHTXd3bGdYX2JlTnA5d3R2TVVyRnFpQjZ0ajVyZ2FlUC1XRjJrNkxMQzRQMWFsSnhRVHZJdXZ3UTNSWkxGZE1vMjMxQ2t2bUZBZjN3Q1AwdnYxV2tNSG9UVTRwbi1FcXRpZm9HTGI4TzF0QTFfOTB3LXhDUWxxWHpaSjh2bm1NWnB5RGt0TWd5ZkdOaVk4VG5fUVBWbkxB?oc=5\" target=\"_blank\" rel=\"nofollow noopener\">El motivo por el que Rafa Nadal nunca gan\u00f3 las ATP Finals, seg\u00fan su t\u00edo Toni: \u00abSiempre llegaba al final de la temporada muy cansado\u00bb<\/a>&nbsp;&nbsp;20Minutos<\/li>\n<li><a href=\"https:\/\/news.google.com\/rss\/articles\/CBMiuwFBVV95cUxPQWdTcHlKWXFpYUpVOUdrMktFX21sS2RhVUlPOHFXX0l4d3V1TWZEM1Z0RVhxTXpPWmo1cHUwVzAyWlcydGZjWGg3ZFpreW9xZGVmUXctSkI3dmpjeEZ5WTUwLTM5QjVaYWRNY3E5bVlxR2V3RTR3bFNhTllHSXhKcUVSTWhqbDNsQlpXNHNoOENqeVVVNUl5YVk2ZFRzVmNmWUhFaWc4TmhKWWRLSmhvUUdVekhfVFM3U05n0gHPAUFVX3lxTE9IR01SeW5fcEs5aFlxbVdEbDFKNDc1NjVoa0o2V1UtUjNtTlFGSlprb1lVMk1hMEhzV09KejJpRC1uWUNyRzBzYk5GRTVkejRGWXhpbFpLMGJudmR1NkRUSEJFME44VjA5b1VYYjlYV3phSkhhLThiUW1fZ21nUVRBZ3ZscUtwcUVZLTRhTy1fakNVNGlWZmlNTkpqdmtRUGY3S3IxQnNJbWZvanRvdmJGTTlrR1loUkMwdFdjZE1wYUI3cWZVZlJIUFVvM2ZZMA?oc=5\" target=\"_blank\" rel=\"nofollow noopener\">La soluci\u00f3n de Toni Nadal para mejorar el tenis: \u201cEl juego ser\u00eda menos violento\u201d<\/a>&nbsp;&nbsp;Diario AS<\/li>\n<li><a href=\"https:\/\/news.google.com\/rss\/articles\/CBMi2gFBVV95cUxPV214MTllOFA3TEt0NGczMDVUbmV6OTZMUkxybFgyVm1jRzhkRjUtcFltZGpsQ3UtYlBPcE95SVFJbUMxbnpCOGdIZnZpWmRzMmNqRHN3SFF3QjRDbTRRcjYxM1lfTk9seFdTSFBOV0xnT3RldzRpMC1DZFZ5Uk9xNWRIVjZTNUVWcWpkeHAtcnk0V0J4UXFiLS00S1ZJSG5wdHluMEtTazg5cmtjNDJ3RmdJbWcwSXpnR1lDS293REs0WENab2pNcFBFNHZnOXVFeE5kSVFSaFhtQdIB2gFBVV95cUxNbmpMRHQ3U25HV3dHTnM4SWk5Qy1HRWdJNDZjcVFFako5UFVFX0tNaldnanZjNk42Z2ZGQ3hVM09YaEdVWExOelVOSFFsbE9HRC1CNnJRQl9QWmpoNjVkUWVhVnVib0JZSVhHeE1EX0llaXVhOE1xNWl2MUhNNFZzVHVQNFhQbmdJZkJGN2R0SHpyQnNKSlpqWnVlWi1PUmI1Yl9vdmRQMHB2dlQwVjFrYXRJYkZ1YVpJMk9FaDJ5bWM5WHVYRlNnaHl6NUo5eXdTSDltVmpWZDFZZw?oc=5\" target=\"_blank\" rel=\"nofollow noopener\">Toni Nadal no ve a Sinner al nivel de Djokovic: \u00abTienen cosas en com\u00fan, pero&#8230;\u00bb<\/a>&nbsp;&nbsp;LaSexta<\/li>\n<li><a href=\"https:\/\/news.google.com\/rss\/articles\/CBMiwgFBVV95cUxQalNXYnpMM0F3cjdlS1VoZUhDMFZKSWZCT1VXRE5QTVlhaE5KRE1VVmpaaHkyZVVfLVZGYkthT3hqTE5uZjNtMUNfWHlVcHdUZTk4Y2dQcDYwTTBWSlU1am80dmlWSERxdFN3TWhkUTdlVE5GN2QyNHhnRUpDUEttYUJiWVVIdkVndDNMRUh4QjlKeXlYYnN2eE9tS0dOWU5uOFhTNDU5UTBaYjlNYWk5RU1ERXI1MEttTXBJbGZoWktwQdIB1gFBVV95cUxOQnhOeFpWTTRTQlJ1dzNWdnZjTGUzc0pqV0FzUnVmU2dGcnpKR1dGZ0RYM3dnMGE0WTRiODVQV2xsbXVaWFZqMnV6Sl9uaTBLb0wyRjRSUkdXZEtrWnlLaVNkRkJ3N1lONGpSWFlBeUZsNlVCWXBRUlhlZXBrZGpsbmMwQlBNNEtpaEwxVXVoSW5ZSl83YmpZdjVpVnpaSTY1eGhTTm43cDdPb1JVZ2FXa2dHdWp5SEJ4T0c2WkJ1ZnRTLTdMVzRlQVp5MTJhbGZPTzZCV1VB?oc=5\" target=\"_blank\" rel=\"nofollow noopener\">Preguntan a Toni Nadal por Rafa Nadal y por Djokovic y acaba planteando una revoluci\u00f3n en el tenis<\/a>&nbsp;&nbsp;El HuffPost<\/li>\n<li><a href=\"https:\/\/news.google.com\/rss\/articles\/CBMi1AFBVV95cUxQUmItSjBQYTFJZ3RhR2E1WTk2UVF6U3I0QXJKU3NITC1ZMExiWGpGY1AtTFhhZzdzQzZnMXc3UFotMjZQTUNjQlBTUTZYaEVzdGxUdlFMSGhlaVFUeFZhQmhTRWhOQk1weVl2ZUUyWWdBYS1DS2NTU2tsZEVJUm01d1E2VmJwR2ZUeGZWTWExZTcyUjQySTI1ZkgteGdQMmhBSlN2S0R2bGVtdzl1SWhLN1ZSLWI0Wi1HdHFSVmpsd3FYY0VZNV8wSnNRVV9xeHlLd0YwdA?oc=5\" target=\"_blank\" rel=\"nofollow noopener\">Toni Nadal asume la decadencia del tenis: \u201cSolo les interesan los mejores jugadores\u201d<\/a>&nbsp;&nbsp;Estadio Deportivo<\/li>\n<\/ol>\n","protected":false},"excerpt":{"rendered":"El motivo por el que Rafa Nadal nunca gan\u00f3 las ATP Finals, seg\u00fan su t\u00edo Toni: \u00abSiempre llegaba&hellip;\n","protected":false},"author":2,"featured_media":233937,"comment_status":"","ping_status":"","sticky":false,"template":"","format":"standard","meta":{"footnotes":""},"categories":[274],"tags":[168,25,24,23,167,327,326],"class_list":{"0":"post-238830","1":"post","2":"type-post","3":"status-publish","4":"format-standard","5":"has-post-thumbnail","7":"category-tenis","8":"tag-deportes","9":"tag-es","10":"tag-espana","11":"tag-spain","12":"tag-sports","13":"tag-tenis","14":"tag-tennis"},"share_on_mastodon":{"url":"https:\/\/pubeurope.com\/@es\/115558727509892704","error":""},"_links":{"self":[{"href":"https:\/\/www.europesays.com\/es\/wp-json\/wp\/v2\/posts\/238830","targetHints":{"allow":["GET"]}}],"collection":[{"href":"https:\/\/www.europesays.com\/es\/wp-json\/wp\/v2\/posts"}],"about":[{"href":"https:\/\/www.europesays.com\/es\/wp-json\/wp\/v2\/types\/post"}],"author":[{"embeddable":true,"href":"https:\/\/www.europesays.com\/es\/wp-json\/wp\/v2\/users\/2"}],"replies":[{"embeddable":true,"href":"https:\/\/www.europesays.com\/es\/wp-json\/wp\/v2\/comments?post=238830"}],"version-history":[{"count":0,"href":"https:\/\/www.europesays.com\/es\/wp-json\/wp\/v2\/posts\/238830\/revisions"}],"wp:featuredmedia":[{"embeddable":true,"href":"https:\/\/www.europesays.com\/es\/wp-json\/wp\/v2\/media\/233937"}],"wp:attachment":[{"href":"https:\/\/www.europesays.com\/es\/wp-json\/wp\/v2\/media?parent=238830"}],"wp:term":[{"taxonomy":"category","embeddable":true,"href":"https:\/\/www.europesays.com\/es\/wp-json\/wp\/v2\/categories?post=238830"},{"taxonomy":"post_tag","embeddable":true,"href":"https:\/\/www.europesays.com\/es\/wp-json\/wp\/v2\/tags?post=238830"}],"curies":[{"name":"wp","href":"https:\/\/api.w.org\/{rel}","templated":true}]}}