{"id":238833,"date":"2025-11-16T09:45:19","date_gmt":"2025-11-16T09:45:19","guid":{"rendered":"https:\/\/www.europesays.com\/es\/238833\/"},"modified":"2025-11-16T09:45:19","modified_gmt":"2025-11-16T09:45:19","slug":"al-baskonia-y-al-barcelona-les-falta-un-tipo-duro-que-haga-salir-dolorido-al-que-entre-en-la-zona","status":"publish","type":"post","link":"https:\/\/www.europesays.com\/es\/238833\/","title":{"rendered":"\u00abAl Baskonia y al Barcelona les falta un tipo duro que haga salir dolorido al que entre en la zona\u00bb"},"content":{"rendered":"<p>Juan Domingo de la Cruz (Pasteur, Argentina, 1954) lleg\u00f3 a Vitoria en 1990, con 36 a\u00f1os y seis meses y, todav\u00eda sin jugar, Herb Brown  &#8230; proclam\u00f3 ante todos los jugadores que era el c\u00e1ncer del equipo. El &#8216;Lagarto&#8217;, p\u00edvot internacional espa\u00f1ol en los 80, se carcajea de una de las muchas an\u00e9cdotas que relata con pelos, se\u00f1ales y mucha gracia. En cada respuesta deja perlas desinhibidas. \u00abNo tengo que quedar bien con nadie\u00bb, advierte. <\/p>\n<p class=\"v-p\">Su \u00fanica temporada en el Baskonia dio para mucho. Se convirti\u00f3 en el segundo argentino de la historia del club (despu\u00e9s de Ricardo Garc\u00eda) y es el segundo fichaje m\u00e1s veterano (tras Pablo Prigioni). Aunque su podio m\u00e1s recordado es la medalla de plata en los Juegos Ol\u00edmpicos de Los \u00c1ngeles 84. Con quien gan\u00f3 casi todo, fue con el Bar\u00e7a. \u00abEs mi club, pero no tengo que hacerle la rosca\u00bb, apunta desde Llub\u00ed (Mallorca), donde estableci\u00f3 su residencia y su propio club formativo. No tiene rubor en decir que la afici\u00f3n azulgrana es mejor que la del Bar\u00e7a. \u00abSon de los m\u00e1s entregados\u00bb.<\/p>\n<p class=\"v-p\"><strong>\u2013 \u00bfDe d\u00f3nde viene lo de &#8216;Lagarto&#8217;?<\/strong><\/p>\n<p class=\"v-p\">\u2013 De cuando los jugadores \u00e9ramos amigos de los periodistas. Al quedar cuartos en los Juegos de Mosc\u00fa, una compa\u00f1\u00eda nos regal\u00f3 un viaje donde quisi\u00e9ramos. La mayor\u00eda elegimos Miami y yo me pon\u00eda todo el rato al sol. Entonces Llu\u00eds Canut, que vino con nosotros, empez\u00f3 con la co\u00f1a de que era como un lagarto. Encima estaban los dibujos del &#8216;Lagarto Juancho&#8217;, de Argentina. Al principio me hac\u00eda poca gracia, pero hasta llevo tatuado un lagarto. <\/p>\n<p class=\"v-p\"><strong>\u2013 \u00bfY Juan Domingo, de Per\u00f3n?<\/strong><\/p>\n<p class=\"v-p\">\u2013 Efectivamente, mis abuelos eran peronistas y no encontraron otra gracia. Antes de venir fui campe\u00f3n sudamericano y nos recibi\u00f3 Per\u00f3n. Dijo &#8216;mi tocayo\u2026&#8217; y lo viv\u00ed como algo especial. F\u00edjate si era gilipollas que en aquellos primeros meses en Espa\u00f1a en 1975 dec\u00eda que quer\u00eda conocer a Franco.<\/p>\n<p class=\"v-p\"><strong>\u2013 Pero sus abuelos emigran de Salamanca, \u00bfno le contaron nada?<\/strong><\/p>\n<p class=\"v-p\">\u2013 No sabemos c\u00f3mo se fueron ni si tuvieron alg\u00fan problema. No quer\u00edan recordarlo. Mi abuelo era de un pueblo, Villarino de los Aires, y no s\u00e9 por qu\u00e9 no he ido nunca. Tuvo once hijos y su padre ocho. Fueron a poblar Argentina. Muri\u00f3 en la cama con la boina que llevaba siempre, le llamaban el vasco. Me ense\u00f1\u00f3 a jugar a la escoba y al chich\u00f3n, y juraba mucho. Luego se hicieron panaderos, yo vend\u00ed pan antes de ir a Espa\u00f1a. <\/p>\n<p><a href=\"http:\/\/www.elcorreo.com\/baskonia\/primera-cita-clave-copa-dilema-galbiati-palau-20251116011332-nt.html#vtm_modulosEngag=mod-rel:baskonia:noticia:1:cmp:1-not\" class=\"v-a-link\" aria-label=\"Imagen\" rel=\"nofollow noopener\" target=\"_blank\"><\/p>\n<p><img decoding=\"async\" loading=\"lazy\" src=\"https:\/\/www.europesays.com\/es\/wp-content\/uploads\/2025\/11\/GALBIATI-kKJB--366x256@El Correo.jpg\" class=\"v-a-img\" width=\"258\" height=\"180\" alt=\"\" data-voc-vtm-id=\"in-text-traffic\"\/><\/p>\n<p><\/a><\/p>\n<p class=\"v-p\"><strong>\u2013 \u00bfQu\u00e9 pa\u00eds se encuentra en 1975?<\/strong><\/p>\n<p class=\"v-p\">\u2013 Algo que no esperaba. Vengo del culo del mundo y resulta que est\u00e1bamos m\u00e1s adelantados. Ten\u00edamos cinco canales de televisi\u00f3n en color y aqu\u00ed hab\u00eda uno. Yo me esperaba otra cosa de Europa. Voy al primer partido en Madrid y nos llamaban &#8216;polacos&#8217;. No entend\u00eda mucho. Viv\u00eda con una familia catalana y un d\u00eda de noviembre sale un se\u00f1or con cara de muerto en la tele y dice: &#8216;Espa\u00f1oles, Franco ha muerto&#8217;. Y escucho &#8216;fill de puta, mal parido, ya era hora&#8217; y sacaron el cava. En aquella \u00e9poca era un tema pol\u00edtico. Ahora es m\u00e1s econ\u00f3mico, de potencial entre Barcelona y Madrid.<\/p>\n<p class=\"v-p\"><strong>\u2013 \u00bfC\u00f3mo hac\u00eda para aguantar a p\u00edvots con muchos m\u00e1s kilos como Sabonis, Tkachenko, Meneghin&#8230;?<\/strong><\/p>\n<p class=\"v-p\">\u2013 Yo estaba flaco. Pesaba 80 y pocos kilos con 2,05 de altura. Hac\u00edamos pruebas f\u00edsicas y en un sprint no me ganaba ni Solozabal ni los bases ni nadie. Y saltaba mucho. Entonces, para defenderles me pon\u00eda por delante. Yo no podr\u00eda jugar ahora con esas condiciones porque empujan y me hubieran sacado del campo. <\/p>\n<p class=\"v-p\"><strong>\u2013 Pero antes se jugaba m\u00e1s duro.<\/strong><\/p>\n<p class=\"v-p\">\u2013 Diferente. Cuando el bal\u00f3n est\u00e1 por fuera, ahora los p\u00edvots empujan, te sacan con el codo para afuera y eso antes no se permit\u00eda. Luego, debajo del aro, s\u00ed, hab\u00eda casta\u00f1as, guantazos\u2026 Era otra historia. Pero yo iba al frente. Cuando ven\u00eda el codo, ya me hab\u00eda tirado al suelo y sacaba muchas faltas en ataque. A los Tkachenko y los americanos les pon\u00eda cara de p\u00f3quer, de tocar las pelotas. No era guarro, era pegajoso. Yo no soltaba el brazo. Si me daban, respond\u00eda, eso s\u00ed. Pero era cargoso, como dicen en Argentina. Tocaba, cog\u00eda de la cintura y eso a los americanos no les gustaba nada. Luego ten\u00eda un tirito de media distancia que no estaba mal y poco m\u00e1s. Ahora peso 120 kilos, pero no salto ni un papel.<\/p>\n<p class=\"v-p\"><strong>\u2013 Se decant\u00f3 por la selecci\u00f3n espa\u00f1ola en lugar de la argentina. \u00bfQu\u00e9 le parece que est\u00e9 tan instaurado ahora lo de nacionalizar sin ra\u00edces?<\/strong><\/p>\n<p class=\"v-p\">\u2013 Me cuesta m\u00e1s entenderlo. Que te digan, mira, hoy te hago italiano&#8230; t\u00edo, est\u00e1s perjudicando a jugadores nativos. Antes, la gente se sab\u00eda todos los jugadores del Joventut, Madrid, Bar\u00e7a, Baskonia\u2026 Ahora, a m\u00ed mismo, me preguntas, y no te s\u00e9 decir los doce jugadores del Baskonia. Y eso que lo miro. Antes te sent\u00edas m\u00e1s identificado con los jugadores. En cambio va m\u00e1s gente a los pabellones. En el Buesa ahora algo menos que hace unos a\u00f1os porque la cosa va mal, pero las medias suben. Es un espect\u00e1culo distinto, pero el jugador local tiene menos espacio para hacerse hueco en equipos as\u00ed.<\/p>\n<p><img decoding=\"async\" loading=\"lazy\" src=\"https:\/\/www.europesays.com\/es\/wp-content\/uploads\/2025\/11\/BASKONIA - LAGARTO (2)-kYkH--650x975@El Correo.jpg\" class=\"v-a-img\" width=\"650\" height=\"975\" alt=\"De la Cruz, con 36 a\u00f1os en el Baskonia\" data-voc-vtm-id=\"in-text-traffic\"\/><\/p>\n<p>De la Cruz, con 36 a\u00f1os en el Baskonia<\/p>\n<p class=\"v-p\"><strong>\u2013 \u00bfRecuerda c\u00f3mo fue su fichaje por el Baskonia?<\/strong><\/p>\n<p class=\"v-p\">\u2013 Eso fue una historia\u2026 Yo ten\u00eda pensado dejar de jugar y me volvi\u00f3 a llamar Manolo Flores, del Bar\u00e7a. Que les echara una mano, que ten\u00edan pocos jugadores. Estaba Boza Maljkovic de entrenador, y me sac\u00f3 a jugar en el Open McDonald, en el Sant Jordi lleno, aplaudi\u00e9ndome&#8230; La cosa es que me quer\u00eda fichar pero estaba A\u00edto (Garc\u00eda Reneses) de director deportivo, que fue el que me ech\u00f3 en el 87. <\/p>\n<p class=\"v-p\">Me llama al despacho y, palabras textuales: &#8216;el yugoslavo te quiere fichar, pero yo no lo tengo claro&#8217;. Me dijo de hacerme ficha solo en liga. Pasamos al tema econ\u00f3mico. Sab\u00eda que ah\u00ed me la iba a clavar. Y me ofreci\u00f3 lo mismo que a los que limpiaban las escaleras del Palau. \u00c9l no me quer\u00eda fichar. Pero hab\u00eda intrahistoria. Luego me enter\u00e9 que Pepe Laso hab\u00eda llamado a A\u00edto y le dijo &#8216;qu\u00edtame de en medio a Juancho&#8217; que le quieren en el Baskonia. As\u00ed que me fui al Baskonia con mi hermano Chicho Sibilio.<\/p>\n<p>\u00abEl c\u00e1ncer del equipo\u00bb<\/p>\n<p class=\"v-p\"><strong>\u2013 \u00bfQu\u00e9 tal le fue con Herb Brown? <\/strong><\/p>\n<p class=\"v-p\">\u2013 Mis compa\u00f1eros se descojonan a\u00fan de esta an\u00e9cdota. Llego despu\u00e9s de varios partidos y el primer choque fuera me quedo encerrado en el vestuario en el descanso y tardaron en venir a por m\u00ed. Yo pensando &#8216;pues vaya lo que pinto yo aqu\u00ed&#8217;. Un despiste del delegado. No pasa nada. Yo no jugu\u00e9. Ya en el autob\u00fas, Herb Brown estaba muy enfadado y gritaba. Yo estaba atr\u00e1s del todo, como siempre, en medio, con las patas estiradas y Ram\u00f3n Rivas a un lado y Arlauckas a otro. Y Herb gritaba &#8216;en este equipo hay un c\u00e1ncer y lo voy a quitar&#8217; (imita la voz). Yo tan tranquilo. El equipo hab\u00eda jugado agilipollado y yo no hab\u00eda salido. Y sigue. &#8216;Por mucha medalla de plata que sea a m\u00ed no me vienen con tal. Y yo digo &#8216;epa, aqu\u00ed el \u00fanico plata soy yo&#8217;. Los dos de al lado m\u00edo se pegaron los cabrones contra la ventanilla y se re\u00edan. El resto se miraban en plan la que va a caer. Me convoc\u00f3 a las ocho de la ma\u00f1ana del d\u00eda siguiente y el resto libre. Entro al despacho y tranca la puerta con la silla. Yo lo ten\u00eda claro, en cuanto me haga algo, le pego una hostia que le empotro contra la pared. Estaba preparado. Se sienta y me dice, &#8216;De la Cruz, ten\u00eda que hacerlo porque has ganado lo que ninguno y ten\u00eda que demostrar poder. As\u00ed el resto est\u00e1 acojonado. Me tienes que disculpar&#8217;. Yo, flipando. <\/p>\n<p class=\"v-p\"><strong>\u2013 \u00bfY lleg\u00f3 a entrenar?<\/strong><\/p>\n<p class=\"v-p\">\u2013 Qu\u00e9 va, pero vaya bronca\u2026 Desde entonces, Herb les dec\u00eda a todos, &#8216;as\u00ed as\u00ed, como defiende Juanito&#8217;. Arlauckas siempre se re\u00eda, &#8216;te quer\u00eda echar y ahora eres Dios&#8217;. <\/p>\n<p class=\"v-p\"><strong>\u2013 Esa plantilla con Laso, Chicho, Arlauckas, Ram\u00f3n Rivas&#8230; \u00bfQui\u00e9n era el m\u00e1s macarra? <\/strong><\/p>\n<p class=\"v-p\">\u2013 Ram\u00f3n. Yo le adoro. Estuvo aqu\u00ed de crucero, lo fui a buscar, fuimos a comer y estuvimos con amigos. Pero \u00e9l era peligroso. Daba hostias como panes. \u00c9ramos un equipo duro. En las semis con el Joventut repartimos estopa buena. Yo hice lo que pod\u00eda y creo que no sali\u00f3 mal. Me llev\u00e9 muy bien con todos. Muchos son amigos. Arlauckas, Pablito (Laso), Walter Gui\u00f1azu\u2026 <\/p>\n<p><img decoding=\"async\" loading=\"lazy\" src=\"https:\/\/www.europesays.com\/es\/wp-content\/uploads\/2025\/11\/BASKONIA - LAGARTO (3).jpg\" class=\"v-a-img\" width=\"650\" height=\"455\" alt=\"Santillana, Romay, D\u00edaz Miguel, Rull\u00e1n, De la Cruz y Josean Querejeta, en una concentraci\u00f3n con la selecci\u00f3n.\" data-voc-vtm-id=\"in-text-traffic\"\/><\/p>\n<p>Santillana, Romay, D\u00edaz Miguel, Rull\u00e1n, De la Cruz y Josean Querejeta, en una concentraci\u00f3n con la selecci\u00f3n.<\/p>\n<p><img loading=\"lazy\" decoding=\"async\" src=\"https:\/\/www.europesays.com\/es\/wp-content\/uploads\/2025\/11\/BASKONIA - LAGARTO (3).jpg\" class=\"v-mdl__img-z\" width=\"1920\" height=\"1344\" alt=\"\"\/><\/p>\n<p class=\"v-p\"><strong>\u2013 \u00bfAlfredo Salazar le pidi\u00f3 alg\u00fan consejo por Argentina?<\/strong><\/p>\n<p class=\"v-p\">\u2013 Nada, se desenvolv\u00eda muy bien. Trajo lo mejor. No se le puede quitar ning\u00fan m\u00e9rito.<\/p>\n<p class=\"v-p\"><strong>\u2013 Aquella fue la primera temporada en el Pabell\u00f3n Araba.<\/strong><\/p>\n<p class=\"v-p\">\u2013 Bua, hac\u00eda un fr\u00edo\u2026 No s\u00e9 por qu\u00e9 hab\u00eda una parte abierta antes del inicio de la c\u00fapula. Adem\u00e1s me acuerdo que aquel a\u00f1o estuvimos aislados por nevadas un par de d\u00edas. Yo viv\u00eda en la calle Dato y hab\u00eda medio metro de nieve. <\/p>\n<p class=\"v-p\"><strong>\u2013 \u00bfC\u00f3mo era esa Vitoria?<\/strong><\/p>\n<p class=\"v-p\">\u2013 Tranquila, organizada. Chula para pasear. La comida era la leche. En cualquier sidrer\u00eda com\u00edas de maravilla. Chicho empez\u00f3 a vivir m\u00e1s la ciudad cuando llegu\u00e9. Hasta entonces le hab\u00eda costado moverse. \u00cdbamos a tomar alguna cervecita&#8230;<\/p>\n<p class=\"v-p\"><strong>\u2013 \u00bfY copas?<\/strong><\/p>\n<p class=\"v-p\">\u2013 No muchas, ten\u00eda mal el \u00e1cido \u00farico. Pero alguna ca\u00eda. Despu\u00e9s de alg\u00fan partido, alguna salidita ya hicimos. Pero nos port\u00e1bamos bien. Yo no me aburr\u00ed nada all\u00ed. <\/p>\n<p class=\"v-p\"><strong>\u2013 \u00bfCotiz\u00f3 en la Seguridad Social en sus a\u00f1os de jugador? <\/strong><\/p>\n<p class=\"v-p\">\u2013 Exist\u00eda pero a m\u00ed el Baskonia no me hizo nada. Ni el Valladolid, ni el Manresa\u2026 Yo declaraba a Hacienda lo que hab\u00eda que declarar, pero a m\u00ed no me constan esos a\u00f1os. Por eso tengo los problemas que tengo ahora. Tampoco hay compensaci\u00f3n por la selecci\u00f3n y estuve diez a\u00f1os. Est\u00e1 ahora Fernando Romay peleando por eso pero est\u00e1 dif\u00edcil. Con 15 a\u00f1os cotizados te dan un m\u00ednimo, pero me falta uno. Me reconocen la deuda conmigo, pero no la seguridad social. Y todos est\u00e1n igual. Los que jugaron antes de la ACB merecen que se les reconozcan estos a\u00f1os.<\/p>\n<p>El ego\u00edsmo de los jugadores<\/p>\n<p class=\"v-p\"><strong>\u2013 \u00bfC\u00f3mo ve la Liga ahora?<\/strong><\/p>\n<p class=\"v-p\">\u2013 Me aburre, no me engancha nada. Antes todos sab\u00edamos las plantillas del Joventut, Madrid,Baskonia, Bar\u00e7a&#8230; Ahora no me s\u00e9 la del Baskonia. Y eso que veo sus partidos. Al lo veo Bar\u00e7a mal. No ha hecho fichajes a la altura o no han dado un paso adelante. Me sabe muy mal el despido de Pe\u00f1arroya, que se lo tenga que comer \u00e9l cuando otros han decepcionado.<\/p>\n<p class=\"v-p\"><strong>\u2013 \u00bfTambi\u00e9n le entristeci\u00f3 la etapa de Laso en el Baskonia?<\/strong><\/p>\n<p class=\"v-p\">\u2013 Lo mismo. Estuve de ayudante en la selecci\u00f3n tras retirarme y vi actuaciones de compa\u00f1eros m\u00edos que dije en mi vida voy a ser entrenador profesional. Qu\u00e9 ego\u00edstas somos los jugadores. Nunca tenemos la culpa de nada. Me jode la felicidad de esta semana de los jugadores del Bar\u00e7a cuando el domingo anterior daban pena. <\/p>\n<p class=\"v-p\"><strong>\u2013 \u00bfC\u00f3mo ve el juego interior del Barcelona y Baskonia?<\/strong><\/p>\n<p class=\"v-p\">\u2013 Soy muy cr\u00edtico con el del Bar\u00e7a. Hace falta una bestia que meta miedo como Tavares. Un tipo que sea duro, fuerte y que cuando uno entre en la zona salga dolorido. En el Baskonia pasa lo mismo. A m\u00ed me gusta que el p\u00edvot sea p\u00edvot. Soy antiguo s\u00ed, pero a m\u00ed me gustan las trompadas en la pintura. Y por mucho que se diga, los equipos que llegan a la Final Four, son equipos duros. Puedes tener grandes tiradores como el Baskonia ha tenido, pero si no tienes un buen juego interior, el equipo est\u00e1 desequilibrado. Con Herb Brown ten\u00edamos cien sistemas. Ahora, cuatro abiertos, corremos, y yo me la tiro. A mis chicos les digo que no se fijen en la NBA, que vean la NCAA. Defienden como pira\u00f1as.<\/p>\n","protected":false},"excerpt":{"rendered":"Juan Domingo de la Cruz (Pasteur, Argentina, 1954) lleg\u00f3 a Vitoria en 1990, con 36 a\u00f1os y seis&hellip;\n","protected":false},"author":2,"featured_media":238834,"comment_status":"","ping_status":"","sticky":false,"template":"","format":"standard","meta":{"footnotes":""},"categories":[269],"tags":[299,210,298,4714,168,61671,2562,25,24,1998,19357,16427,23,167,6593,6420],"class_list":{"0":"post-238833","1":"post","2":"type-post","3":"status-publish","4":"format-standard","5":"has-post-thumbnail","7":"category-baloncesto","8":"tag-baloncesto","9":"tag-barcelona","10":"tag-basketball","11":"tag-baskonia","12":"tag-deportes","13":"tag-dolorido","14":"tag-duro","15":"tag-es","16":"tag-espana","17":"tag-falta","18":"tag-haga","19":"tag-salir","20":"tag-spain","21":"tag-sports","22":"tag-tipo","23":"tag-zona"},"share_on_mastodon":{"url":"https:\/\/pubeurope.com\/@es\/115558739532807911","error":""},"_links":{"self":[{"href":"https:\/\/www.europesays.com\/es\/wp-json\/wp\/v2\/posts\/238833","targetHints":{"allow":["GET"]}}],"collection":[{"href":"https:\/\/www.europesays.com\/es\/wp-json\/wp\/v2\/posts"}],"about":[{"href":"https:\/\/www.europesays.com\/es\/wp-json\/wp\/v2\/types\/post"}],"author":[{"embeddable":true,"href":"https:\/\/www.europesays.com\/es\/wp-json\/wp\/v2\/users\/2"}],"replies":[{"embeddable":true,"href":"https:\/\/www.europesays.com\/es\/wp-json\/wp\/v2\/comments?post=238833"}],"version-history":[{"count":0,"href":"https:\/\/www.europesays.com\/es\/wp-json\/wp\/v2\/posts\/238833\/revisions"}],"wp:featuredmedia":[{"embeddable":true,"href":"https:\/\/www.europesays.com\/es\/wp-json\/wp\/v2\/media\/238834"}],"wp:attachment":[{"href":"https:\/\/www.europesays.com\/es\/wp-json\/wp\/v2\/media?parent=238833"}],"wp:term":[{"taxonomy":"category","embeddable":true,"href":"https:\/\/www.europesays.com\/es\/wp-json\/wp\/v2\/categories?post=238833"},{"taxonomy":"post_tag","embeddable":true,"href":"https:\/\/www.europesays.com\/es\/wp-json\/wp\/v2\/tags?post=238833"}],"curies":[{"name":"wp","href":"https:\/\/api.w.org\/{rel}","templated":true}]}}