{"id":238838,"date":"2025-11-16T09:48:48","date_gmt":"2025-11-16T09:48:48","guid":{"rendered":"https:\/\/www.europesays.com\/es\/238838\/"},"modified":"2025-11-16T09:48:48","modified_gmt":"2025-11-16T09:48:48","slug":"una-ruta-por-los-murales-de-logrono-del-centro-a-los-barrios","status":"publish","type":"post","link":"https:\/\/www.europesays.com\/es\/238838\/","title":{"rendered":"Una ruta por los murales de Logro\u00f1o del centro a los barrios"},"content":{"rendered":"<p><a class=\"v-mdl-ath__fig-a\" href=\"https:\/\/www.larioja.com\/autor\/javier-campos-300.html\" title=\"Javier Campos\" rel=\"nofollow noopener\" target=\"_blank\"><br \/>\n<img decoding=\"async\" class=\"v-mdl-ath__img\" src=\"https:\/\/www.europesays.com\/es\/wp-content\/uploads\/2025\/11\/firmas-5343d23251c3d-foto.jpg\" alt=\"Javier Campos\"\/><br \/>\n<\/a><\/p>\n<p class=\"v-mdl-ath__p v-mdl-ath__p--6\">\nDomingo, 16 de noviembre 2025, 08:14<\/p>\n<p class=\"v-p\">\u00abTras pintar una obra, el artista no sabe cu\u00e1nto tiempo durar\u00e1 el mural. Por lo general pasan a formar parte de la vida e imaginario colectivo de una ciudad, pero con el tiempo los muros se degradan, descascarillan y los colores pierden su viveza o en el peor de los casos&#8230; son estropeados por gente que no entiende su belleza\u00bb. As\u00ed lo refleja &#8216;Visto en la calle&#8217;, cat\u00e1logo editado en 2020 con las pinturas promovidas por la Unidad de Juventud del Ayuntamiento de Logro\u00f1o en la \u00faltima d\u00e9cada. Diario LA RIOJA ha ido m\u00e1s all\u00e1 incluyendo lo que ya hab\u00eda antes, y lo que ha venido despu\u00e9s. No est\u00e1n todas las que son, pero s\u00ed son todas las que est\u00e1n, y lo cierto es que dan para una ruta muy a tener en cuenta.<\/p>\n<p><img decoding=\"async\" loading=\"lazy\" src=\"https:\/\/www.europesays.com\/es\/wp-content\/uploads\/2025\/11\/1763286499_262_MURAL BARRIOCEPO 10 JR003.jpg\" class=\"v-a-img\" width=\"624\" height=\"900\" alt=\"La medianera de la hoy Fundaci\u00f3n Dialnet (en Barriocepo) acoge desde 2013 uno de los murales de Globartia (Carlos Corres y Carlos L\u00f3pez Garrido) alusivo al Camino de Santiago (Sello Tattoo).\"\/><\/p>\n<p>Casa del Inquisidor<\/p>\n<p class=\"v-p\">La medianera de la hoy Fundaci\u00f3n Dialnet (en Barriocepo) acoge desde 2013 uno de los murales de Globartia (Carlos Corres y Carlos L\u00f3pez Garrido) alusivo al Camino de Santiago (Sello Tattoo).<\/p>\n<p>Justo Rodr\u00edguez<\/p>\n<p><img decoding=\"async\" loading=\"lazy\" src=\"https:\/\/www.europesays.com\/es\/wp-content\/uploads\/2025\/11\/1763286499_262_MURAL BARRIOCEPO 10 JR003.jpg\" class=\"v-mdl__img-z\" width=\"624\" height=\"900\" alt=\"La medianera de la hoy Fundaci\u00f3n Dialnet (en Barriocepo) acoge desde 2013 uno de los murales de Globartia (Carlos Corres y Carlos L\u00f3pez Garrido) alusivo al Camino de Santiago (Sello Tattoo).\"\/><\/p>\n<p><img loading=\"lazy\" decoding=\"async\" src=\"https:\/\/www.europesays.com\/es\/wp-content\/uploads\/2025\/11\/1763286499_262_MURAL BARRIOCEPO 10 JR003.jpg\" class=\"v-mdl__img-z\" width=\"624\" height=\"900\" alt=\"La medianera de la hoy Fundaci\u00f3n Dialnet (en Barriocepo) acoge desde 2013 uno de los murales de Globartia (Carlos Corres y Carlos L\u00f3pez Garrido) alusivo al Camino de Santiago (Sello Tattoo).\"\/><\/p>\n<p><img decoding=\"async\" loading=\"lazy\" src=\"https:\/\/www.europesays.com\/es\/wp-content\/uploads\/2025\/11\/MURAL ADARRAGA JR78.jpg\" class=\"v-a-img\" width=\"624\" height=\"900\" alt=\"El muro perimetral de una de las instalaciones deportivas al oeste de la ciudad presenta un mural en la avenida de la Playa, frente a la H\u00edpica, tambi\u00e9n obra de Globartia con el Ebro y el arbolado desaparecido como principales protagonistas (2015).\"\/><\/p>\n<p>Adarraga (frente a la H\u00edpica)<\/p>\n<p class=\"v-p\">El muro perimetral de una de las instalaciones deportivas al oeste de la ciudad presenta un mural en la avenida de la Playa, frente a la H\u00edpica, tambi\u00e9n obra de Globartia con el Ebro y el arbolado desaparecido como principales protagonistas (2015).<\/p>\n<p>Justo Rodr\u00edguez<\/p>\n<p><img decoding=\"async\" loading=\"lazy\" src=\"https:\/\/www.europesays.com\/es\/wp-content\/uploads\/2025\/11\/MURAL ADARRAGA JR78.jpg\" class=\"v-mdl__img-z\" width=\"624\" height=\"900\" alt=\"El muro perimetral de una de las instalaciones deportivas al oeste de la ciudad presenta un mural en la avenida de la Playa, frente a la H\u00edpica, tambi\u00e9n obra de Globartia con el Ebro y el arbolado desaparecido como principales protagonistas (2015).\"\/><\/p>\n<p><img loading=\"lazy\" decoding=\"async\" src=\"https:\/\/www.europesays.com\/es\/wp-content\/uploads\/2025\/11\/MURAL ADARRAGA JR78.jpg\" class=\"v-mdl__img-z\" width=\"624\" height=\"900\" alt=\"El muro perimetral de una de las instalaciones deportivas al oeste de la ciudad presenta un mural en la avenida de la Playa, frente a la H\u00edpica, tambi\u00e9n obra de Globartia con el Ebro y el arbolado desaparecido como principales protagonistas (2015).\"\/><\/p>\n<p><img decoding=\"async\" loading=\"lazy\" src=\"https:\/\/www.europesays.com\/es\/wp-content\/uploads\/2025\/11\/MURAL HERRERIAS JR001.jpg\" class=\"v-a-img\" width=\"624\" height=\"900\" alt=\"Obra de Susana Garay como homenaje a la resistencia ofrecida por los logro\u00f1eses en el asedio de 1521 en una de las medianeras del Casco Antiguo m\u00e1s fotografiadas desde entonces.\"\/><\/p>\n<p>Herrer\u00edas 16<\/p>\n<p class=\"v-p\">Obra de Susana Garay como homenaje a la resistencia ofrecida por los logro\u00f1eses en el asedio de 1521 en una de las medianeras del Casco Antiguo m\u00e1s fotografiadas desde entonces.<\/p>\n<p>Justo Rodr\u00edguez<\/p>\n<p><img decoding=\"async\" loading=\"lazy\" src=\"https:\/\/www.europesays.com\/es\/wp-content\/uploads\/2025\/11\/MURAL HERRERIAS JR001.jpg\" class=\"v-mdl__img-z\" width=\"624\" height=\"900\" alt=\"Obra de Susana Garay como homenaje a la resistencia ofrecida por los logro\u00f1eses en el asedio de 1521 en una de las medianeras del Casco Antiguo m\u00e1s fotografiadas desde entonces.\"\/><\/p>\n<p><img loading=\"lazy\" decoding=\"async\" src=\"https:\/\/www.europesays.com\/es\/wp-content\/uploads\/2025\/11\/MURAL HERRERIAS JR001.jpg\" class=\"v-mdl__img-z\" width=\"624\" height=\"900\" alt=\"Obra de Susana Garay como homenaje a la resistencia ofrecida por los logro\u00f1eses en el asedio de 1521 en una de las medianeras del Casco Antiguo m\u00e1s fotografiadas desde entonces.\"\/><\/p>\n<p><img decoding=\"async\" loading=\"lazy\" src=\"https:\/\/www.europesays.com\/es\/wp-content\/uploads\/2025\/11\/BarEstacionBus.jpg\" class=\"v-a-img\" width=\"624\" height=\"900\" alt=\"Un abrazo simb\u00f3lico, obra de Carlos Corres, adquiere todo su significado en la cafeter\u00eda de la nueva estaci\u00f3n de autobuses en el \u00faltimo mural encargado por el Ayuntamiento como tal (2024).\"\/><\/p>\n<p>Cafeter\u00eda de la estaci\u00f3n de autobuses<\/p>\n<p class=\"v-p\">Un abrazo simb\u00f3lico, obra de Carlos Corres, adquiere todo su significado en la cafeter\u00eda de la nueva estaci\u00f3n de autobuses en el \u00faltimo mural encargado por el Ayuntamiento como tal (2024).<\/p>\n<p>Miguel Peche<\/p>\n<p><img decoding=\"async\" loading=\"lazy\" src=\"https:\/\/www.europesays.com\/es\/wp-content\/uploads\/2025\/11\/BarEstacionBus.jpg\" class=\"v-mdl__img-z\" width=\"624\" height=\"900\" alt=\"Un abrazo simb\u00f3lico, obra de Carlos Corres, adquiere todo su significado en la cafeter\u00eda de la nueva estaci\u00f3n de autobuses en el \u00faltimo mural encargado por el Ayuntamiento como tal (2024).\"\/><\/p>\n<p><img loading=\"lazy\" decoding=\"async\" src=\"https:\/\/www.europesays.com\/es\/wp-content\/uploads\/2025\/11\/BarEstacionBus.jpg\" class=\"v-mdl__img-z\" width=\"624\" height=\"900\" alt=\"Un abrazo simb\u00f3lico, obra de Carlos Corres, adquiere todo su significado en la cafeter\u00eda de la nueva estaci\u00f3n de autobuses en el \u00faltimo mural encargado por el Ayuntamiento como tal (2024).\"\/><\/p>\n<p><img decoding=\"async\" loading=\"lazy\" src=\"https:\/\/www.europesays.com\/es\/wp-content\/uploads\/2025\/11\/MURAL BARRIOCEPO JR003.jpg\" class=\"v-a-img\" width=\"624\" height=\"900\" alt=\"Tambi\u00e9n Susana Garay es la autora del homenaje al turista en otro medianil del centro hist\u00f3rico de la capital de La Rioja en plena zona de murales.\"\/><\/p>\n<p>Barriocepo 35<\/p>\n<p class=\"v-p\">Tambi\u00e9n Susana Garay es la autora del homenaje al turista en otro medianil del centro hist\u00f3rico de la capital de La Rioja en plena zona de murales.<\/p>\n<p>Justo Rodr\u00edguez<\/p>\n<p><img decoding=\"async\" loading=\"lazy\" src=\"https:\/\/www.europesays.com\/es\/wp-content\/uploads\/2025\/11\/MURAL BARRIOCEPO JR003.jpg\" class=\"v-mdl__img-z\" width=\"624\" height=\"900\" alt=\"Tambi\u00e9n Susana Garay es la autora del homenaje al turista en otro medianil del centro hist\u00f3rico de la capital de La Rioja en plena zona de murales.\"\/><\/p>\n<p><img loading=\"lazy\" decoding=\"async\" src=\"https:\/\/www.europesays.com\/es\/wp-content\/uploads\/2025\/11\/MURAL BARRIOCEPO JR003.jpg\" class=\"v-mdl__img-z\" width=\"624\" height=\"900\" alt=\"Tambi\u00e9n Susana Garay es la autora del homenaje al turista en otro medianil del centro hist\u00f3rico de la capital de La Rioja en plena zona de murales.\"\/><\/p>\n<p><img decoding=\"async\" loading=\"lazy\" src=\"https:\/\/www.europesays.com\/es\/wp-content\/uploads\/2025\/11\/MURAL CALLE NORTE 5 JR003.jpg\" class=\"v-a-img\" width=\"624\" height=\"900\" alt=\"Mural realizado por Ra\u00fal Rodera en 2008 con el primer vuelo sobre Logro\u00f1o (todo un acontecimiento en 1910) como tem\u00e1tica bien visible desde la calle Norte.\"\/><\/p>\n<p>Plazuela Alonso Salazar<\/p>\n<p class=\"v-p\">Mural realizado por Ra\u00fal Rodera en 2008 con el primer vuelo sobre Logro\u00f1o (todo un acontecimiento en 1910) como tem\u00e1tica bien visible desde la calle Norte.<\/p>\n<p>Justo Rodr\u00edguez<\/p>\n<p><img decoding=\"async\" loading=\"lazy\" src=\"https:\/\/www.europesays.com\/es\/wp-content\/uploads\/2025\/11\/MURAL CALLE NORTE 5 JR003.jpg\" class=\"v-mdl__img-z\" width=\"624\" height=\"900\" alt=\"Mural realizado por Ra\u00fal Rodera en 2008 con el primer vuelo sobre Logro\u00f1o (todo un acontecimiento en 1910) como tem\u00e1tica bien visible desde la calle Norte.\"\/><\/p>\n<p><img loading=\"lazy\" decoding=\"async\" src=\"https:\/\/www.europesays.com\/es\/wp-content\/uploads\/2025\/11\/MURAL CALLE NORTE 5 JR003.jpg\" class=\"v-mdl__img-z\" width=\"624\" height=\"900\" alt=\"Mural realizado por Ra\u00fal Rodera en 2008 con el primer vuelo sobre Logro\u00f1o (todo un acontecimiento en 1910) como tem\u00e1tica bien visible desde la calle Norte.\"\/><\/p>\n<p><img decoding=\"async\" loading=\"lazy\" src=\"https:\/\/www.europesays.com\/es\/wp-content\/uploads\/2025\/11\/MURAL GRAN VIA 3_JR002.jpg\" class=\"v-a-img\" width=\"624\" height=\"900\" alt=\"Dise\u00f1o de Juan Jos\u00e9 S\u00e1inz Gil, es una de las creaciones ejecutadas con motivo del IX Centenario del Fuero de Logro\u00f1o en 1995, para el que el Consistorio capitalino convoc\u00f3 un concurso de ideas para adecentar hasta nueve medianiles.\"\/><\/p>\n<p>Gran V\u00eda 3<\/p>\n<p class=\"v-p\">Dise\u00f1o de Juan Jos\u00e9 S\u00e1inz Gil, es una de las creaciones ejecutadas con motivo del IX Centenario del Fuero de Logro\u00f1o en 1995, para el que el Consistorio capitalino convoc\u00f3 un concurso de ideas para adecentar hasta nueve medianiles.<\/p>\n<p>Justo Rodr\u00edguez<\/p>\n<p><img decoding=\"async\" loading=\"lazy\" src=\"https:\/\/www.europesays.com\/es\/wp-content\/uploads\/2025\/11\/MURAL GRAN VIA 3_JR002.jpg\" class=\"v-mdl__img-z\" width=\"624\" height=\"900\" alt=\"Dise\u00f1o de Juan Jos\u00e9 S\u00e1inz Gil, es una de las creaciones ejecutadas con motivo del IX Centenario del Fuero de Logro\u00f1o en 1995, para el que el Consistorio capitalino convoc\u00f3 un concurso de ideas para adecentar hasta nueve medianiles.\"\/><\/p>\n<p><img loading=\"lazy\" decoding=\"async\" src=\"https:\/\/www.europesays.com\/es\/wp-content\/uploads\/2025\/11\/MURAL GRAN VIA 3_JR002.jpg\" class=\"v-mdl__img-z\" width=\"624\" height=\"900\" alt=\"Dise\u00f1o de Juan Jos\u00e9 S\u00e1inz Gil, es una de las creaciones ejecutadas con motivo del IX Centenario del Fuero de Logro\u00f1o en 1995, para el que el Consistorio capitalino convoc\u00f3 un concurso de ideas para adecentar hasta nueve medianiles.\"\/><\/p>\n<p><img decoding=\"async\" loading=\"lazy\" src=\"https:\/\/www.europesays.com\/es\/wp-content\/uploads\/2025\/11\/MURAL PLAZA LIBOURNE JR83.jpg\" class=\"v-a-img\" width=\"624\" height=\"900\" alt=\"Una de las tres fachadas laterales completas, obra de Juan Jos\u00e9 Ortega Izquierdo, tambi\u00e9n con motivo de los 900 a\u00f1os del Fuero celebrado en 1995.\"\/><\/p>\n<p>Plaza de Libourne (1)<\/p>\n<p class=\"v-p\">Una de las tres fachadas laterales completas, obra de Juan Jos\u00e9 Ortega Izquierdo, tambi\u00e9n con motivo de los 900 a\u00f1os del Fuero celebrado en 1995.<\/p>\n<p>Justo Rodr\u00edguez<\/p>\n<p><img decoding=\"async\" loading=\"lazy\" src=\"https:\/\/www.europesays.com\/es\/wp-content\/uploads\/2025\/11\/MURAL PLAZA LIBOURNE JR83.jpg\" class=\"v-mdl__img-z\" width=\"624\" height=\"900\" alt=\"Una de las tres fachadas laterales completas, obra de Juan Jos\u00e9 Ortega Izquierdo, tambi\u00e9n con motivo de los 900 a\u00f1os del Fuero celebrado en 1995.\"\/><\/p>\n<p><img loading=\"lazy\" decoding=\"async\" src=\"https:\/\/www.europesays.com\/es\/wp-content\/uploads\/2025\/11\/MURAL PLAZA LIBOURNE JR83.jpg\" class=\"v-mdl__img-z\" width=\"624\" height=\"900\" alt=\"Una de las tres fachadas laterales completas, obra de Juan Jos\u00e9 Ortega Izquierdo, tambi\u00e9n con motivo de los 900 a\u00f1os del Fuero celebrado en 1995.\"\/><\/p>\n<p><img decoding=\"async\" loading=\"lazy\" src=\"https:\/\/www.europesays.com\/es\/wp-content\/uploads\/2025\/11\/MURAL PLAZA LIBOURNE JR99.jpg\" class=\"v-a-img\" width=\"624\" height=\"900\" alt=\"Una de las tres fachadas laterales completas, obra de Juan Jos\u00e9 Ortega Izquierdo, tambi\u00e9n con motivo de los 900 a\u00f1os del Fuero celebrado en 1995.\"\/><\/p>\n<p>Plaza de Libourne (2)<\/p>\n<p class=\"v-p\">Una de las tres fachadas laterales completas, obra de Juan Jos\u00e9 Ortega Izquierdo, tambi\u00e9n con motivo de los 900 a\u00f1os del Fuero celebrado en 1995.<\/p>\n<p>Justo Rodr\u00edguez<\/p>\n<p><img decoding=\"async\" loading=\"lazy\" src=\"https:\/\/www.europesays.com\/es\/wp-content\/uploads\/2025\/11\/MURAL PLAZA LIBOURNE JR99.jpg\" class=\"v-mdl__img-z\" width=\"624\" height=\"900\" alt=\"Una de las tres fachadas laterales completas, obra de Juan Jos\u00e9 Ortega Izquierdo, tambi\u00e9n con motivo de los 900 a\u00f1os del Fuero celebrado en 1995.\"\/><\/p>\n<p><img loading=\"lazy\" decoding=\"async\" src=\"https:\/\/www.europesays.com\/es\/wp-content\/uploads\/2025\/11\/MURAL PLAZA LIBOURNE JR99.jpg\" class=\"v-mdl__img-z\" width=\"624\" height=\"900\" alt=\"Una de las tres fachadas laterales completas, obra de Juan Jos\u00e9 Ortega Izquierdo, tambi\u00e9n con motivo de los 900 a\u00f1os del Fuero celebrado en 1995.\"\/><\/p>\n<p><img decoding=\"async\" loading=\"lazy\" src=\"https:\/\/www.europesays.com\/es\/wp-content\/uploads\/2025\/11\/MURALES PLAZA LIBOURNE JR001.jpg\" class=\"v-a-img\" width=\"624\" height=\"900\" alt=\"Una de las tres fachadas laterales completas, obra de Juan Jos\u00e9 Ortega Izquierdo, tambi\u00e9n con motivo de los 900 a\u00f1os del Fuero celebrado en 1995.\"\/><\/p>\n<p>Plaza de Libourne (y 3)<\/p>\n<p class=\"v-p\">Una de las tres fachadas laterales completas, obra de Juan Jos\u00e9 Ortega Izquierdo, tambi\u00e9n con motivo de los 900 a\u00f1os del Fuero celebrado en 1995.<\/p>\n<p>Justo Rodr\u00edguez<\/p>\n<p><img decoding=\"async\" loading=\"lazy\" src=\"https:\/\/www.europesays.com\/es\/wp-content\/uploads\/2025\/11\/MURALES PLAZA LIBOURNE JR001.jpg\" class=\"v-mdl__img-z\" width=\"624\" height=\"900\" alt=\"Una de las tres fachadas laterales completas, obra de Juan Jos\u00e9 Ortega Izquierdo, tambi\u00e9n con motivo de los 900 a\u00f1os del Fuero celebrado en 1995.\"\/><\/p>\n<p><img loading=\"lazy\" decoding=\"async\" src=\"https:\/\/www.europesays.com\/es\/wp-content\/uploads\/2025\/11\/MURALES PLAZA LIBOURNE JR001.jpg\" class=\"v-mdl__img-z\" width=\"624\" height=\"900\" alt=\"Una de las tres fachadas laterales completas, obra de Juan Jos\u00e9 Ortega Izquierdo, tambi\u00e9n con motivo de los 900 a\u00f1os del Fuero celebrado en 1995.\"\/><\/p>\n<p><img decoding=\"async\" loading=\"lazy\" src=\"https:\/\/www.europesays.com\/es\/wp-content\/uploads\/2025\/11\/MURAL_CADENA COCINA ECONO JR001.jpg\" class=\"v-a-img\" width=\"624\" height=\"900\" alt=\"Leo Pum (Leandro G\u00f3mez) y Manel Bafaluy firmaron el primer mural interactivo de la ciudad ('The Stroke') en 2022 en la calle La Cadena.\"\/><\/p>\n<p>Traseras de la Cocina Econ\u00f3mica<\/p>\n<p class=\"v-p\">Leo Pum (Leandro G\u00f3mez) y Manel Bafaluy firmaron el primer mural interactivo de la ciudad (&#8216;The Stroke&#8217;) en 2022 en la calle La Cadena.<\/p>\n<p>Justo Rodr\u00edguez<\/p>\n<p><img decoding=\"async\" loading=\"lazy\" src=\"https:\/\/www.europesays.com\/es\/wp-content\/uploads\/2025\/11\/MURAL_CADENA COCINA ECONO JR001.jpg\" class=\"v-mdl__img-z\" width=\"624\" height=\"900\" alt=\"Leo Pum (Leandro G\u00f3mez) y Manel Bafaluy firmaron el primer mural interactivo de la ciudad ('The Stroke') en 2022 en la calle La Cadena.\"\/><\/p>\n<p><img loading=\"lazy\" decoding=\"async\" src=\"https:\/\/www.europesays.com\/es\/wp-content\/uploads\/2025\/11\/MURAL_CADENA COCINA ECONO JR001.jpg\" class=\"v-mdl__img-z\" width=\"624\" height=\"900\" alt=\"Leo Pum (Leandro G\u00f3mez) y Manel Bafaluy firmaron el primer mural interactivo de la ciudad ('The Stroke') en 2022 en la calle La Cadena.\"\/><\/p>\n<p><img decoding=\"async\" loading=\"lazy\" src=\"https:\/\/www.europesays.com\/es\/wp-content\/uploads\/2025\/11\/Pincho.jpg\" class=\"v-a-img\" width=\"624\" height=\"900\" alt=\"Homenaje al saber vivir de Logro\u00f1o e invitaci\u00f3n al peregrino a degustar unos pinchos de la mano del grupo Boa Mistura en la esquina de la calle Mayor con la traves\u00eda de Palacio (detr\u00e1s del albegue) en 2010 (con la colaboraci\u00f3n del Aula de Cultura de Diario LA RIOJA).\"\/><\/p>\n<p>Esquina calle Mayor con traves\u00eda de Palacio<\/p>\n<p class=\"v-p\">Homenaje al saber vivir de Logro\u00f1o e invitaci\u00f3n al peregrino a degustar unos pinchos de la mano del grupo Boa Mistura en la esquina de la calle Mayor con la traves\u00eda de Palacio (detr\u00e1s del albegue) en 2010 (con la colaboraci\u00f3n del Aula de Cultura de Diario LA RIOJA).<\/p>\n<p>La Rioja<\/p>\n<p><img decoding=\"async\" loading=\"lazy\" src=\"https:\/\/www.europesays.com\/es\/wp-content\/uploads\/2025\/11\/Pincho.jpg\" class=\"v-mdl__img-z\" width=\"624\" height=\"900\" alt=\"Homenaje al saber vivir de Logro\u00f1o e invitaci\u00f3n al peregrino a degustar unos pinchos de la mano del grupo Boa Mistura en la esquina de la calle Mayor con la traves\u00eda de Palacio (detr\u00e1s del albegue) en 2010 (con la colaboraci\u00f3n del Aula de Cultura de Diario LA RIOJA).\"\/><\/p>\n<p><img loading=\"lazy\" decoding=\"async\" src=\"https:\/\/www.europesays.com\/es\/wp-content\/uploads\/2025\/11\/Pincho.jpg\" class=\"v-mdl__img-z\" width=\"624\" height=\"900\" alt=\"Homenaje al saber vivir de Logro\u00f1o e invitaci\u00f3n al peregrino a degustar unos pinchos de la mano del grupo Boa Mistura en la esquina de la calle Mayor con la traves\u00eda de Palacio (detr\u00e1s del albegue) en 2010 (con la colaboraci\u00f3n del Aula de Cultura de Diario LA RIOJA).\"\/><\/p>\n<p><img decoding=\"async\" loading=\"lazy\" src=\"https:\/\/www.europesays.com\/es\/wp-content\/uploads\/2025\/11\/MURAL_TRAVESIA LAUREL JR002.jpg\" class=\"v-a-img\" width=\"624\" height=\"900\" alt=\"El rostro de la escritora riojana Mar\u00eda de la O Lej\u00e1rraga de la artista Andrea Btoy, visto desde la calle Bret\u00f3n de los Herreros desde 2020, recuerda su importancia en la cultura \u00abdesde un punto de vista feminista\u00bb.\"\/><\/p>\n<p>Traves\u00eda del Laurel (desde Bret\u00f3n)<\/p>\n<p class=\"v-p\">El rostro de la escritora riojana Mar\u00eda de la O Lej\u00e1rraga de la artista Andrea Btoy, visto desde la calle Bret\u00f3n de los Herreros desde 2020, recuerda su importancia en la cultura \u00abdesde un punto de vista feminista\u00bb.<\/p>\n<p>Justo Rodr\u00edguez<\/p>\n<p><img decoding=\"async\" loading=\"lazy\" src=\"https:\/\/www.europesays.com\/es\/wp-content\/uploads\/2025\/11\/MURAL_TRAVESIA LAUREL JR002.jpg\" class=\"v-mdl__img-z\" width=\"624\" height=\"900\" alt=\"El rostro de la escritora riojana Mar\u00eda de la O Lej\u00e1rraga de la artista Andrea Btoy, visto desde la calle Bret\u00f3n de los Herreros desde 2020, recuerda su importancia en la cultura \u00abdesde un punto de vista feminista\u00bb.\"\/><\/p>\n<p><img loading=\"lazy\" decoding=\"async\" src=\"https:\/\/www.europesays.com\/es\/wp-content\/uploads\/2025\/11\/MURAL_TRAVESIA LAUREL JR002.jpg\" class=\"v-mdl__img-z\" width=\"624\" height=\"900\" alt=\"El rostro de la escritora riojana Mar\u00eda de la O Lej\u00e1rraga de la artista Andrea Btoy, visto desde la calle Bret\u00f3n de los Herreros desde 2020, recuerda su importancia en la cultura \u00abdesde un punto de vista feminista\u00bb.\"\/><\/p>\n<p><img decoding=\"async\" loading=\"lazy\" src=\"https:\/\/www.europesays.com\/es\/wp-content\/uploads\/2025\/11\/MURAL AVDA PAZ UR JR002.jpg\" class=\"v-a-img\" width=\"624\" height=\"900\" alt=\"La UR tambi\u00e9n se ha sumado a decorar algunos espacios al aire libre del campus universitario con murales, caso del de Carlos Torres.\"\/><\/p>\n<p>Universidad de La Rioja<\/p>\n<p class=\"v-p\">La UR tambi\u00e9n se ha sumado a decorar algunos espacios al aire libre del campus universitario con murales, caso del de Carlos Torres.<\/p>\n<p>Justo Rodr\u00edguez<\/p>\n<p><img decoding=\"async\" loading=\"lazy\" src=\"https:\/\/www.europesays.com\/es\/wp-content\/uploads\/2025\/11\/MURAL AVDA PAZ UR JR002.jpg\" class=\"v-mdl__img-z\" width=\"624\" height=\"900\" alt=\"La UR tambi\u00e9n se ha sumado a decorar algunos espacios al aire libre del campus universitario con murales, caso del de Carlos Torres.\"\/><\/p>\n<p><img loading=\"lazy\" decoding=\"async\" src=\"https:\/\/www.europesays.com\/es\/wp-content\/uploads\/2025\/11\/MURAL AVDA PAZ UR JR002.jpg\" class=\"v-mdl__img-z\" width=\"624\" height=\"900\" alt=\"La UR tambi\u00e9n se ha sumado a decorar algunos espacios al aire libre del campus universitario con murales, caso del de Carlos Torres.\"\/><\/p>\n<p><img decoding=\"async\" loading=\"lazy\" src=\"https:\/\/www.europesays.com\/es\/wp-content\/uploads\/2025\/11\/navaridas.jpg\" class=\"v-a-img\" width=\"624\" height=\"900\" alt=\"Obra de Demetrio Navaridas, otro de los nueve del IX Centenario del Fuero de Logro\u00f1o de 1995... necesitado de restauraci\u00f3n y de que el arbolado no lo tape la mayor parte del a\u00f1o.\"\/><\/p>\n<p>Albia de Castro 8<\/p>\n<p class=\"v-p\">Obra de Demetrio Navaridas, otro de los nueve del IX Centenario del Fuero de Logro\u00f1o de 1995&#8230; necesitado de restauraci\u00f3n y de que el arbolado no lo tape la mayor parte del a\u00f1o.<\/p>\n<p>J. C.<\/p>\n<p><img decoding=\"async\" loading=\"lazy\" src=\"https:\/\/www.europesays.com\/es\/wp-content\/uploads\/2025\/11\/navaridas.jpg\" class=\"v-mdl__img-z\" width=\"624\" height=\"900\" alt=\"Obra de Demetrio Navaridas, otro de los nueve del IX Centenario del Fuero de Logro\u00f1o de 1995... necesitado de restauraci\u00f3n y de que el arbolado no lo tape la mayor parte del a\u00f1o.\"\/><\/p>\n<p><img loading=\"lazy\" decoding=\"async\" src=\"https:\/\/www.europesays.com\/es\/wp-content\/uploads\/2025\/11\/navaridas.jpg\" class=\"v-mdl__img-z\" width=\"624\" height=\"900\" alt=\"Obra de Demetrio Navaridas, otro de los nueve del IX Centenario del Fuero de Logro\u00f1o de 1995... necesitado de restauraci\u00f3n y de que el arbolado no lo tape la mayor parte del a\u00f1o.\"\/><\/p>\n<p><img decoding=\"async\" loading=\"lazy\" src=\"https:\/\/www.europesays.com\/es\/wp-content\/uploads\/2025\/11\/MURAL_RGUEZ PATERNA JR001.jpg\" class=\"v-a-img\" width=\"624\" height=\"900\" alt=\"Sara Mart\u00ednez Maiso firm\u00f3 en 2022 uno de los tres murales incluidos dentro de una iniciativa municipal para fomentar la creaci\u00f3n entre los j\u00f3venes artistas logro\u00f1eses, en este caso evocando el sitio de Logro\u00f1o (junto a 'The Stroke' y la ludoteca La Cuca\u00f1a en Primero de Mayo). \"\/><\/p>\n<p>Calle Rodr\u00edguez Paterna (San Bartolom\u00e9)<\/p>\n<p class=\"v-p\">Sara Mart\u00ednez Maiso firm\u00f3 en 2022 uno de los tres murales incluidos dentro de una iniciativa municipal para fomentar la creaci\u00f3n entre los j\u00f3venes artistas logro\u00f1eses, en este caso evocando el sitio de Logro\u00f1o (junto a &#8216;The Stroke&#8217; y la ludoteca La Cuca\u00f1a en Primero de Mayo). <\/p>\n<p>Justo Rodr\u00edguez<\/p>\n<p><img decoding=\"async\" loading=\"lazy\" src=\"https:\/\/www.europesays.com\/es\/wp-content\/uploads\/2025\/11\/MURAL_RGUEZ PATERNA JR001.jpg\" class=\"v-mdl__img-z\" width=\"624\" height=\"900\" alt=\"Sara Mart\u00ednez Maiso firm\u00f3 en 2022 uno de los tres murales incluidos dentro de una iniciativa municipal para fomentar la creaci\u00f3n entre los j\u00f3venes artistas logro\u00f1eses, en este caso evocando el sitio de Logro\u00f1o (junto a 'The Stroke' y la ludoteca La Cuca\u00f1a en Primero de Mayo). \"\/><\/p>\n<p><img loading=\"lazy\" decoding=\"async\" src=\"https:\/\/www.europesays.com\/es\/wp-content\/uploads\/2025\/11\/MURAL_RGUEZ PATERNA JR001.jpg\" class=\"v-mdl__img-z\" width=\"624\" height=\"900\" alt=\"Sara Mart\u00ednez Maiso firm\u00f3 en 2022 uno de los tres murales incluidos dentro de una iniciativa municipal para fomentar la creaci\u00f3n entre los j\u00f3venes artistas logro\u00f1eses, en este caso evocando el sitio de Logro\u00f1o (junto a 'The Stroke' y la ludoteca La Cuca\u00f1a en Primero de Mayo). \"\/><\/p>\n<p><img decoding=\"async\" loading=\"lazy\" src=\"https:\/\/www.europesays.com\/es\/wp-content\/uploads\/2025\/11\/VueloMadridManila.jpg\" class=\"v-a-img\" width=\"624\" height=\"900\" alt=\"La esquina de Huesca con Gil de G\u00e1rate, con la fachada de un edificio del CEIP Vuelo Madrid Manila como lienzo, pas\u00f3 de un mural de David Vicent (Deyz) en Artefacto 2014 v\u00eda espray a otro de Wetes Murales Graffiti con la colaboraci\u00f3n de pinturas Isaval.\"\/><\/p>\n<p>CEIP Vuelo Madrid Manila<\/p>\n<p class=\"v-p\">La esquina de Huesca con Gil de G\u00e1rate, con la fachada de un edificio del CEIP Vuelo Madrid Manila como lienzo, pas\u00f3 de un mural de David Vicent (Deyz) en Artefacto 2014 v\u00eda espray a otro de Wetes Murales Graffiti con la colaboraci\u00f3n de pinturas Isaval.<\/p>\n<p>J. C.<\/p>\n<p><img decoding=\"async\" loading=\"lazy\" src=\"https:\/\/www.europesays.com\/es\/wp-content\/uploads\/2025\/11\/VueloMadridManila.jpg\" class=\"v-mdl__img-z\" width=\"624\" height=\"900\" alt=\"La esquina de Huesca con Gil de G\u00e1rate, con la fachada de un edificio del CEIP Vuelo Madrid Manila como lienzo, pas\u00f3 de un mural de David Vicent (Deyz) en Artefacto 2014 v\u00eda espray a otro de Wetes Murales Graffiti con la colaboraci\u00f3n de pinturas Isaval.\"\/><\/p>\n<p><img loading=\"lazy\" decoding=\"async\" src=\"https:\/\/www.europesays.com\/es\/wp-content\/uploads\/2025\/11\/VueloMadridManila.jpg\" class=\"v-mdl__img-z\" width=\"624\" height=\"900\" alt=\"La esquina de Huesca con Gil de G\u00e1rate, con la fachada de un edificio del CEIP Vuelo Madrid Manila como lienzo, pas\u00f3 de un mural de David Vicent (Deyz) en Artefacto 2014 v\u00eda espray a otro de Wetes Murales Graffiti con la colaboraci\u00f3n de pinturas Isaval.\"\/><\/p>\n<p><img decoding=\"async\" loading=\"lazy\" src=\"https:\/\/www.europesays.com\/es\/wp-content\/uploads\/2025\/11\/MURAL_CASA DE LA VIGA JR001.jpg\" class=\"v-a-img\" width=\"624\" height=\"900\" alt=\"El de las brujas de Zugarramurdi en el 6 de Rodr\u00edguez Paterna, en la popular casa de la Viga, es uno de los muchos murales, aunque de menor tama\u00f1o y aprovechando otros elementos, que pueden verse tanto en La Villanueva como en otros lugares del Casco Antiguo (generalmente ef\u00edmeros y en constante movimiento).\"\/><\/p>\n<p>La Villanueva<\/p>\n<p class=\"v-p\">El de las brujas de Zugarramurdi en el 6 de Rodr\u00edguez Paterna, en la popular casa de la Viga, es uno de los muchos murales, aunque de menor tama\u00f1o y aprovechando otros elementos, que pueden verse tanto en La Villanueva como en otros lugares del Casco Antiguo (generalmente ef\u00edmeros y en constante movimiento).<\/p>\n<p>Justo Rodr\u00edguez<\/p>\n<p><img decoding=\"async\" loading=\"lazy\" src=\"https:\/\/www.europesays.com\/es\/wp-content\/uploads\/2025\/11\/MURAL_CASA DE LA VIGA JR001.jpg\" class=\"v-mdl__img-z\" width=\"624\" height=\"900\" alt=\"El de las brujas de Zugarramurdi en el 6 de Rodr\u00edguez Paterna, en la popular casa de la Viga, es uno de los muchos murales, aunque de menor tama\u00f1o y aprovechando otros elementos, que pueden verse tanto en La Villanueva como en otros lugares del Casco Antiguo (generalmente ef\u00edmeros y en constante movimiento).\"\/><\/p>\n<p><img loading=\"lazy\" decoding=\"async\" src=\"https:\/\/www.europesays.com\/es\/wp-content\/uploads\/2025\/11\/MURAL_CASA DE LA VIGA JR001.jpg\" class=\"v-mdl__img-z\" width=\"624\" height=\"900\" alt=\"El de las brujas de Zugarramurdi en el 6 de Rodr\u00edguez Paterna, en la popular casa de la Viga, es uno de los muchos murales, aunque de menor tama\u00f1o y aprovechando otros elementos, que pueden verse tanto en La Villanueva como en otros lugares del Casco Antiguo (generalmente ef\u00edmeros y en constante movimiento).\"\/><\/p>\n<p><img decoding=\"async\" loading=\"lazy\" src=\"https:\/\/www.europesays.com\/es\/wp-content\/uploads\/2025\/11\/Muralrevellin.jpg\" class=\"v-a-img\" width=\"624\" height=\"900\" alt=\"Mural realizado en 2020 en el front\u00f3n del Revell\u00edn por las j\u00f3venes artistas logro\u00f1esas Sara Mart\u00ednez Maiso e Irene P\u00e9rez Llach (grupo Marayach, el mismo de los murales sobre los cerramientos de las parcelas del parque Princesa Leonor) en la l\u00ednea de las decoraciones deportivas que pueden tambi\u00e9n verse en el embarcadero.\"\/><\/p>\n<p>Front\u00f3n del Revell\u00edn<\/p>\n<p class=\"v-p\">Mural realizado en 2020 en el front\u00f3n del Revell\u00edn por las j\u00f3venes artistas logro\u00f1esas Sara Mart\u00ednez Maiso e Irene P\u00e9rez Llach (grupo Marayach, el mismo de los murales sobre los cerramientos de las parcelas del parque Princesa Leonor) en la l\u00ednea de las decoraciones deportivas que pueden tambi\u00e9n verse en el embarcadero.<\/p>\n<p>La Rioja<\/p>\n<p><img decoding=\"async\" loading=\"lazy\" src=\"https:\/\/www.europesays.com\/es\/wp-content\/uploads\/2025\/11\/Muralrevellin.jpg\" class=\"v-mdl__img-z\" width=\"624\" height=\"900\" alt=\"Mural realizado en 2020 en el front\u00f3n del Revell\u00edn por las j\u00f3venes artistas logro\u00f1esas Sara Mart\u00ednez Maiso e Irene P\u00e9rez Llach (grupo Marayach, el mismo de los murales sobre los cerramientos de las parcelas del parque Princesa Leonor) en la l\u00ednea de las decoraciones deportivas que pueden tambi\u00e9n verse en el embarcadero.\"\/><\/p>\n<p><img loading=\"lazy\" decoding=\"async\" src=\"https:\/\/www.europesays.com\/es\/wp-content\/uploads\/2025\/11\/Muralrevellin.jpg\" class=\"v-mdl__img-z\" width=\"624\" height=\"900\" alt=\"Mural realizado en 2020 en el front\u00f3n del Revell\u00edn por las j\u00f3venes artistas logro\u00f1esas Sara Mart\u00ednez Maiso e Irene P\u00e9rez Llach (grupo Marayach, el mismo de los murales sobre los cerramientos de las parcelas del parque Princesa Leonor) en la l\u00ednea de las decoraciones deportivas que pueden tambi\u00e9n verse en el embarcadero.\"\/><\/p>\n<p><img decoding=\"async\" loading=\"lazy\" src=\"https:\/\/www.europesays.com\/es\/wp-content\/uploads\/2025\/11\/ParqueDelEbro(Pasarela).jpg\" class=\"v-a-img\" width=\"624\" height=\"900\" alt=\"Con la zona de acceso a la pasarela peatonal a la cabeza, el parque del Ebro ofrece no pocos muros (la epidermis de la ciudad) para que j\u00f3venes y no tan j\u00f3venes creadores plasmen sus trabajos ('Visto en la calle' muestra parte de esa historia).\"\/><\/p>\n<p>Parque del Ebro<\/p>\n<p class=\"v-p\">Con la zona de acceso a la pasarela peatonal a la cabeza, el parque del Ebro ofrece no pocos muros (la epidermis de la ciudad) para que j\u00f3venes y no tan j\u00f3venes creadores plasmen sus trabajos (&#8216;Visto en la calle&#8217; muestra parte de esa historia).<\/p>\n<p>Miguel Peche<\/p>\n<p><img decoding=\"async\" loading=\"lazy\" src=\"https:\/\/www.europesays.com\/es\/wp-content\/uploads\/2025\/11\/ParqueDelEbro(Pasarela).jpg\" class=\"v-mdl__img-z\" width=\"624\" height=\"900\" alt=\"Con la zona de acceso a la pasarela peatonal a la cabeza, el parque del Ebro ofrece no pocos muros (la epidermis de la ciudad) para que j\u00f3venes y no tan j\u00f3venes creadores plasmen sus trabajos ('Visto en la calle' muestra parte de esa historia).\"\/><\/p>\n<p><img loading=\"lazy\" decoding=\"async\" src=\"https:\/\/www.europesays.com\/es\/wp-content\/uploads\/2025\/11\/ParqueDelEbro(Pasarela).jpg\" class=\"v-mdl__img-z\" width=\"624\" height=\"900\" alt=\"Con la zona de acceso a la pasarela peatonal a la cabeza, el parque del Ebro ofrece no pocos muros (la epidermis de la ciudad) para que j\u00f3venes y no tan j\u00f3venes creadores plasmen sus trabajos ('Visto en la calle' muestra parte de esa historia).\"\/><\/p>\n<p><img decoding=\"async\" loading=\"lazy\" src=\"https:\/\/www.europesays.com\/es\/wp-content\/uploads\/2025\/11\/CaminoDeSantiago.jpg\" class=\"v-a-img\" width=\"624\" height=\"900\" alt=\"Mural dedicado al Camino de Santiago en Logro\u00f1o, concretamente en el camino a La Grajera, en el t\u00fanel para salvar la circunvalaci\u00f3n en El Arco, obra de los ya citados Globartia en 2013 (restaurado en 2021 y, de nuevo, totalmente vandalizado actualmente).\"\/><\/p>\n<p>T\u00fanel del Camino a La Grajera<\/p>\n<p class=\"v-p\">Mural dedicado al Camino de Santiago en Logro\u00f1o, concretamente en el camino a La Grajera, en el t\u00fanel para salvar la circunvalaci\u00f3n en El Arco, obra de los ya citados Globartia en 2013 (restaurado en 2021 y, de nuevo, totalmente vandalizado actualmente).<\/p>\n<p>Miguel Peche<\/p>\n<p><img decoding=\"async\" loading=\"lazy\" src=\"https:\/\/www.europesays.com\/es\/wp-content\/uploads\/2025\/11\/CaminoDeSantiago.jpg\" class=\"v-mdl__img-z\" width=\"624\" height=\"900\" alt=\"Mural dedicado al Camino de Santiago en Logro\u00f1o, concretamente en el camino a La Grajera, en el t\u00fanel para salvar la circunvalaci\u00f3n en El Arco, obra de los ya citados Globartia en 2013 (restaurado en 2021 y, de nuevo, totalmente vandalizado actualmente).\"\/><\/p>\n<p><img loading=\"lazy\" decoding=\"async\" src=\"https:\/\/www.europesays.com\/es\/wp-content\/uploads\/2025\/11\/CaminoDeSantiago.jpg\" class=\"v-mdl__img-z\" width=\"624\" height=\"900\" alt=\"Mural dedicado al Camino de Santiago en Logro\u00f1o, concretamente en el camino a La Grajera, en el t\u00fanel para salvar la circunvalaci\u00f3n en El Arco, obra de los ya citados Globartia en 2013 (restaurado en 2021 y, de nuevo, totalmente vandalizado actualmente).\"\/><\/p>\n<p><img decoding=\"async\" loading=\"lazy\" src=\"https:\/\/www.europesays.com\/es\/wp-content\/uploads\/2025\/11\/PaseoFlorida.jpg\" class=\"v-a-img\" width=\"624\" height=\"900\" alt=\"Creado por personas usuarias del Centro Municipal de Acogida, en el Paseo de la Florida, a orillas del r\u00edo Ebro (en las inmediaciones del Puente de Piedra), es uno de los murales colaborativos o comunitarios (caso de los del 'orgullo de barrio' de San Jos\u00e9-Madre de Dios o contra la violencia machista en General Urrutia).\"\/><\/p>\n<p>Paseo de la Florida<\/p>\n<p class=\"v-p\">Creado por personas usuarias del Centro Municipal de Acogida, en el Paseo de la Florida, a orillas del r\u00edo Ebro (en las inmediaciones del Puente de Piedra), es uno de los murales colaborativos o comunitarios (caso de los del &#8216;orgullo de barrio&#8217; de San Jos\u00e9-Madre de Dios o contra la violencia machista en General Urrutia).<\/p>\n<p>La Rioja<\/p>\n<p><img decoding=\"async\" loading=\"lazy\" src=\"https:\/\/www.europesays.com\/es\/wp-content\/uploads\/2025\/11\/PaseoFlorida.jpg\" class=\"v-mdl__img-z\" width=\"624\" height=\"900\" alt=\"Creado por personas usuarias del Centro Municipal de Acogida, en el Paseo de la Florida, a orillas del r\u00edo Ebro (en las inmediaciones del Puente de Piedra), es uno de los murales colaborativos o comunitarios (caso de los del 'orgullo de barrio' de San Jos\u00e9-Madre de Dios o contra la violencia machista en General Urrutia).\"\/><\/p>\n<p><img loading=\"lazy\" decoding=\"async\" src=\"https:\/\/www.europesays.com\/es\/wp-content\/uploads\/2025\/11\/PaseoFlorida.jpg\" class=\"v-mdl__img-z\" width=\"624\" height=\"900\" alt=\"Creado por personas usuarias del Centro Municipal de Acogida, en el Paseo de la Florida, a orillas del r\u00edo Ebro (en las inmediaciones del Puente de Piedra), es uno de los murales colaborativos o comunitarios (caso de los del 'orgullo de barrio' de San Jos\u00e9-Madre de Dios o contra la violencia machista en General Urrutia).\"\/><\/p>\n<p><img decoding=\"async\" loading=\"lazy\" src=\"https:\/\/www.europesays.com\/es\/wp-content\/uploads\/2025\/11\/SantaTeresita.jpg\" class=\"v-a-img\" width=\"624\" height=\"900\" alt=\"Sara Ram\u00edrez gan\u00f3 en 2007 el concurso de ideas para la remodelaci\u00f3n del mural existente en el medianil de la iglesia de Santa Teresita con un dibujo que recog\u00eda el recuerdo de su infancia en ese mismo parque con su abuelo Pedro (en 1995 del mismo se ocup\u00f3 el Aula de Dise\u00f1o de la Esdir, dentro de la celebraci\u00f3n del Fuero).\"\/><\/p>\n<p>Parque Gallarza (Santa Teresita)<\/p>\n<p class=\"v-p\">Sara Ram\u00edrez gan\u00f3 en 2007 el concurso de ideas para la remodelaci\u00f3n del mural existente en el medianil de la iglesia de Santa Teresita con un dibujo que recog\u00eda el recuerdo de su infancia en ese mismo parque con su abuelo Pedro (en 1995 del mismo se ocup\u00f3 el Aula de Dise\u00f1o de la Esdir, dentro de la celebraci\u00f3n del Fuero).<\/p>\n<p>J. C.<\/p>\n<p><img decoding=\"async\" loading=\"lazy\" src=\"https:\/\/www.europesays.com\/es\/wp-content\/uploads\/2025\/11\/SantaTeresita.jpg\" class=\"v-mdl__img-z\" width=\"624\" height=\"900\" alt=\"Sara Ram\u00edrez gan\u00f3 en 2007 el concurso de ideas para la remodelaci\u00f3n del mural existente en el medianil de la iglesia de Santa Teresita con un dibujo que recog\u00eda el recuerdo de su infancia en ese mismo parque con su abuelo Pedro (en 1995 del mismo se ocup\u00f3 el Aula de Dise\u00f1o de la Esdir, dentro de la celebraci\u00f3n del Fuero).\"\/><\/p>\n<p><img loading=\"lazy\" decoding=\"async\" src=\"https:\/\/www.europesays.com\/es\/wp-content\/uploads\/2025\/11\/SantaTeresita.jpg\" class=\"v-mdl__img-z\" width=\"624\" height=\"900\" alt=\"Sara Ram\u00edrez gan\u00f3 en 2007 el concurso de ideas para la remodelaci\u00f3n del mural existente en el medianil de la iglesia de Santa Teresita con un dibujo que recog\u00eda el recuerdo de su infancia en ese mismo parque con su abuelo Pedro (en 1995 del mismo se ocup\u00f3 el Aula de Dise\u00f1o de la Esdir, dentro de la celebraci\u00f3n del Fuero).\"\/><\/p>\n","protected":false},"excerpt":{"rendered":"Domingo, 16 de noviembre 2025, 08:14 \u00abTras pintar una obra, el artista no sabe cu\u00e1nto tiempo durar\u00e1 el&hellip;\n","protected":false},"author":2,"featured_media":238839,"comment_status":"","ping_status":"","sticky":false,"template":"","format":"standard","meta":{"footnotes":""},"categories":[173],"tags":[229,233,231,230,232,234,11136,146,147,25,24,1641,6173,61673,8255,61672,23],"class_list":{"0":"post-238838","1":"post","2":"type-post","3":"status-publish","4":"format-standard","5":"has-post-thumbnail","7":"category-arte-y-diseno","8":"tag-arte","9":"tag-arte-y-diseno","10":"tag-arts","11":"tag-arts-and-design","12":"tag-design","13":"tag-diseno","14":"tag-edificios","15":"tag-entertainment","16":"tag-entretenimiento","17":"tag-es","18":"tag-espana","19":"tag-imagenes","20":"tag-logrono","21":"tag-medianeras","22":"tag-murales","23":"tag-pintados","24":"tag-spain"},"share_on_mastodon":{"url":"https:\/\/pubeurope.com\/@es\/115558757402455930","error":""},"_links":{"self":[{"href":"https:\/\/www.europesays.com\/es\/wp-json\/wp\/v2\/posts\/238838","targetHints":{"allow":["GET"]}}],"collection":[{"href":"https:\/\/www.europesays.com\/es\/wp-json\/wp\/v2\/posts"}],"about":[{"href":"https:\/\/www.europesays.com\/es\/wp-json\/wp\/v2\/types\/post"}],"author":[{"embeddable":true,"href":"https:\/\/www.europesays.com\/es\/wp-json\/wp\/v2\/users\/2"}],"replies":[{"embeddable":true,"href":"https:\/\/www.europesays.com\/es\/wp-json\/wp\/v2\/comments?post=238838"}],"version-history":[{"count":0,"href":"https:\/\/www.europesays.com\/es\/wp-json\/wp\/v2\/posts\/238838\/revisions"}],"wp:featuredmedia":[{"embeddable":true,"href":"https:\/\/www.europesays.com\/es\/wp-json\/wp\/v2\/media\/238839"}],"wp:attachment":[{"href":"https:\/\/www.europesays.com\/es\/wp-json\/wp\/v2\/media?parent=238838"}],"wp:term":[{"taxonomy":"category","embeddable":true,"href":"https:\/\/www.europesays.com\/es\/wp-json\/wp\/v2\/categories?post=238838"},{"taxonomy":"post_tag","embeddable":true,"href":"https:\/\/www.europesays.com\/es\/wp-json\/wp\/v2\/tags?post=238838"}],"curies":[{"name":"wp","href":"https:\/\/api.w.org\/{rel}","templated":true}]}}