{"id":238847,"date":"2025-11-16T09:54:14","date_gmt":"2025-11-16T09:54:14","guid":{"rendered":"https:\/\/www.europesays.com\/es\/238847\/"},"modified":"2025-11-16T09:54:14","modified_gmt":"2025-11-16T09:54:14","slug":"descubren-un-posible-mecanismo-implicado-en-la-resistencia-a-las-terapias-hormonales-en-cancer-de-mama-luminal","status":"publish","type":"post","link":"https:\/\/www.europesays.com\/es\/238847\/","title":{"rendered":"Descubren un posible mecanismo implicado en la resistencia a las terapias hormonales en c\u00e1ncer de mama luminal"},"content":{"rendered":"<p>Un equipo internacional de investigadores, liderados por el Centro de Investigaci\u00f3n del C\u00e1ncer (CSIC-Universidad de Salamanca- FICUS), ha descubierto un posible mecanismo implicado en la resistencia a las terapias hormonales en c\u00e1ncer de mama luminal, uno de los m\u00e1s prevalentes y de tratamiento m\u00e1s complejo en la actualidad.<\/p>\n<p>El estudio, publicado en la revista &#8216;Nucleic Acids Research&#8217;, ha demostrado que la prote\u00edna FOXA1, que act\u00faa como un interruptor celular que controla el crecimiento del tumor, cambia de comportamiento seg\u00fan su estado de acelitaci\u00f3n, una \u00abmarca qu\u00edmica\u00bb que, al perderse, hace que la prote\u00edna se vuelva m\u00e1s activa y colabore con los receptores HER2 y HER3, ayudando al tumor a esquivar los tratamientos que bloquean al receptor de estr\u00f3genos, otra prote\u00edna que alimenta el crecimiento de muchos tumores de mama.<\/p>\n<p>\u00abEstos resultados nos acercan a una medicina personalizada en el c\u00e1ncer de mama, permitiendo anticipar qu\u00e9 pacientes van a beneficiarse de combinaciones terap\u00e9uticas y disminuir la tasa de reca\u00eddas tras los tratamientos hormonales. Es especialmente relevante para los tumores HER2-low, cuyo conocimiento es m\u00e1s limitado\u00bb, ha afirmado el investigador principal del Centro de Investigaci\u00f3n del C\u00e1ncer y l\u00edder de la investigaci\u00f3n, Antoni Hurtado.<\/p>\n<p>Los cient\u00edficos tambi\u00e9n han comprobado en modelos celulares y animales que la activaci\u00f3n de HER2\/HER3 provoca la desacetilaci\u00f3n de FOXA1, lo que le permite escapar al control hormonal y activar genes asociados a peor pron\u00f3stico y menor respuesta a algunos tratamientos como fulvestrant, f\u00e1rmaco utilizado en la segunda l\u00ednea de tratamiento del c\u00e1ncer de mama luminal.<\/p>\n<p>Asimismo, han revelado que una prote\u00edna llamada HDAC2 desempe\u00f1a un papel \u00abesencial\u00bb en la forma en que ciertas se\u00f1ales favorecen el crecimiento del tumor, pues act\u00faa como un interruptor que ayuda a que las se\u00f1ales de HER2 y HER3 funcionen.<\/p>\n<p><strong>ESTRATEGIAS PARA BLOQUEAR HDAC2<\/strong><\/p>\n<p>Es por ello por lo que los investigadores han se\u00f1alado que crear nuevas estrategias para bloquear HDAC2 podr\u00eda tener una \u00abfuerte implicaci\u00f3n cl\u00ednica\u00bb para frenar el c\u00e1ncer, y es que el uso de inhibidores selectivos de histona desacetilasas (HDAC), como la romidepsina, ha logrado restaurar el control hormonal del crecimiento de las c\u00e9lulas tumorales, abriendo el camino hacia ensayos cl\u00ednicos m\u00e1s personalizados y nuevas combinaciones terap\u00e9uticas.<\/p>\n<p>Adem\u00e1s, han destacado la combinaci\u00f3n de terapias dirigidas contra la se\u00f1alizaci\u00f3n de HER2\/HER3 y el receptor de estr\u00f3genos, que han mostrado capacidad para revertir la resistencia en tumores HER2-low.<\/p>\n<p>Este tipo de tumores no tienen tanto HER2 como los m\u00e1s agresivos, pero tampoco est\u00e1 ausente en ellos, por lo que responden de forma distinta a los tratamientos y se hace necesario buscar terapias espec\u00edficas para ellos.<\/p>\n<p>La investigaci\u00f3n ha sido coliderada por la investigadora Sandra L\u00f3pez, del Grupo de Gen\u00f3mica Funcional del C\u00e1ncer del Centro de Investigaci\u00f3n del C\u00e1ncer (CSIC-Universidad de Salamanca-FICUS) y del Grupo de Regulaci\u00f3n del Ciclo Celular (previamente en el Instituto de Biosciencias de la Universidad de Oslo y actualmente en el Instituto de Biolog\u00eda Funcional y Gen\u00f3mica (USAL-CSIC).<\/p>\n<p>Los hallazgos han surgido de una colaboraci\u00f3n con el Institute of Biosciences (Universidad de Oslo, Suecia), el Institute for Cancer Research (Norwegian Radium Hospital, Noruega) y otros centros l\u00edderes en Europa, y ha sido financiado por el programa Horizon 2020 de la Uni\u00f3n Europea y por el Ministerio de Ciencia y Tecnolog\u00eda del Gobierno espa\u00f1ol.<\/p>\n<p><\/p>\n","protected":false},"excerpt":{"rendered":"Un equipo internacional de investigadores, liderados por el Centro de Investigaci\u00f3n del C\u00e1ncer (CSIC-Universidad de Salamanca- FICUS), ha&hellip;\n","protected":false},"author":2,"featured_media":238848,"comment_status":"","ping_status":"","sticky":false,"template":"","format":"standard","meta":{"footnotes":""},"categories":[92],"tags":[25,24,165,166,23],"class_list":{"0":"post-238847","1":"post","2":"type-post","3":"status-publish","4":"format-standard","5":"has-post-thumbnail","7":"category-salud","8":"tag-es","9":"tag-espana","10":"tag-health","11":"tag-salud","12":"tag-spain"},"share_on_mastodon":{"url":"https:\/\/pubeurope.com\/@es\/115558774579610148","error":""},"_links":{"self":[{"href":"https:\/\/www.europesays.com\/es\/wp-json\/wp\/v2\/posts\/238847","targetHints":{"allow":["GET"]}}],"collection":[{"href":"https:\/\/www.europesays.com\/es\/wp-json\/wp\/v2\/posts"}],"about":[{"href":"https:\/\/www.europesays.com\/es\/wp-json\/wp\/v2\/types\/post"}],"author":[{"embeddable":true,"href":"https:\/\/www.europesays.com\/es\/wp-json\/wp\/v2\/users\/2"}],"replies":[{"embeddable":true,"href":"https:\/\/www.europesays.com\/es\/wp-json\/wp\/v2\/comments?post=238847"}],"version-history":[{"count":0,"href":"https:\/\/www.europesays.com\/es\/wp-json\/wp\/v2\/posts\/238847\/revisions"}],"wp:featuredmedia":[{"embeddable":true,"href":"https:\/\/www.europesays.com\/es\/wp-json\/wp\/v2\/media\/238848"}],"wp:attachment":[{"href":"https:\/\/www.europesays.com\/es\/wp-json\/wp\/v2\/media?parent=238847"}],"wp:term":[{"taxonomy":"category","embeddable":true,"href":"https:\/\/www.europesays.com\/es\/wp-json\/wp\/v2\/categories?post=238847"},{"taxonomy":"post_tag","embeddable":true,"href":"https:\/\/www.europesays.com\/es\/wp-json\/wp\/v2\/tags?post=238847"}],"curies":[{"name":"wp","href":"https:\/\/api.w.org\/{rel}","templated":true}]}}