{"id":238852,"date":"2025-11-16T09:57:13","date_gmt":"2025-11-16T09:57:13","guid":{"rendered":"https:\/\/www.europesays.com\/es\/238852\/"},"modified":"2025-11-16T09:57:13","modified_gmt":"2025-11-16T09:57:13","slug":"cuando-es-el-black-friday-2025-y-que-tiendas-ya-han-empezado-sus-descuentos","status":"publish","type":"post","link":"https:\/\/www.europesays.com\/es\/238852\/","title":{"rendered":"Cu\u00e1ndo es el Black Friday 2025 y qu\u00e9 tiendas ya han empezado sus descuentos"},"content":{"rendered":"<p>Noviembre es el mes en el que da comienzo el <strong>Black Friday<\/strong>, una de las mayores campa\u00f1as de ofertas del a\u00f1o, por lo que a veces viene muy bien esperarse a esta fecha tan se\u00f1alada para comprar ese producto que tanto tiempo llev\u00e1bamos esperando a que bajase del precio. Pero&#8230; \u00bfcu\u00e1ndo se celebrar\u00e1 este a\u00f1o?<\/p>\n<p>Fechas clave del Black Friday 2025<\/p>\n<p>La fecha del Black Friday suele variar cada a\u00f1o porque depende del D\u00eda de Acci\u00f3n de Gracias en Estados Unidos, que se celebra el cuarto jueves de noviembre. Es por ello que la campa\u00f1a en 2025 se celebrar\u00e1 el pr\u00f3ximo <strong>28 de noviembre<\/strong>, aunque como mencionamos antes es previsible que durante toda la semana veamos muchas ofertas hasta la llegada del Ciberlunes.<\/p>\n<p>Tiendas que adelantan sus ofertas<\/p>\n<p><strong>Algunas tiendas no han querido esperar<\/strong> al pr\u00f3ximo 28 de noviembre para lanzar algunas ofertas previas al Black Friday. De momento, no son muchas las tiendas que se han adelantado, pero si buscamos algo en espec\u00edfico y se encuentra rebajado, es interesante mencionar que tanto <a rel=\"nofollow, sponsored, noopener, noreferrer\" target=\"_blank\" class=\"js-ecommerce\" id=\"link-ecommerce-1\" href=\"https:\/\/www.xataka.com\/redirect?url=https%3A%2F%2Fwww.elcorteingles.es%2Fblack-friday%2F&amp;category=seleccion&amp;ecomPostExpiration=perish&amp;postId=327100\" data-vars-affiliate-url=\"https:\/\/www.elcorteingles.es\/black-friday\/\">El Corte Ingl\u00e9s<\/a> como <a rel=\"nofollow, sponsored, noopener, noreferrer\" target=\"_blank\" class=\"js-ecommerce\" id=\"link-ecommerce-2\" href=\"https:\/\/www.xataka.com\/redirect?url=https%3A%2F%2Fwww.pccomponentes.com%2Fblack-friday&amp;category=seleccion&amp;ecomPostExpiration=perish&amp;postId=327100\" data-vars-affiliate-url=\"https:\/\/www.pccomponentes.com\/black-friday\">PcComponentes<\/a>, <a rel=\"nofollow, sponsored, noopener, noreferrer\" target=\"_blank\" class=\"js-ecommerce\" id=\"link-ecommerce-3\" href=\"https:\/\/www.xataka.com\/redirect?url=https%3A%2F%2Fwww.fnac.es%2F&amp;category=seleccion&amp;ecomPostExpiration=perish&amp;postId=327100\" data-vars-affiliate-url=\"https:\/\/www.fnac.es\/\">Fnac<\/a>, <a rel=\"nofollow, sponsored, noopener, noreferrer\" target=\"_blank\" class=\"js-ecommerce\" id=\"link-ecommerce-4\" href=\"https:\/\/www.xataka.com\/redirect?url=https%3A%2F%2Fwww.powerplanetonline.com%2Fes%2Fblack_friday&amp;category=seleccion&amp;ecomPostExpiration=perish&amp;postId=327100\" data-vars-affiliate-url=\"https:\/\/www.powerplanetonline.com\/es\/black_friday\">Powerplanet<\/a> o <a rel=\"nofollow, sponsored, noopener, noreferrer\" target=\"_blank\" class=\"js-ecommerce\" id=\"link-ecommerce-5\" href=\"https:\/\/www.xataka.com\/redirect?url=https%3A%2F%2Fwww.dyson.es%2Fblack-friday&amp;category=seleccion&amp;ecomPostExpiration=perish&amp;postId=327100\" data-vars-affiliate-url=\"https:\/\/www.dyson.es\/black-friday\">Dyson<\/a> ya est\u00e1n ofreciendo descuentos previos.<\/p>\n<p>    <a href=\"https:\/\/www.xataka.com\/seleccion\/black-friday-2025-mejores-ofertas-activas-corte-ingles-pccomponentes\" class=\"pivot-outboundlink\" data-vars-post-title=\"Black Friday 2025: las mejores ofertas ya activas en El Corte Ingl\u00e9s, PcComponentes y m\u00e1s\" rel=\"nofollow noopener\" target=\"_blank\"><br \/>\n     <img loading=\"lazy\" decoding=\"async\" alt=\"Black Friday 2025: las mejores ofertas ya activas en El Corte Ingl\u00e9s, PcComponentes y m\u00e1s\" width=\"375\" height=\"142\" src=\"https:\/\/www.europesays.com\/es\/wp-content\/uploads\/2025\/11\/1763287031_160_375_142.jpeg\"\/><br \/>\n    <\/a><\/p>\n<p><strong>MediaMarkt<\/strong> est\u00e1 celebrando su campa\u00f1a <a rel=\"nofollow, sponsored, noopener, noreferrer\" target=\"_blank\" class=\"js-ecommerce\" id=\"link-ecommerce-6\" href=\"https:\/\/www.xataka.com\/redirect?url=https%3A%2F%2Fwww.mediamarkt.es%2Fes%2Fcampaign%2Fblack-friday&amp;category=seleccion&amp;ecomPostExpiration=perish&amp;postId=327100\" data-vars-affiliate-url=\"https:\/\/www.mediamarkt.es\/es\/campaign\/black-friday\">Semanas Black<\/a>, y finalizar\u00e1 el pr\u00f3ximo jueves, por lo que a\u00fan tenemos unos d\u00edas para aprovechar los numerosos descuentos que ofrece la tienda. <strong>Amazon<\/strong> dar\u00e1 su pistoletazo de salida unos d\u00edas antes, y por fin ya sabemos cu\u00e1ndo: el pr\u00f3ximo 20 de noviembre comenzar\u00e1 a lanzar <a rel=\"nofollow, sponsored, noopener, noreferrer\" target=\"_blank\" class=\"js-ecommerce\" id=\"link-ecommerce-7\" href=\"https:\/\/www.xataka.com\/redirect?url=https%3A%2F%2Fwww.amazon.es%2Fblackfriday%2F&amp;category=seleccion&amp;ecomPostExpiration=perish&amp;postId=327100\" data-vars-affiliate-url=\"https:\/\/www.amazon.es\/blackfriday\/\">ofertas previas al Black Friday<\/a>.<\/p>\n<p>Consejos para aprovecharlo<\/p>\n<p>Durante el viernes del Black Friday, y a lo largo de la semana incluyendo el fin de semana, podemos encontrar numerosas ofertas en todo tipo de productos. Por supuesto, <strong>no pueden faltar los descuentos en dispositivos<\/strong>; tales como <a class=\"text-outboundlink\" href=\"https:\/\/www.xataka.com\/analisis\/mejores-moviles-2022-analisis-videos\" data-vars-post-title=\"Los mejores m\u00f3viles (2025), los hemos probado y aqu\u00ed est\u00e1n sus an\u00e1lisis\" data-vars-post-url=\"https:\/\/www.xataka.com\/analisis\/mejores-moviles-2022-analisis-videos\" rel=\"nofollow noopener\" target=\"_blank\">m\u00f3viles<\/a>, <a class=\"text-outboundlink\" href=\"https:\/\/www.xataka.com\/seleccion\/mejores-portatiles-gaming-cual-comprar-19-ordenadores-recomendados-760-a-3-000-euros\" data-vars-post-title=\"Mejores port\u00e1tiles gaming en calidad precio. Cu\u00e1l comprar en funci\u00f3n del uso y seis modelos recomendados\" data-vars-post-url=\"https:\/\/www.xataka.com\/seleccion\/mejores-portatiles-gaming-cual-comprar-19-ordenadores-recomendados-760-a-3-000-euros\" rel=\"nofollow noopener\" target=\"_blank\">ordenadores port\u00e1tiles gaming<\/a> o dispositivos de Amazon como <a class=\"text-outboundlink\" href=\"https:\/\/www.xataka.com\/seleccion\/que-kindle-comprar-guia-compra-recomendaciones-para-acertar-lectores-libros-electronicos-amazon\" data-vars-post-title=\"Qu\u00e9 Kindle comprar: gu\u00eda de compra con recomendaciones para acertar con los lectores de libros electr\u00f3nicos de Amazon\" data-vars-post-url=\"https:\/\/www.xataka.com\/seleccion\/que-kindle-comprar-guia-compra-recomendaciones-para-acertar-lectores-libros-electronicos-amazon\" rel=\"nofollow noopener\" target=\"_blank\">Kindle<\/a> o <a class=\"text-outboundlink\" href=\"https:\/\/www.xataka.com\/seleccion\/mejores-amazon-fire-tv-cual-comprar-modelos-recomendados-para-convertir-tu-tv-smart-tv-funcion-uso\" data-vars-post-title=\"Mejores Amazon Fire TV. Cu\u00e1l comprar y modelos recomendados para convertir tu TV en un smart TV en funci\u00f3n del uso\" data-vars-post-url=\"https:\/\/www.xataka.com\/seleccion\/mejores-amazon-fire-tv-cual-comprar-modelos-recomendados-para-convertir-tu-tv-smart-tv-funcion-uso\" rel=\"nofollow noopener\" target=\"_blank\">Fire TV<\/a>.<\/p>\n<p>Como consejo, <strong>desde Xataka una vez m\u00e1s estaremos cubriendo toda la semana de ofertas del Black Friday<\/strong>, buscando los mejores chollos en todo tipo de dispositivos. No s\u00f3lo nos centraremos en m\u00f3viles, sino en cualquier otro producto tecnol\u00f3gico y de entretenimiento que resulte interesante por lo que es y por su precio.<\/p>\n<p>    <a href=\"https:\/\/www.xatakahome.com\/seleccion\/lidl-trae-manana-7-noviembre-a-sus-tiendas-este-enchufe-temporizador-8-euros\" class=\"pivot-outboundlink\" target=\"_blank\" data-vars-post-title=\"Ma\u00f1ana llega a Lidl este enchufe con temporizador por menos de 8 euros: ideal para ahorrar en la factura de la luz cada mes\" rel=\"nofollow noopener\"><br \/>\n     <img loading=\"lazy\" decoding=\"async\" alt=\"Ma\u00f1ana llega a Lidl este enchufe con temporizador por menos de 8 euros: ideal para ahorrar en la factura de la luz cada mes\" width=\"375\" height=\"142\" src=\"https:\/\/www.europesays.com\/es\/wp-content\/uploads\/2025\/11\/1762707557_139_375_142.jpeg\"\/><br \/>\n    <\/a><\/p>\n<p>Algunos de los enlaces de este art\u00edculo son afiliados y pueden reportar un beneficio a Xataka. En caso de no disponibilidad, las ofertas pueden variar.<\/p>\n<p>Imagen |\u00a0<a rel=\"noopener, noreferrer nofollow\" href=\"https:\/\/www.freepik.es\/autor\/bizkette1\" target=\"_blank\">BiZkettE1<\/a> en <a rel=\"noopener, noreferrer nofollow\" href=\"https:\/\/www.freepik.es\/\" target=\"_blank\">Freepik<\/a><\/p>\n<p>En Xataka |\u00a0<a class=\"text-outboundlink\" href=\"https:\/\/www.xataka.com\/seleccion\/mejores-aspiradores-mano-cual-comprar-7-1-modelos-recomendados-poco-30-euros\" data-vars-post-title=\"Mejores aspiradores de mano: cu\u00e1l comprar y 6 + 1 modelos recomendados desde poco m\u00e1s de 30 euros\" data-vars-post-url=\"https:\/\/www.xataka.com\/seleccion\/mejores-aspiradores-mano-cual-comprar-7-1-modelos-recomendados-poco-30-euros\" rel=\"nofollow noopener\" target=\"_blank\">Mejores aspiradores de mano: cu\u00e1l comprar y 6 + 1 modelos recomendados desde poco m\u00e1s de 30 euros<\/a><\/p>\n<p>En Xataka |\u00a0<a class=\"text-outboundlink\" href=\"https:\/\/www.xataka.com\/seleccion\/mejores-moviles-300-euros-2020-opinion-expertos-xataka\" data-vars-post-title=\"Los mejores m\u00f3viles por menos de 300 euros (2025). La opini\u00f3n de los expertos de Xataka\" data-vars-post-url=\"https:\/\/www.xataka.com\/seleccion\/mejores-moviles-300-euros-2020-opinion-expertos-xataka\" rel=\"nofollow noopener\" target=\"_blank\">Los mejores m\u00f3viles por menos de 300 euros (2025). La opini\u00f3n de los expertos de Xataka<\/a><\/p>\n","protected":false},"excerpt":{"rendered":"Noviembre es el mes en el que da comienzo el Black Friday, una de las mayores campa\u00f1as de&hellip;\n","protected":false},"author":2,"featured_media":238853,"comment_status":"","ping_status":"","sticky":false,"template":"","format":"standard","meta":{"footnotes":""},"categories":[80],"tags":[82,95,94,25,24,23],"class_list":{"0":"post-238852","1":"post","2":"type-post","3":"status-publish","4":"format-standard","5":"has-post-thumbnail","7":"category-economia","8":"tag-business","9":"tag-economia","10":"tag-economy","11":"tag-es","12":"tag-espana","13":"tag-spain"},"share_on_mastodon":{"url":"https:\/\/pubeurope.com\/@es\/115558786756340747","error":""},"_links":{"self":[{"href":"https:\/\/www.europesays.com\/es\/wp-json\/wp\/v2\/posts\/238852","targetHints":{"allow":["GET"]}}],"collection":[{"href":"https:\/\/www.europesays.com\/es\/wp-json\/wp\/v2\/posts"}],"about":[{"href":"https:\/\/www.europesays.com\/es\/wp-json\/wp\/v2\/types\/post"}],"author":[{"embeddable":true,"href":"https:\/\/www.europesays.com\/es\/wp-json\/wp\/v2\/users\/2"}],"replies":[{"embeddable":true,"href":"https:\/\/www.europesays.com\/es\/wp-json\/wp\/v2\/comments?post=238852"}],"version-history":[{"count":0,"href":"https:\/\/www.europesays.com\/es\/wp-json\/wp\/v2\/posts\/238852\/revisions"}],"wp:featuredmedia":[{"embeddable":true,"href":"https:\/\/www.europesays.com\/es\/wp-json\/wp\/v2\/media\/238853"}],"wp:attachment":[{"href":"https:\/\/www.europesays.com\/es\/wp-json\/wp\/v2\/media?parent=238852"}],"wp:term":[{"taxonomy":"category","embeddable":true,"href":"https:\/\/www.europesays.com\/es\/wp-json\/wp\/v2\/categories?post=238852"},{"taxonomy":"post_tag","embeddable":true,"href":"https:\/\/www.europesays.com\/es\/wp-json\/wp\/v2\/tags?post=238852"}],"curies":[{"name":"wp","href":"https:\/\/api.w.org\/{rel}","templated":true}]}}