{"id":238856,"date":"2025-11-16T09:59:09","date_gmt":"2025-11-16T09:59:09","guid":{"rendered":"https:\/\/www.europesays.com\/es\/238856\/"},"modified":"2025-11-16T09:59:09","modified_gmt":"2025-11-16T09:59:09","slug":"10-anos-10-fenomenos-extremos-agravados-por-el-cambio-climatico","status":"publish","type":"post","link":"https:\/\/www.europesays.com\/es\/238856\/","title":{"rendered":"10 a\u00f1os, 10 fen\u00f3menos extremos agravados por el cambio clim\u00e1tico"},"content":{"rendered":"<p>El cambio clim\u00e1tico dej\u00f3 ya hace tiempo de ser una amenaza futura. En los \u00faltimos diez a\u00f1os, los <strong>diez peores fen\u00f3menos extremos en Espa\u00f1a<\/strong> -desde sequ\u00edas a olas de calor pasando por destructivas inundaciones- han sido <strong>agravados por el cambio clim\u00e1tico<\/strong>. As\u00ed lo recoge un informe encargado por Greenpeace a cient\u00edficos del CSIC y publicado este domingo.<\/p>\n<p>El trabajo, <a href=\"https:\/\/www.rtve.es\/noticias\/20251114\/batalla-fin-combustibles-fosiles-protagonismo-cumbre-belem\/16816356.shtml\" rel=\"nofollow noopener\" target=\"_blank\">que sale a la luz en plena cumbre del clima<\/a>, estudia la profunda huella del calentamiento global en nuestro pa\u00eds, que se encuentra en uno de los puntos m\u00e1s vulnerables del planeta ante este fen\u00f3meno global. Concretamente, analiza<strong> tres olas de calor<\/strong> (2022, 2023 y 2025), <strong>tres sequ\u00edas repentinas <\/strong>(2022 y 2023), <strong>dos episodios de incendios<\/strong> (2022 y 2025), <strong>una ola de fr\u00edo<\/strong> (Filomena, en 2021) y una <strong>dana <\/strong>(la de Valencia de 2024). <\/p>\n<p>Sus autores comparan c\u00f3mo sucedieron en la realidad estos eventos con c\u00f3mo hubieran ocurrido en un mundo alternativo donde el calentamiento global fuese menor o inexistente. Y la conclusi\u00f3n es abrumadora: \u00abLos resultados muestran que todos los eventos analizados se vieron afectados por el calentamiento global, y que, excepto la ola de fr\u00edo, se intensificaron\u00bb. O en otras palabras, <strong>\u00abel cambio clim\u00e1tico intensific\u00f3 la mayor\u00eda de los eventos extremos m\u00e1s destructivos de los \u00faltimos a\u00f1os en Espa\u00f1a\u00bb<\/strong>.<\/p>\n<p>Los impactos estimados de estos diez eventos son \u00abdram\u00e1ticos\u00bb:<strong> 5.000 fallecidos, m\u00e1s de 370.000 personas afectadas y m\u00e1s de 23.000 millones de euros en da\u00f1os<\/strong>, seg\u00fan una estimaci\u00f3n \u00abconservadora\u00bb.<\/p>\n<p>Eventos m\u00e1s interrelacionados y simult\u00e1neos<\/p>\n<p>En lugar de ocurrir de forma aislada, \u00ablos eventos est\u00e1n cada vez m\u00e1s interrelacionados y suceden de forma simult\u00e1nea\u00bb, expone el informe, y pone de ejemplo:<strong> \u00abOlas de calor que agravan sequ\u00edas y disparan incendios<\/strong>, o lluvias torrenciales tras periodos de sequedad extrema que multiplican el riesgo de erosi\u00f3n e inundaciones\u00bb.<\/p>\n<p>Con respecto a las olas de calor, el estudio revela que las de 2022, 2023 y 2025 registraron temperaturas medias entre <strong>1,3 y 2,2 \u00b0C superiores a las que se habr\u00edan producido en un clima sin calentamiento global<\/strong>, duplicando o triplicando el territorio afectado por calor extremo.<\/p>\n<p>Por su parte, las sequ\u00edas repentinas de 2022 y 2023, que afectaron hasta un tercio del territorio nacional, mostraron <strong>d\u00e9ficits h\u00eddricos hasta un 20-25 % mayores que en el pasado<\/strong> y un 25 % m\u00e1s de superficie afectada. En el caso de los incendios, las grandes oleadas de 2022 y 2025 situaron a una cuarta parte m\u00e1s del pa\u00eds en situaci\u00f3n de riesgo cr\u00edtico. Adem\u00e1s, estuvieron estrechamente asociados a unas condiciones de calor y sequedad extremas, con incrementos del riesgo meteorol\u00f3gico de incendios superiores al 15-20% atribuidos al cambio clim\u00e1tico.<\/p>\n<p>Y respecto a la dana de octubre de 2024, que dej\u00f3 237 en Espa\u00f1a, la gran mayor\u00eda en Valencia, hallan que<strong> la <\/strong><a href=\"https:\/\/www.rtve.es\/noticias\/20241031\/cambio-climatico-dana-valencia-doble-probable\/16312046.shtml\" rel=\"nofollow noopener\" target=\"_blank\">intensidad aument\u00f3 hasta un 20% debido al cambio clim\u00e1tico<\/a>.<\/p>\n<p>Una huella \u00abm\u00e1s destructiva\u00bb en el futuro \u00absi no actuamos\u00bb<\/p>\n<p>El informe tambi\u00e9n alerta de que estos fen\u00f3menos se seguir\u00e1n agravando en el futuro si no se corrige r\u00e1pidamente el rumbo del aumento de emisiones. Seg\u00fan las proyecciones de la comunidad cient\u00edfica, si contin\u00faa la tendencia actual, el clima de Espa\u00f1a se dirige hacia un aumento de las temperaturas, mayor aridez, sequ\u00edas m\u00e1s severas, lluvias extremas m\u00e1s intensas y mayor riesgo de incendios forestales. <\/p>\n<p>Con los compromisos actuales, el mundo experimentar\u00e1 un\u00a0<strong>calentamiento de 2,3 a 2,5 \u00b0C\u00a0<\/strong>por encima de los niveles anteriores a la Revoluci\u00f3n Industrial, lo que tendr\u00eda unas consecuencias a\u00fan m\u00e1s dram\u00e1ticas de las que ya se est\u00e1n viviendo -el calentamiento actual es de 1,3 grados m\u00e1s que en aquel periodo-. <\/p>\n<p>\u00abEste informe nos vuelve a recordar que la huella del cambio clim\u00e1tico ser\u00e1 cada vez m\u00e1s destructiva si no actuamos. Exigimos al Gobierno de Espa\u00f1a que asuma un mayor liderazgo en esta COP y<strong> reduzca sus emisiones tres veces m\u00e1s r\u00e1pido<\/strong> para evitar los peores escenarios de la crisis clim\u00e1tica y salvar vidas\u201d, ha se\u00f1alado Pedro Zorrilla Miras, responsable de Cambio Clim\u00e1tico y delegado de Greenpeace Espa\u00f1a y Portugal en la cumbre del clima que se celebra en Bel\u00e9m, Brasil.<\/p>\n","protected":false},"excerpt":{"rendered":"El cambio clim\u00e1tico dej\u00f3 ya hace tiempo de ser una amenaza futura. En los \u00faltimos diez a\u00f1os, los&hellip;\n","protected":false},"author":2,"featured_media":238857,"comment_status":"","ping_status":"","sticky":false,"template":"","format":"standard","meta":{"footnotes":""},"categories":[8],"tags":[17,18,25,24,13,14,11,19,20,9,10,15,16,23,12,21,22],"class_list":{"0":"post-238856","1":"post","2":"type-post","3":"status-publish","4":"format-standard","5":"has-post-thumbnail","7":"category-espana","8":"tag-breaking-news","9":"tag-breakingnews","10":"tag-es","11":"tag-espana","12":"tag-featured-news","13":"tag-featurednews","14":"tag-headlines","15":"tag-latest-news","16":"tag-latestnews","17":"tag-news","18":"tag-noticias","19":"tag-noticias-destacadas","20":"tag-noticiasdestacadas","21":"tag-spain","22":"tag-titulares","23":"tag-ultimas-noticias","24":"tag-ultimasnoticias"},"share_on_mastodon":{"url":"","error":""},"_links":{"self":[{"href":"https:\/\/www.europesays.com\/es\/wp-json\/wp\/v2\/posts\/238856","targetHints":{"allow":["GET"]}}],"collection":[{"href":"https:\/\/www.europesays.com\/es\/wp-json\/wp\/v2\/posts"}],"about":[{"href":"https:\/\/www.europesays.com\/es\/wp-json\/wp\/v2\/types\/post"}],"author":[{"embeddable":true,"href":"https:\/\/www.europesays.com\/es\/wp-json\/wp\/v2\/users\/2"}],"replies":[{"embeddable":true,"href":"https:\/\/www.europesays.com\/es\/wp-json\/wp\/v2\/comments?post=238856"}],"version-history":[{"count":0,"href":"https:\/\/www.europesays.com\/es\/wp-json\/wp\/v2\/posts\/238856\/revisions"}],"wp:featuredmedia":[{"embeddable":true,"href":"https:\/\/www.europesays.com\/es\/wp-json\/wp\/v2\/media\/238857"}],"wp:attachment":[{"href":"https:\/\/www.europesays.com\/es\/wp-json\/wp\/v2\/media?parent=238856"}],"wp:term":[{"taxonomy":"category","embeddable":true,"href":"https:\/\/www.europesays.com\/es\/wp-json\/wp\/v2\/categories?post=238856"},{"taxonomy":"post_tag","embeddable":true,"href":"https:\/\/www.europesays.com\/es\/wp-json\/wp\/v2\/tags?post=238856"}],"curies":[{"name":"wp","href":"https:\/\/api.w.org\/{rel}","templated":true}]}}