{"id":238867,"date":"2025-11-16T10:10:09","date_gmt":"2025-11-16T10:10:09","guid":{"rendered":"https:\/\/www.europesays.com\/es\/238867\/"},"modified":"2025-11-16T10:10:09","modified_gmt":"2025-11-16T10:10:09","slug":"las-abuelas-del-barrio-son-mis-fans","status":"publish","type":"post","link":"https:\/\/www.europesays.com\/es\/238867\/","title":{"rendered":"Las abuelas del barrio son mis fans"},"content":{"rendered":"<p class=\"c-paragraph\"><b>A orillas del Manzanares, una voz resuena cada d\u00eda en el Puente de Toledo<\/b>. Es la de Agust\u00edn Vega, de 39 a\u00f1os y madrile\u00f1o de adopci\u00f3n, aunque argentino de origen. Guitarra en mano, el cantante ha convertido este rinc\u00f3n entre <a href=\"https:\/\/www.20minutos.es\/tags\/lugares\/carabanchel.html\" title=\"Carabanchel\" rel=\"nofollow noopener\" target=\"_blank\">Carabanchel <\/a>y <a href=\"https:\/\/www.20minutos.es\/tags\/lugares\/arganzuela.html\" title=\"Arganzuela\" rel=\"nofollow noopener\" target=\"_blank\">Arganzuela <\/a>en su escenario. \u00ab<b>Canto desde muy chiquito<\/b>\u00ab, explica Agust\u00edn. \u00abSiempre fui el cantante de los actos del colegio, el actor\u2026 toda mi vida transcurri\u00f3 con la m\u00fasica al 50%\u00bb. <a href=\"\">Estos seis a\u00f1os desde que se mud\u00f3 desde Buenos Aires compagin\u00f3 esa pasi\u00f3n con trabajos m\u00e1s convencionales<\/a>. Fue empleado en un estudio de abogados y lleg\u00f3 a dirigir una inmobiliaria en Madrid. Pero la idea de poder dedicarse a la m\u00fasica nunca desapareci\u00f3 del todo de su mente.<\/p>\n<p class=\"c-paragraph\">Fue un despido lo que marc\u00f3 el punto de inflexi\u00f3n. \u00abMe di cuenta de que estaba haciendo cosas que no quer\u00eda, solo para subsistir. <b>Ten\u00eda cierta edad y pens\u00e9: &#8216;Es ahora o nunca&#8217;. <\/b>Y decid\u00ed dedicarme de lleno a la m\u00fasica\u00bb. La elecci\u00f3n de la ubicaci\u00f3n fue casual. De hecho, fue una sugerencia de su exsuegra: \u00ab\u00bfPor qu\u00e9 no vas a cantar al puente?\u00bb, le dijo. Hace ya <b>cuatro a\u00f1os<\/b> que Agust\u00edn canta en el Puente de Toledo. \u00ab<a href=\"\">El entorno es espectacular<\/a><a href=\"\">. Me dio momentos \u00fanicos.<\/a> La gente que se detiene, sonr\u00ede, se emociona. Hay muchos ni\u00f1os, porque hay dos colegios cerca. El barrio me abraza con cari\u00f1o\u00bb, contin\u00faa.<\/p>\n<p class=\"c-paragraph\">Pero, desde verano, su relaci\u00f3n musical con el espacio se ha complicado. En febrero de este a\u00f1o, por primera vez desde que empez\u00f3, <b>la Polic\u00eda se acerc\u00f3 para multarle<\/b>. \u00abParece que a alguien le molestaba\u00bb, cuenta con resignaci\u00f3n. \u00abDesde entonces vinieron varias veces m\u00e1s. Yo me mov\u00ed, baj\u00e9 el volumen, me alej\u00e9 de las viviendas. No quiero problemas, solo quiero cantar\u00bb. Fue entonces cuando una vecina mayor, a la que describe como una de esas \u00abfans\u00bb que lo han \u00abvisto crecer\u00bb, le dio la idea: \u00abMe vio con la polic\u00eda y me dijo: \u00bfD\u00f3nde hay que firmar?\u00bb. As\u00ed naci\u00f3 <a href=\"https:\/\/www.change.org\/p\/convertir-el-puente-de-toledo-en-un-espacio-cultural-musical?source_location=search\" rel=\"nofollow noreferrer noopener\" title=\"https:\/\/www.change.org\/p\/convertir-el-puente-de-toledo-en-un-espacio-cultural-musical?source_location=search\" target=\"_blank\"><b>una <\/b><\/a><b><a href=\"\">recogida de firmas en Change.org<\/a><\/b> que ya acumula m\u00e1s de mil apoyos.<\/p>\n<p>Horarios y condiciones acordadas entre artistas locales<\/p>\n<p class=\"c-paragraph\">En ella, Agust\u00edn propone <b>revitalizar el Puente de Toledo como un espacio cultural vivo<\/b>, un lugar donde artistas locales puedan expresarse dentro de unos horarios y condiciones acordadas con las autoridades. \u00abLa m\u00fasica puede ser <a href=\"https:\/\/www.20minutos.es\/noticia\/5726749\/0\/carabanchel-coloca-una-escultura-de-canogar-y-da-un-paso-mas-en-la-creacion-de-su-futura-ruta-del-arte\/\" title=\"Carabanchel coloca una escultura de Canogar en el distrito y avanza en el trazado de su &quot;ruta del arte&quot;\" rel=\"nofollow noopener\" target=\"_blank\">un puente entre el arte, la identidad y la convivencia<\/a>\u00ab, defiende Agust\u00edn. Pero, confiesa, que principalmente la llev\u00f3 a cabo para poder seguir cantando en paz, con respeto y con orden: \u00abQuiero una <b>regulaci\u00f3n razonable<\/b> que permita a los m\u00fasicos actuar sin molestar a los vecinos ni enfrentarse a sanciones\u00bb.<\/p>\n<p class=\"c-paragraph\">Sin embargo, asegura que su iniciativa va m\u00e1s all\u00e1 de un caso personal y que gana fuerza cuando se habla de Carabanchel, un barrio que est\u00e1 sufriendo una transformaci\u00f3n hacia la deriva art\u00edstica que podr\u00eda beneficiarse de su iniciativa.\u00a0 \u00abLa m\u00fasica en vivo no solo alegra los paseos, crea identidad\u00bb, dice. Mientras tanto, Agust\u00edn sigue cantando varias veces por semana \u2014\u00bbdos, tres, cuatro veces, seg\u00fan el tiempo y el cuerpo\u00bb\u2014 durante <b>cinco o seis horas al d\u00eda<\/b>, como \u00abcualquier jornada laboral\u00bb: \u00abEs un trabajo duro, s\u00ed. Pero el cari\u00f1o de la gente me impulsa. Me levanto sabiendo que ese rato en el puente puede hacer sonre\u00edr a alguien\u00bb.<\/p>\n<p class=\"c-paragraph\">Ese cari\u00f1o se ha convertido en su mayor motor. No hay escaparate, ni aplauso de gran teatro que compita con la conexi\u00f3n diaria con sus vecinos. \u00abLas abuelas, las madres, los chavales\u2026 todos me animan. <b>Para m\u00ed, cantar no es solo un trabajo:<\/b> <b>es mi forma de conectar con la gente<\/b>\u00ab, explica. Su repertorio est\u00e1 pensado para el lugar y para el p\u00fablico. \u00abNo puedo ir a hacer un rock pesado o un metal, porque no tiene nada que ver con el ambiente. Trato de ser educado, no molesto, limpio el sitio cuando me voy. Cuido el puente, la gente y el barrio\u00bb.<\/p>\n","protected":false},"excerpt":{"rendered":"A orillas del Manzanares, una voz resuena cada d\u00eda en el Puente de Toledo. Es la de Agust\u00edn&hellip;\n","protected":false},"author":2,"featured_media":238868,"comment_status":"","ping_status":"","sticky":false,"template":"","format":"standard","meta":{"footnotes":""},"categories":[174],"tags":[30423,4328,255,146,147,25,5605,24,256,205,2497,23,5038,1952,8932],"class_list":{"0":"post-238867","1":"post","2":"type-post","3":"status-publish","4":"format-standard","5":"has-post-thumbnail","7":"category-famosos","8":"tag-agustin","9":"tag-cantante","10":"tag-celebrities","11":"tag-entertainment","12":"tag-entretenimiento","13":"tag-es","14":"tag-escenario","15":"tag-espana","16":"tag-famosos","17":"tag-madrid","18":"tag-puente","19":"tag-spain","20":"tag-suena","21":"tag-toledo","22":"tag-vega"},"share_on_mastodon":{"url":"https:\/\/pubeurope.com\/@es\/115558837624012461","error":""},"_links":{"self":[{"href":"https:\/\/www.europesays.com\/es\/wp-json\/wp\/v2\/posts\/238867","targetHints":{"allow":["GET"]}}],"collection":[{"href":"https:\/\/www.europesays.com\/es\/wp-json\/wp\/v2\/posts"}],"about":[{"href":"https:\/\/www.europesays.com\/es\/wp-json\/wp\/v2\/types\/post"}],"author":[{"embeddable":true,"href":"https:\/\/www.europesays.com\/es\/wp-json\/wp\/v2\/users\/2"}],"replies":[{"embeddable":true,"href":"https:\/\/www.europesays.com\/es\/wp-json\/wp\/v2\/comments?post=238867"}],"version-history":[{"count":0,"href":"https:\/\/www.europesays.com\/es\/wp-json\/wp\/v2\/posts\/238867\/revisions"}],"wp:featuredmedia":[{"embeddable":true,"href":"https:\/\/www.europesays.com\/es\/wp-json\/wp\/v2\/media\/238868"}],"wp:attachment":[{"href":"https:\/\/www.europesays.com\/es\/wp-json\/wp\/v2\/media?parent=238867"}],"wp:term":[{"taxonomy":"category","embeddable":true,"href":"https:\/\/www.europesays.com\/es\/wp-json\/wp\/v2\/categories?post=238867"},{"taxonomy":"post_tag","embeddable":true,"href":"https:\/\/www.europesays.com\/es\/wp-json\/wp\/v2\/tags?post=238867"}],"curies":[{"name":"wp","href":"https:\/\/api.w.org\/{rel}","templated":true}]}}