{"id":238869,"date":"2025-11-16T10:11:16","date_gmt":"2025-11-16T10:11:16","guid":{"rendered":"https:\/\/www.europesays.com\/es\/238869\/"},"modified":"2025-11-16T10:11:16","modified_gmt":"2025-11-16T10:11:16","slug":"entrevista-al-comisario-y-asesor-artistico-javier-molins-en-valencia","status":"publish","type":"post","link":"https:\/\/www.europesays.com\/es\/238869\/","title":{"rendered":"Entrevista al comisario y asesor art\u00edstico Javier Molins en Val\u00e8ncia"},"content":{"rendered":"<p class=\"ft-text ft-helper-closenews\"><strong>El <\/strong><a class=\"ft-link ft-link--decoration\" href=\"https:\/\/www.levante-emv.com\/cultura\/2025\/10\/16\/centro-arte-hortensia-herrero-celebra-122675644.html\" target=\"_blank\" rel=\"nofollow noopener\"><strong>Centro de Arte Hortensia Herrero (CAHH) celebr\u00f3 el martes sus dos a\u00f1os de vida<\/strong><\/a><strong>. \u00bfQu\u00e9 balance hace de este tiempo?<\/strong><\/p>\n<p class=\"ft-text\">Ha sido una sorpresa la recepci\u00f3n tanto por parte del p\u00fablico como de los medios de comunicaci\u00f3n. Desde el primer momento la ciudad se volc\u00f3 con el centro. De esta manera <strong>se han podido conseguir en dos a\u00f1os 400.000 visitantes<\/strong>. Pero sobre todo vemos que la ciudad ha hecho del <strong>CAHH <\/strong>algo propio. La gente de Val\u00e8ncia viene y repite, trae a familia y amigos, tambi\u00e9n hay reuniones de empresas. Pensamos que eso ser\u00eda el primer a\u00f1o, el llamado &#8216;efecto de descorche&#8217; y que luego bajar\u00eda, pero se ha mantenido. No pisamos a nadie, somos modelos distintos y estamos muy contentos de esa aceptaci\u00f3n.<\/p>\n<p class=\"ft-text\"><strong>Usted viaja mucho y reside fuera. \u00bfC\u00f3mo ven desde fuera el CAHH?<\/strong><\/p>\n<p class=\"ft-text\">Mucha gente se sorprende. Se lo present\u00e9 a <strong>Santiago Calatrava<\/strong> y dijo que Val\u00e8ncia ten\u00eda que estar muy orgullosa de tener esto. Coleccionistas internacionales de primer nivel no se esperan algo as\u00ed: ver obras a medida para el centro, el nivel en general de los artistas escogidos,&#8230; Nos preguntan c\u00f3mo hemos convencido a los artistas y la realidad es que, aunque son gente con agendas muy complicadas, se han implicado. <strong>La implicaci\u00f3n del artista es fundamental en un museo<\/strong>. Hay museos que tiene grandes nombres de la Historia del Arte, pero no hay una conexi\u00f3n entre esas obras y la familia o el centro de arte.<\/p>\n<p>\u00abCompartir la colecci\u00f3n con el p\u00fablico es un salto importante\u00bb<\/p>\n<p class=\"ft-text\"><strong>El CAHH ha cumplido solo dos a\u00f1os pero ya es visita cultural indispensable en Val\u00e8ncia. \u00bfPodemos hablar ya de consolidaci\u00f3n?<\/strong><\/p>\n<p class=\"ft-text\">Dir\u00eda que s\u00ed porque se dan dos aspectos: el centro y la colecci\u00f3n. El p\u00fablico y las instituciones nos conocen, estamos en el circuito, nos piden prestadas obras para otras exposiciones. <strong>Es importante la figura de Hortensia Herrero<\/strong>, \u00fanica coleccionista de arte espa\u00f1ola en la<a class=\"ft-link ft-link--decoration\" href=\"https:\/\/www.levante-emv.com\/cultura\/2025\/11\/06\/hortensia-herrero-unica-coleccionista-arte-123415620.html\" target=\"_blank\" rel=\"nofollow noopener\"> lista internacional Top 200 Collectors<\/a> solo dos a\u00f1os despu\u00e9s de haber abierto un museo. Abrir la persiana tiene un coste. Puedes comprar una colecci\u00f3n, que es una buena inversi\u00f3n porque muchas horas se revalorizan, pero la tienes en tu casa o en un almac\u00e9n. Sin embargo, abrir y querer <strong>compartir esas obras con el p\u00fablico es un salto importante<\/strong>. En Londres, por ejemplo, una ciudad capital del arte, no hay un coleccionista privado que haya abierto un edificio con su colecci\u00f3n privada. A veces no valoramos bien el calibre de lo que tenemos.<\/p>\n<p class=\"ft-text\"><strong>Para <\/strong><a class=\"ft-link ft-link--decoration\" href=\"https:\/\/www.cahh.es\/actividades\/conversaciones-cahh-jaume-plensa-y-javier-molins\/\" target=\"_blank\" rel=\"nofollow noopener\"><strong>celebrar estos dos a\u00f1os<\/strong><\/a><strong> ha anunciado la primera exposici\u00f3n temporal que har\u00e1 el CAHH. Ser\u00e1 en abril con una decena de obras monumentales de Anselm Kiefer. \u00bfHabr\u00e1 espacio para la colecci\u00f3n permanente y para otro para temporales?<\/strong><\/p>\n<p class=\"ft-text\">Ese es un poco el esquema de la mayor\u00eda de museos, que respetamos completamente, pero aqu\u00ed ser\u00e1 diferente. Nos gusta hacer las cosas de otra manera, al estilo que le gusta a Hortensia Herrero porque la clave de este centro es la colecci\u00f3n -el coraz\u00f3n de todo- y la coleccionista. Hay otros museos, sobre todo p\u00fablicos, que tienen una colecci\u00f3n de miles de piezas que est\u00e1n en un almac\u00e9n. Aqu\u00ed se ha preferido <strong>tener menos pero dar mayor empaque<\/strong>, con gran calidad y que se puedan ver de manera regular.<\/p>\n<p class=\"ft-text\"><strong>\u00bfC\u00f3mo puede seguir creciendo el centro? \u00bfCu\u00e1l es el reto?<\/strong><\/p>\n<p class=\"ft-text\">Hay que ir dando novedades de distintas formas, como puede ser la<a class=\"ft-link ft-link--decoration\" href=\"https:\/\/www.levante-emv.com\/cultura\/2025\/11\/11\/centro-arte-hortensia-herrero-abre-exposiciones-temporales-anselm-kiefer-123593499.html\" target=\"_blank\" rel=\"nofollow noopener\"> exposici\u00f3n temporal de Kiefer<\/a>. Tambi\u00e9n podemos mostrar en el futuro una nueva presentaci\u00f3n de la colecci\u00f3n porque Hortensia Herrero sigue activa y contin\u00faa comprando. Hay ciertas obras que vamos guardando pero que en un momento dado habr\u00e1 que presentar. La idea es que el visitante local tenga un nuevo motivo para venir y seguir consolidando la imagen internacional. Aqu\u00ed hacemos el esfuerzo para que siempre haya parte de la colecci\u00f3n, que tiene unas 300 obras. <strong>Se exponen las 100 m\u00e1s importantes<\/strong>.<\/p>\n<p class=\"ft-text\"><strong>En unos a\u00f1os, entonces, se podr\u00e1 ver un museo ligeramente diferente al que se inaugur\u00f3.<\/strong><\/p>\n<p class=\"ft-text\">Se pueden ir mostrando piezas que iremos incorporando a la colecci\u00f3n pero, por ejemplo, ser\u00e1 muy dif\u00edcil que desmontemos algunas piezas de Kiefer por sus dimensiones. La idea es que se vaya renovando la colecci\u00f3n que se muestra pero siempre habr\u00e1 obras fijas como los &#8216;<strong>site specific<\/strong>&#8216;, los <strong>Kiefer <\/strong>o la obra de <strong>Hockney<\/strong>, que tiene mucho \u00e9xito.<\/p>\n<p>El momento de las temporales<\/p>\n<p class=\"ft-text\"><strong>\u00bfPor qu\u00e9 la decisi\u00f3n de abrirse ahora las exposiciones temporales?<\/strong><\/p>\n<p class=\"ft-text\">Cuando abres un centro vas viendo un crecimiento org\u00e1nico. Al comprar el palacio vimos que no \u00edbamos a poder poner obra de forma cl\u00e1sica y llegamos a la conclusi\u00f3n de que no pod\u00edamos dedicar una sala temporal porque no hay un espacio muy grande. Adem\u00e1s, ha sido ahora cuando Hortensia Herrero ha visto el momento. Pens\u00f3 que hab\u00eda que dejar un tiempo para que la gente viera el centro y su colecci\u00f3n. Cuando pase la exposici\u00f3n de Kiefer veremos si ha tenido \u00e9xito. Hortensia Herrero es muy de escuchar a la gente, de tomar el pulso al visitante, no tanto al cr\u00edtico de arte o al gran experto. Escucha al que viene de aqu\u00ed, al que pasa por la calle y hace el esfuerzo de comprar una entrada. La idea es tener siempre l\u00edneas abiertas para hacer cosas.<\/p>\n<blockquote class=\"ft-mol-quote\" data-aida-quote=\"\"><p>\u00abHortensia Herrero es muy de escuchar al visitante, al que hace el esfuerzo de comprar una entrada; no tanto al cr\u00edtico de arte o al gran experto\u00bb<\/p><\/blockquote>\n<p class=\"ft-text\"><strong>\u00bfY por qu\u00e9 Kiefer?<\/strong><\/p>\n<p class=\"ft-text\"><a class=\"ft-link ft-link--decoration\" href=\"https:\/\/www.levante-emv.com\/cultura\/2025\/11\/11\/centro-arte-hortensia-herrero-abre-exposiciones-temporales-anselm-kiefer-123593499.html\" target=\"_blank\" rel=\"nofollow noopener\">A Hortensia Herrero le gusta mucho Kiefer<\/a>, por eso tiene estas tres grandes obras expuestas [en la colecci\u00f3n tiene una cuarta]. &#8216;Las flores del mal&#8217; la compr\u00f3 cuando ni hab\u00eda comprado el palacio. Para la obra &#8216;Walhalla&#8217; tuvimos que preguntar al arquitecto si cab\u00eda. Adem\u00e1s, el artista quer\u00eda saber con qu\u00e9 otras obras iba a estar expuesto y as\u00ed lleg\u00f3 el tercer Kiefer. Es un artista que siempre le ha gustado, siempre ha estado presente en la colecci\u00f3n. Kiefer es actualmente uno de los artistas m\u00e1s importantes del panorama internacional y aqu\u00ed nos hemos siempre destacado por la calidad de nuestra oferta art\u00edstica y por traer el mejor arte internacional a Val\u00e8ncia.<\/p>\n<p class=\"ft-text\"><strong>Me ha llamado la atenci\u00f3n que Kiefer quisiera saber con qui\u00e9n se iba a exponer su obra. La labor de un comisario y asesor es tambi\u00e9n, de alguna manera, la de un diplom\u00e1tico.<\/strong><\/p>\n<p class=\"ft-text\">T\u00fa lo has dicho. A veces, es una cuesti\u00f3n tambi\u00e9n de gesti\u00f3n de egos porque hay que convencerles. Los artistas valoran si su obra va a ir a un centro de arte o se va a quedar en el comedor de una casa. Cuando vas con un proyecto serio como este entras con mejor pie que si vas con un coleccionista que compra una obra para su casa.<\/p>\n<p class=\"ft-text\"><strong>Otra faceta importante del comisario y asesor es adecuar el discurso a la audiencia.<\/strong><\/p>\n<p class=\"ft-text\">Las cosas hay que hacerlas accesibles al p\u00fablico. Hemos hecho un esfuerzo por romper barreras, que el arte no se vea como algo elitista solo para iniciados. Queremos ser un centro muy accesible desde los textos que est\u00e1n en las paredes hasta el cat\u00e1logo.<\/p>\n<p class=\"ft-text\"><strong>No s\u00e9 si me puede contra alguna nueva compra del CAHH.<\/strong><\/p>\n<p class=\"ft-text\">Te puedo contar un banco de Jean Dubuffet fant\u00e1stico, que Hortensia Herrero compr\u00f3 en la feria de arte de Miami. Tenemos que pensar a\u00fan d\u00f3nde lo ubicaremos. Es un banco para sentarse y obra de arte.<\/p>\n<p><img decoding=\"async\" src=\"https:\/\/www.europesays.com\/es\/wp-content\/uploads\/2025\/11\/259416ba-38d1-4340-b80a-88eba7d700b6_alta-libre-aspect-ratio_default_0.jpg\" width=\"1200\" height=\"852\" alt=\"Banco de Jean Dubuffet, adquirido por Hortensia Herrero.\" class=\"ft-helper-img-rd\" loading=\"lazy\"\/><\/p>\n<p class=\"ft-helper-fontColor-quaternary ft-helper-fontSize-body-S ft-helper-spacer-t-xxs\">Banco de Jean Dubuffet, adquirido por Hortensia Herrero.  \/ Jean Dubuffet\/Artists Rights Society (ARS), New York\/ADAGP, Paris<\/p>\n<p>El proyecto del Espai Vald\u00e9s<\/p>\n<p class=\"ft-text\"><strong>Tengo que preguntarle por el futuro <\/strong><a class=\"ft-link ft-link--decoration\" href=\"https:\/\/www.levante-emv.com\/cultura\/2025\/07\/23\/sera-espai-valdes-alcaldesa-presenta-manolo-valdes-119979855.html\" target=\"_blank\" rel=\"nofollow noopener\"><strong>Espai Vald\u00e9s en el Parc Central<\/strong><\/a><strong>, dedicado al artista valenciano Manolo Vald\u00e9s, y en el que tambi\u00e9n se ha implicado para que sea una realidad. \u00bfC\u00f3mo surgi\u00f3?<\/strong><\/p>\n<p class=\"ft-text\">Fue un poco de casualidad. Me preguntaron desde el ayuntamiento porque estaban en fase de pensar qu\u00e9 hacer con esa nave despu\u00e9s de renunciar a ella el IVAM [iba a ser una subsede del centro de arte moderno]. Lo primero que me preguntaron fue si Hortensia Herrero quer\u00eda hacerse cargo de ella, pero les dije que no encajaba en el proyecto; despu\u00e9s, que qu\u00e9 cre\u00eda yo que se pod\u00eda hacer all\u00ed. La primera cuesti\u00f3n era saber qu\u00e9 presupuesto hab\u00eda, que era poco. Hay modelos de traer marcas de museos internacionales que cuestan mucho dinero. Les plante\u00e9 que hicieran su propia programaci\u00f3n y les ech\u00e9 una mano con contactos. Desde mi punto de vista, un buen comisario es el que tiene una buena agenda.<\/p>\n<p><img decoding=\"async\" src=\"https:\/\/www.europesays.com\/es\/wp-content\/uploads\/2025\/11\/ad1f71b4-d072-4a98-98ec-92fce1a2e9f5_alta-libre-aspect-ratio_default_0.jpg\" width=\"1200\" height=\"900\" alt=\"Molins, junto a la alcaldesa Mar\u00eda Jos\u00e9 Catal\u00e1, en el estudio de Manolo Vald\u00e9s en Madrid.\" class=\"ft-helper-img-rd\" loading=\"lazy\"\/><\/p>\n<p class=\"ft-helper-fontColor-quaternary ft-helper-fontSize-body-S ft-helper-spacer-t-xxs\">Molins, junto a la alcaldesa Mar\u00eda Jos\u00e9 Catal\u00e1, en el estudio de Manolo Vald\u00e9s en Madrid.  \/ L-EMV<\/p>\n<p class=\"ft-text\"><strong>Y ah\u00ed surgi\u00f3 el nombre de Manolo Vald\u00e9s.<\/strong><\/p>\n<p class=\"ft-text\">Les suger\u00ed que pod\u00edan hablar con un artista de reconocido prestigio vinculado a Val\u00e8ncia y pens\u00e9 en <a class=\"ft-link ft-link--decoration\" href=\"https:\/\/www.levante-emv.com\/cultura\/2017\/06\/27\/manolo-valdes-anos-imagen-tenga-12155445.html\" target=\"_blank\" rel=\"nofollow noopener\">Manolo Vald\u00e9s<\/a>. Tambi\u00e9n te digo que lo conozco bien y no es muy dado a museos monogr\u00e1ficos, as\u00ed que pens\u00e9 que dir\u00eda que no. Le expliqu\u00e9 que al ayuntamiento le gustar\u00eda tener su obra en un espacio que est\u00e1 muy bien porque se presta a albergar sus esculturas monumentales. Manolo accedi\u00f3 con gran generosidad a un comodato de unas 30 esculturas. Manolo me llam\u00f3 para hablarme del monolito de 20 metros que va a hacer, que va a quedar muy bien, y hasta est\u00e1 pensando hacer uno parecido en Miami. Tambi\u00e9n me cont\u00f3 que la idea es iluminarlo por la noche como si fuera un faro.<\/p>\n<p class=\"ft-text\"><strong>Entonces, \u00bfle hizo ilusi\u00f3n el proyecto?<\/strong><\/p>\n<p class=\"ft-text\">Me dijo que este proyecto le pillaba con 83 a\u00f1os y en un momento en que pensaba m\u00e1s en el legado que en otra cosa. Siempre que hablo con \u00e9l me habla de este proyecto para Val\u00e8ncia. Est\u00e1 muy ilusionado.<\/p>\n<p data-close=\"closedContent\" class=\"subscribeHideForDisplay\">Suscr\u00edbete para seguir leyendo<\/p>\n","protected":false},"excerpt":{"rendered":"El Centro de Arte Hortensia Herrero (CAHH) celebr\u00f3 el martes sus dos a\u00f1os de vida. \u00bfQu\u00e9 balance hace&hellip;\n","protected":false},"author":2,"featured_media":238870,"comment_status":"","ping_status":"","sticky":false,"template":"","format":"standard","meta":{"footnotes":""},"categories":[173],"tags":[229,233,231,230,232,234,146,147,25,24,60417,61677,23],"class_list":{"0":"post-238869","1":"post","2":"type-post","3":"status-publish","4":"format-standard","5":"has-post-thumbnail","7":"category-arte-y-diseno","8":"tag-arte","9":"tag-arte-y-diseno","10":"tag-arts","11":"tag-arts-and-design","12":"tag-design","13":"tag-diseno","14":"tag-entertainment","15":"tag-entretenimiento","16":"tag-es","17":"tag-espana","18":"tag-hortensia-herrero","19":"tag-javier-molins","20":"tag-spain"},"share_on_mastodon":{"url":"https:\/\/pubeurope.com\/@es\/115558841664036597","error":""},"_links":{"self":[{"href":"https:\/\/www.europesays.com\/es\/wp-json\/wp\/v2\/posts\/238869","targetHints":{"allow":["GET"]}}],"collection":[{"href":"https:\/\/www.europesays.com\/es\/wp-json\/wp\/v2\/posts"}],"about":[{"href":"https:\/\/www.europesays.com\/es\/wp-json\/wp\/v2\/types\/post"}],"author":[{"embeddable":true,"href":"https:\/\/www.europesays.com\/es\/wp-json\/wp\/v2\/users\/2"}],"replies":[{"embeddable":true,"href":"https:\/\/www.europesays.com\/es\/wp-json\/wp\/v2\/comments?post=238869"}],"version-history":[{"count":0,"href":"https:\/\/www.europesays.com\/es\/wp-json\/wp\/v2\/posts\/238869\/revisions"}],"wp:featuredmedia":[{"embeddable":true,"href":"https:\/\/www.europesays.com\/es\/wp-json\/wp\/v2\/media\/238870"}],"wp:attachment":[{"href":"https:\/\/www.europesays.com\/es\/wp-json\/wp\/v2\/media?parent=238869"}],"wp:term":[{"taxonomy":"category","embeddable":true,"href":"https:\/\/www.europesays.com\/es\/wp-json\/wp\/v2\/categories?post=238869"},{"taxonomy":"post_tag","embeddable":true,"href":"https:\/\/www.europesays.com\/es\/wp-json\/wp\/v2\/tags?post=238869"}],"curies":[{"name":"wp","href":"https:\/\/api.w.org\/{rel}","templated":true}]}}