{"id":238878,"date":"2025-11-16T10:17:10","date_gmt":"2025-11-16T10:17:10","guid":{"rendered":"https:\/\/www.europesays.com\/es\/238878\/"},"modified":"2025-11-16T10:17:10","modified_gmt":"2025-11-16T10:17:10","slug":"diabetes-la-enfermedad-silenciosa-que-muchos-pacientes-ignoran-que-padecen","status":"publish","type":"post","link":"https:\/\/www.europesays.com\/es\/238878\/","title":{"rendered":"Diabetes: la enfermedad silenciosa que muchos pacientes ignoran que padecen"},"content":{"rendered":"\n<p style=\"margin-top: -1.5rem; color: var(--ov-red); font-style: italic;\">Actualizado hace 4 minutos<\/p>\n<p> El viernes se celebr\u00f3 el <strong>D\u00eda Mundial de la Diabetes<\/strong>, una jornada para concienciar sobre una enfermedad cr\u00f3nica que afecta a miles de personas en <strong>Euskal Herria<\/strong>. Entre ellas est\u00e1 <strong>Nekane Alonso, diagnosticada con <\/strong><strong>diabetes tipo 1<\/strong><strong> a los diez a\u00f1os.<\/strong> Nekane recuerda que al principio obedec\u00eda las pautas m\u00e9dicas con disciplina infantil. Pero la adolescencia trajo consigo la rebeld\u00eda. \u201cQuer\u00eda ser como el resto de mis amigos, y durante bastantes a\u00f1os viv\u00ed casi como si no tuviese la enfermedad. Con el tiempo me di cuenta de que esa falta de cuidado tuvo consecuencias\u201d. Aquella despreocupaci\u00f3n, confiesa, marc\u00f3 el rumbo de su vida.<\/p>\n<p> <strong>A los 26 a\u00f1os, su visi\u00f3n empez\u00f3 a fallar.<\/strong> \u201cSoy miope y empec\u00e9 a ver peor, pero pensaba que necesitaba graduarme la vista. En el fondo intu\u00eda que algo me pasaba por la diabetes, aunque no quer\u00eda verlo\u201d. En la \u00f3ptica le advirtieron que aquello no era miop\u00eda y la derivaron al hospital. All\u00ed lleg\u00f3 el diagn\u00f3stico que cambiar\u00eda su rutina: <strong>retinopat\u00eda diab\u00e9tica y edema macular<\/strong>, una inflamaci\u00f3n de la retina que amenaza la vista.<\/p>\n<p> \u201cPerd\u00ed visi\u00f3n nocturna y agudeza visual. <strong>Me costaba reconocer el rostro de las personas.<\/strong> Adem\u00e1s, percib\u00eda los colores m\u00e1s apagados. Me sent\u00eda menos segura caminando sola por la calle cuando no hab\u00eda buena iluminaci\u00f3n\u201d, explica Nekane.<\/p>\n<p> La joven se someti\u00f3 a diversos tratamientos con el objetivo de mejorar su visi\u00f3n. \u201c<strong>Empec\u00e9 con inyecciones intrav\u00edtreas<\/strong>, que son inyecciones dentro del ojo, combinadas con l\u00e1ser.<strong> Ahora llevo una bomba de insulina con sensor y me siento estable.<\/strong> Veo mejor y hago una vida pr\u00e1cticamente normal\u201d.<\/p>\n<p> La historia de Nekane es, en realidad, la de muchas otras personas. <strong>En la CAV, <\/strong><strong>m\u00e1s de 170.000 personas<\/strong><strong>, sufren diabetes,<\/strong> seg\u00fan Osakidetza. <strong>En Nafarroa, unas 45.000 personas<\/strong> \u2014m\u00e1s de 50.000 si se cuentan los casos no diagnosticados\u2014 conviven a diario con la esta afecci\u00f3n.<\/p>\n<p> <img decoding=\"async\" width=\"1354\" height=\"1933\" class=\"img-fluid ar-1354x1933 lazyload lazyload-image\" loading=\"lazy\" src=\"https:\/\/www.europesays.com\/es\/wp-content\/uploads\/2025\/11\/ab18bbf9-47ba-475b-9f2e-c8c04ad35e50_source-aspect.jpg\" alt=\"Nekane Alonso lleva una bomba de insulina para mantener niveles de glucosa en sangre m\u00e1s estables.\" title=\"\" data-media_id=\"397154\" data-wb_ready=\"1\"\/> <\/p>\n<p class=\"news-article__multimedia-caption\"> Nekane Alonso lleva una bomba de insulina para mantener niveles de glucosa en sangre m\u00e1s estables. N.A. <\/p>\n<p>  Las cifrasCAV<\/p>\n<p>Alrededor de <strong>172.000 personas padecen diabetes en Euskadi.<\/strong> Se trata de una enfermedad que afecta al 7,5% de la poblaci\u00f3n y <strong>cada a\u00f1o se diagnostican cerca de 9.000 casos<\/strong>, siendo la del tipo 2 la m\u00e1s com\u00fan, ya que la padece el 90% de las personas con diabetes. Su aparici\u00f3n se debe al tabaco, la falta de actividad f\u00edsica y el sobrepeso.<\/p>\n<p>Nafarroa<\/p>\n<p>Un total de<strong> 45.464 navarros (el 6,7% de la poblaci\u00f3n total)<\/strong> padec\u00eda diabetes a finales de 2024, 2.842 de tipo 1 y 42.622 de tipo 2. Uno de cada tres pacientes que ingresan en el hospital en Nafarroa son diab\u00e9ticos.<\/p>\n<p>Estado<\/p>\n<p>En 2024 se estimaron en el Estado <strong>unos 5.121.600 adultos (20\u201179 a\u00f1os) con diabetes (tipo\u202f1 y tipo\u202f2),<\/strong> seg\u00fan la Federaci\u00f3n Internacional de Diabetes. La prevalencia estimada se sit\u00faa en torno al 14,1% de los adultos de 20\u201179 a\u00f1os en 2024 (frente a 14,8% en 2021). Se estima que un 38% de los casos podr\u00edan estar no diagnosticados.<\/p>\n<p>Enfermedad cr\u00f3nica<\/p>\n<p> La diabetes <strong>es una enfermedad cr\u00f3nica en la que el cuerpo no produce suficiente insulina o no la utiliza correctamente, lo que eleva la glucosa en sangre y puede causar complicaciones si no se controla.<\/strong> Una de sus manifestaciones es la diabetes ocular. Este tipo de diabetes, que agrupa patolog\u00edas como la retinopat\u00eda diab\u00e9tica y el edema macular diab\u00e9tico, es ya la primera causa de ceguera evitable en el Estado. El 28% de los diab\u00e9ticos la padecen.<\/p>\n<p> La diabetes ocular <strong>abarca afecciones como la retinopat\u00eda diab\u00e9tica y el edema macular diab\u00e9tico<\/strong>, que pueden da\u00f1ar gravemente la visi\u00f3n si no se detectan a tiempo. De hecho, los pacientes diab\u00e9ticos presentan un riesgo de ceguera 25 veces mayor que la poblaci\u00f3n general. Adem\u00e1s,<strong> aproximadamente un 35% de las personas con diabetes tipo 1 y un 20% de los pacientes con <\/strong><strong>diabetes tipo 2<\/strong><strong> desarrollar\u00e1n retinopat\u00eda diab\u00e9tica<\/strong> a lo largo de su vida, seg\u00fan los \u00faltimos datos de la Organizaci\u00f3n Mundial de la Salud.<\/p>\n<p> La diabetes ocular no solo constituye una de las complicaciones m\u00e1s frecuentes de la enfermedad, sino que tambi\u00e9n representa la primera causa de ceguera evitable en el Estado. Seg\u00fan el Instituto de Salud Carlos III y la Sociedad Espa\u00f1ola de Retina y V\u00edtreo,<strong> la retinopat\u00eda diab\u00e9tica es responsable de la mayor\u00eda de los casos de p\u00e9rdida visual grave vinculados a la diabetes.<\/strong> Esta realidad afecta de manera directa a la calidad de vida de miles de personas.<\/p>\n<p>  \u201c La prevenci\u00f3n es clave para poder detectar complicaciones. Hay que acudir al especialista \u201d  Javier Araiz &#8211; Doctor del ICQO Un enemigo silencioso<\/p>\n<p> En concreto<strong> se calcula que m\u00e1s de un mill\u00f3n de personas presenta alg\u00fan grado de retinopat\u00eda diab\u00e9tica en el Esatdo<\/strong>, y la incidencia contin\u00faa en aumento paralelamente al crecimiento de la diabetes tipo 2. Adem\u00e1s, la retinopat\u00eda puede desarrollarse sin s\u00edntomas evidentes durante a\u00f1os, lo que retrasa el diagn\u00f3stico y agrava el riesgo de p\u00e9rdida visual permanente.<\/p>\n<p> \u201cLa diabetes puede ser silenciosa para muchos \u00f3rganos del cuerpo humano, como el coraz\u00f3n, el cerebro, el ri\u00f1\u00f3n o el ojo, hasta que alcanza un grado de gravedad importante. Por eso muchas veces los pacientes tardan en ser diagnosticados\u201d, explica el <strong>doctor Javier Araiz Iribarren<\/strong> del Instituto Cl\u00ednico Quir\u00fargico de Oftalmolog\u00eda (ICQO).<\/p>\n<p> Sin embargo<strong>, se estima que hasta el 90% de los casos de p\u00e9rdida de visi\u00f3n por diabetes podr\u00edan prevenirse con diagn\u00f3stico y tratamiento precoz<\/strong>, seg\u00fan la Federaci\u00f3n Internacional de Diabetes (IDF), algo en lo que coincide Araiz: \u201cLas revisiones peri\u00f3dicas permiten tratar cualquier da\u00f1o cuanto antes y minimizar sus efectos. Por eso, <strong>es importante acudir al especialista para detectar posibles complicaciones, incluso si no hay s\u00edntomas. La prevenci\u00f3n es fundamental<\/strong>\u201d. El doctor del ICQO se\u00f1ala adem\u00e1s que es b\u00e1sico mantener h\u00e1bitos de vida saludables y una alimentaci\u00f3n adecuada. \u201cHay que tener un control metab\u00f3lico adecuado\u201d.<\/p>\n<p> <img decoding=\"async\" width=\"1200\" height=\"675\" class=\"img-fluid ar-16x9 lazyload lazyload-image\" loading=\"lazy\" src=\"https:\/\/www.europesays.com\/es\/wp-content\/uploads\/2025\/11\/b4e4cf9f-7fc3-4fcb-9534-569d181c5a07_16-9-discover.jpg\" alt=\"El doctor Javier Araiz Iribarren, del Instituto Cl\u00ednico Quir\u00fargico de Oftalmolog\u00eda (ICQO)\" title=\"\" data-media_id=\"397155\" data-wb_ready=\"1\"\/> <\/p>\n<p class=\"news-article__multimedia-caption\"> El doctor Javier Araiz Iribarren, del Instituto Cl\u00ednico Quir\u00fargico de Oftalmolog\u00eda (ICQO) ICQO <\/p>\n<p> 21 a\u00f1os de lucha<\/p>\n<p> <strong>Jorge Torralbo<\/strong> conoce bien ese filo entre la ceguera y la esperanza. \u201cLlevaba unos d\u00edas raro, beb\u00eda mucha agua, orinaba mucho&#8230; Cuando llegu\u00e9 a urgencias, me pusieron cuatro botes de suero. Sobre la una y media de la ma\u00f1ana me dijeron que ten\u00eda diabetes tipo 1\u201d.<\/p>\n<p> Han pasado 21 a\u00f1os desde aquel d\u00eda. \u201cLos primeros a\u00f1os est\u00e1s perdido. <strong>No es que quieras hacer las cosas mal, es que no sabes los riesgos.<\/strong> La diabetes es una enfermedad que va a largo plazo\u201d, recuerda. Hasta que, hace siete a\u00f1os, una oftalm\u00f3loga le dio una frase que le cambi\u00f3 la vida: \u201cTienes dos opciones: o te pinchas o te vas a quedar ciego\u201d.<\/p>\n<p> El diagn\u00f3stico de retinopat\u00eda diab\u00e9tica fue un golpe duro para \u00e9l, pero tambi\u00e9n su despertador. \u201cAquella frase fue el detonante. Fui bajando poco a poco la hemoglobina glicosilada y me mantengo estable. Los pinchazos son pesados, s\u00ed, pero es lo que me permite mantener la vista y seguir con mi vida\u201d.<\/p>\n<p>  \u201c Es importante el D\u00eda de la Diabetes. Cuanta m\u00e1s conciencia, m\u00e1s casos se podr\u00e1n tratar \u201d  Jorge Torralbo &#8211; Afectado por la diabetes <\/p>\n<p> <strong>Jorge acude cada tres o cuatro meses a la consulta para ver c\u00f3mo se encuentra y la evoluci\u00f3n de la enfermedad.<\/strong> \u201cHe perdido algo de visi\u00f3n, pero dentro de lo que cabe hago una vida bastante normal. Lo importante es que puedo continuar con mi d\u00eda a d\u00eda sin tener demasiadas limitaciones\u201d.<\/p>\n<p> La suya es tambi\u00e9n <strong>una batalla contra los estigmas<\/strong>. \u201cMucha gente piensa que la diabetes tipo 1 aparece porque te has comido una pasteler\u00eda. No es as\u00ed. Es una enfermedad autoinmune, tu p\u00e1ncreas deja de funcionar, y no tiene nada que ver con lo que comas\u201d.<\/p>\n<p> <img decoding=\"async\" width=\"893\" height=\"2000\" class=\"img-fluid ar-893x2000 lazyload lazyload-image\" loading=\"lazy\" src=\"https:\/\/www.europesays.com\/es\/wp-content\/uploads\/2025\/11\/9aaba53f-facc-4b3a-80b8-af064fb38ffd_source-aspect.jpg\" alt=\"Jorge Torralbo, durante una prueba deportista\" title=\"\" data-media_id=\"397156\" data-wb_ready=\"1\"\/> <\/p>\n<p class=\"news-article__multimedia-caption\"> Jorge Torralbo, durante una prueba deportista J.T. <\/p>\n<p> Avances esperanzadores<\/p>\n<p> En los \u00faltimos a\u00f1os, los tratamientos han avanzado mucho. \u201cHace d\u00e9cadas se pensaba que la diabetes ocular no era tratable; luego se utiliz\u00f3 el l\u00e1ser y result\u00f3 eficaz. Hoy se emplean sobre todo sustancias dentro del ojo\u201d, reconoce el doctor Araiz. Seg\u00fan este especialista, <strong>actualmente se est\u00e1 llevando a cabo un ensayo cl\u00ednico para pacientes con afectaci\u00f3n diab\u00e9tica moderada<\/strong>: \u201cSi funciona, el tratamiento podr\u00eda administrarse en forma de colirio, que el propio paciente se aplicar\u00eda en casa, evitando as\u00ed las inyecciones\u201d<\/p>\n<p> No son los \u00fanicos avances en la lucha contra la diabetes. <strong>En el <\/strong>Institut de Recerca Sant Pau, un equipo ha comprobado que el tratamiento con factor de crecimiento fibrobl\u00e1stico b\u00e1sico (bFGF) <strong>consigue devolver a las c\u00e9lulas madre su capacidad reparadora en personas con diabetes tipo 2<\/strong>, reactivando funciones vasculares deterioradas por la enfermedad. Cient\u00edficos del Weill Cornell Medicine y la Universidad de Pek\u00edn han logrado que <strong>c\u00e9lulas del est\u00f3mago humano se transformen en c\u00e9lulas beta capaces de producir insulina<\/strong>, un hallazgo que podr\u00eda traducirse en nuevas terapias para la diabetes tipo 1.<\/p>\n<p>  \u201c Es importante acudir a las revisiones y no dejar pasar el tiempo; no como hice yo \u201d      <\/p>\n<p> Sociedad  Llega Mounjaro, el nuevo f\u00e1rmaco para la diabetes y la obesidad que mejora los resultados de Ozempic  <\/p>\n<p> <strong>Nekane mira al futuro con esperanza.<\/strong> \u201cLa investigaci\u00f3n est\u00e1 avanzando mucho, sobre todo con las nuevas inyecciones y con la inteligencia artificial aplicada a la oftalmolog\u00eda. Creo que dentro de poco ser\u00e1 m\u00e1s f\u00e1cil detectar con antelaci\u00f3n las complicaciones oculares y actuar para que el da\u00f1o sea el menor posible.<\/p>\n<p> Tanto ella como Jorge indicen en la importancia de la prevenci\u00f3n por parte de la sociedad para evitar males mayores. \u201c<strong>El D\u00eda de la Diabetes es fundamental. Cuanta m\u00e1s conciencia haya, antes se detectar\u00e1 y se podr\u00e1n tratar m\u00e1s casos<\/strong>\u201d, reconoce Jorge. Para Nekane \u201ces\u00a0importante acudir a las revisiones y no dejar pasar el tiempo; no como hice yo\u201d.<\/p>\n","protected":false},"excerpt":{"rendered":"Actualizado hace 4 minutos El viernes se celebr\u00f3 el D\u00eda Mundial de la Diabetes, una jornada para concienciar&hellip;\n","protected":false},"author":2,"featured_media":238879,"comment_status":"","ping_status":"","sticky":false,"template":"","format":"standard","meta":{"footnotes":""},"categories":[92],"tags":[25,24,165,166,23],"class_list":{"0":"post-238878","1":"post","2":"type-post","3":"status-publish","4":"format-standard","5":"has-post-thumbnail","7":"category-salud","8":"tag-es","9":"tag-espana","10":"tag-health","11":"tag-salud","12":"tag-spain"},"share_on_mastodon":{"url":"https:\/\/pubeurope.com\/@es\/115558865484265279","error":""},"_links":{"self":[{"href":"https:\/\/www.europesays.com\/es\/wp-json\/wp\/v2\/posts\/238878","targetHints":{"allow":["GET"]}}],"collection":[{"href":"https:\/\/www.europesays.com\/es\/wp-json\/wp\/v2\/posts"}],"about":[{"href":"https:\/\/www.europesays.com\/es\/wp-json\/wp\/v2\/types\/post"}],"author":[{"embeddable":true,"href":"https:\/\/www.europesays.com\/es\/wp-json\/wp\/v2\/users\/2"}],"replies":[{"embeddable":true,"href":"https:\/\/www.europesays.com\/es\/wp-json\/wp\/v2\/comments?post=238878"}],"version-history":[{"count":0,"href":"https:\/\/www.europesays.com\/es\/wp-json\/wp\/v2\/posts\/238878\/revisions"}],"wp:featuredmedia":[{"embeddable":true,"href":"https:\/\/www.europesays.com\/es\/wp-json\/wp\/v2\/media\/238879"}],"wp:attachment":[{"href":"https:\/\/www.europesays.com\/es\/wp-json\/wp\/v2\/media?parent=238878"}],"wp:term":[{"taxonomy":"category","embeddable":true,"href":"https:\/\/www.europesays.com\/es\/wp-json\/wp\/v2\/categories?post=238878"},{"taxonomy":"post_tag","embeddable":true,"href":"https:\/\/www.europesays.com\/es\/wp-json\/wp\/v2\/tags?post=238878"}],"curies":[{"name":"wp","href":"https:\/\/api.w.org\/{rel}","templated":true}]}}