{"id":238880,"date":"2025-11-16T10:18:15","date_gmt":"2025-11-16T10:18:15","guid":{"rendered":"https:\/\/www.europesays.com\/es\/238880\/"},"modified":"2025-11-16T10:18:15","modified_gmt":"2025-11-16T10:18:15","slug":"la-contundente-respuesta-de-isabel-pantoja-a-la-entrevista-de-kiko-rivera","status":"publish","type":"post","link":"https:\/\/www.europesays.com\/es\/238880\/","title":{"rendered":"La contundente respuesta de Isabel Pantoja a la entrevista de Kiko Rivera"},"content":{"rendered":"<p id=\"ejKC_zPOwf\" data-wc=\"124\"><strong>La respuesta de Isabel Pantoja tras la entrevista de su hijo Kiko Rivera en \u00a1De Viernes! (Telecinco), el pasado viernes 14 de noviembre, no se ha hecho esperar.\u00a0<\/strong>Y ha sido tan escueta como reveladora. La cantante eligi\u00f3 las redes sociales, para pronunciarse y, como dice el refr\u00e1n, \u201cuna imagen vale m\u00e1s que mil palabras\u201d y as\u00ed lo ha hecho la cantante: publicando una foto promocional de su gira de 50 aniversario. Eso s\u00ed, <strong>ha restringido los comentarios.\u00a0<\/strong>El gesto, aparentemente sencillo, se convierte en toda una declaraci\u00f3n de intenciones. En medio de la tormenta medi\u00e1tica que ha causado &#8216;su peque\u00f1o del alma&#8217; en televisi\u00f3n, la tonadillera se refugia en su m\u00fasica, blindando su perfil p\u00fablico y evitando cualquier interacci\u00f3n con seguidores o detractores.<\/p>\n<p> <img src=\"https:\/\/www.europesays.com\/es\/wp-content\/uploads\/2025\/11\/1e20f1b4a3d2-saveclipapp583450899184305348971076151300669161066513383n.jpg\"   width=\"819\" height=\"1024\" loading=\"lazy\" decoding=\"async\" alt=\"Imagen promocional de la gira de Isabel Pantoja\" fetchpriority=\"auto\" class=\"image ho-image\"\/>\u00a9 @isabel_pantoja_martin y worldtickets.proImagen promocional de la gira de Isabel Pantoja<\/p>\n<p id=\"e7YVzfeg6u5\" data-wc=\"68\">El \u00fanico gesto visible de apoyo ha llegado a trav\u00e9s de <strong>su sobrina Anabel Pantoja,<\/strong> o de la amiga de esta, Amor Romeira, quienes le han un \u201cMe gusta\u201d a la publicaci\u00f3n de la cantante. Sin duda, esta se\u00f1al confirma que, dentro del clan Pantoja, la influencer, a la que vemos cada s\u00e1bado en \u2018Bailando con las estrellas\u2019 ,\u00a0es la \u00fanica con la que Isabel mantiene contacto.<\/p>\n<p> <img src=\"https:\/\/www.europesays.com\/es\/wp-content\/uploads\/2025\/11\/e31926db0371-miami-se-rinde-ante-ti-que-locura-la-tuyalo-que-haces-no-puedo-explicarlo-en.jpg\"   width=\"1024\" height=\"1024\" loading=\"lazy\" decoding=\"async\" alt=\"Isabel Pantoja visita a su sobrina Anabel y a la peque\u00f1a Alma a diario sin ser vista por nadie en el hospital\" fetchpriority=\"auto\" class=\"image ho-image\"\/>Anabel Pantoja siempre ha estado muy unida a su t\u00eda<br \/>\nSu madre, la gran decepci\u00f3n<\/p>\n<p id=\"eGhxXoBao8k\" data-wc=\"73\">La reacci\u00f3n de la cantante contrasta con la exposici\u00f3n medi\u00e1tica de<a class=\"hm-link ho-link\" href=\"https:\/\/www.hola.com\/actualidad\/20251115867655\/kiko-rivera-de-viernes-entrevsita\/\" data-mrf-recirculation=\"article-body-link\" rel=\"nofollow noopener\" target=\"_blank\">\u00a0Kiko, que eligi\u00f3 la televisi\u00f3n para abrirse en canal.<\/a> El <strong>DJ habl\u00f3 como nunca de su situaci\u00f3n personal y familiar<\/strong> en el programa de Telecinco: de su separaci\u00f3n matrimonial con Irene Rosales, de su distanciamiento con su hermana Isa Pi, con la que desea reconciliarse, pero tambi\u00e9n de su madre. Y este fue uno de los momentos m\u00e1s duros de la entrevista.<\/p>\n<p> <img src=\"https:\/\/www.europesays.com\/es\/wp-content\/uploads\/2025\/11\/37e50b234017-kiko-rivera.jpg\"   width=\"1024\" height=\"609\" loading=\"lazy\" decoding=\"async\" alt=\"Kiko Rivera durante su participaci\u00f3n en '\u00a1De Viernes!'\" fetchpriority=\"auto\" class=\"image ho-image\"\/>\u00a9 TelecincoKiko Rivera durante su participaci\u00f3n en &#8216;\u00a1De Viernes!&#8217;<\/p>\n<p id=\"eluCzcGIn2\" data-wc=\"102\">\u00a0Dej\u00f3 claro que \u201cno perdono que mi madre no haya sabido estar a la altura como abuela\u201d, ya que, al parecer, y seg\u00fan cont\u00f3 el Dj, la cantante lleva a\u00f1os sin llamar a sus nietos. Sin ocultar el dolor que le provoca toda esta situaci\u00f3n, reconoci\u00f3 que su madre necesitaba \u201cayuda psicol\u00f3gica urgente\u2026 que se d\u00e9 cuenta de que no es el ombligo del mundo, que no todo el mundo va en contra de ella\u201d. Y con dureza le mand\u00f3 un mensaje directo: \u201cMam\u00e1, m\u00edrate en el espejo, mira los problemas que tienes e intenta solucionarlos no por nadie sino por ti\u201d.<\/p>\n<p id=\"e2fjfXWPUQ5\" data-wc=\"40\">Y s\u00ed, la perdona\u00a0\u201cpero no olvido. Y, sobre todo, una de las cosas que no olvido es que en estos \u00faltimos a\u00f1os no haya tenido la decencia de levantar con el tel\u00e9fono para hablar con sus tres nietos\u00bb, sentenci\u00f3.<\/p>\n<p>Una crisis que comenz\u00f3 en 2020<\/p>\n<p id=\"e0xXwZZkS1O\" data-wc=\"93\">La relaci\u00f3n entre Isabel Pantoja y Kiko Rivera lleva a\u00f1os marcada por la tensi\u00f3n. <strong>La crisis estall\u00f3 en 2020, cuando el DJ rompi\u00f3 la comunicaci\u00f3n con su madre y lanz\u00f3 duras acusaciones<\/strong> que <a class=\"hm-link ho-link\" href=\"https:\/\/www.hola.com\/actualidad\/20201111178871\/isabel-pantoja-se-defiende\/\" data-mrf-recirculation=\"article-body-link\" rel=\"nofollow noopener\" target=\"_blank\">la tonadillera desminti\u00f3 en exclusiva a \u00a1HOLA<\/a>!, el 11 de noviembre de aquel a\u00f1o. \u201cLa persona a la que m\u00e1s amo del mundo, y he amado, que es mi madre, no sabe diferenciar entre Isabel Pantoja y madre, as\u00ed que ya lo sab\u00e9is, esas son mis palabras, declar\u00f3 entonces Kiko, en unas palabras que recrudecieron su guerra personal y televisiva.<\/p>\n<p> <img src=\"https:\/\/www.europesays.com\/es\/wp-content\/uploads\/2025\/09\/659720557357-kiko-rivera-ig6.jpg\"   width=\"1024\" height=\"1024\" loading=\"lazy\" decoding=\"async\" alt=\"Kiko Rivera triunfa como Dj\" fetchpriority=\"auto\" class=\"image ho-image\"\/>\u00a9 Kiko RiveraKiko Rivera triunfa como Dj<\/p>\n<p> <img src=\"https:\/\/www.europesays.com\/es\/wp-content\/uploads\/2025\/11\/fc549f271dd8-dlu447980006.jpg\"   width=\"1024\" height=\"682\" loading=\"lazy\" decoding=\"async\" alt=\"Isabel Pantoja\" fetchpriority=\"auto\" class=\"image ho-image\"\/>\u00a9 GTRESImagen de archivo de Isabel Pantoja<\/p>\n<p id=\"emdvadGkK0x\" data-wc=\"73\">Aunque en 2023 se habl\u00f3 de un posible acercamiento tras <a class=\"hm-link ho-link\" href=\"https:\/\/www.hola.com\/actualidad\/20230717235882\/isabel-pantoja-kiko-rivera-visita-hospital\/\" data-mrf-recirculation=\"article-body-link\" rel=\"nofollow noopener\" target=\"_blank\">la visita de Isabel al hospital<\/a> donde Kiko fue operado de un cateterismo, para tratar la afecci\u00f3n cardiaca que padece, los intentos de reconciliaci\u00f3n no prosperaron. Entre idas y venidas, la relaci\u00f3n sigue estancada, reflejando un distanciamiento que se hace m\u00e1s grande con el paso del tiempo y que hoy se mantiene como una de las fracturas m\u00e1s visibles dentro del clan Pantoja.<\/p>\n<p>El futuro de Isabel Pantoja<\/p>\n<p id=\"e8WGHYrk6iH\" data-wc=\"55\">Hoy,<strong>\u00a0Isabel Pantoja se apoya \u00fanicamente en su hermano Agust\u00edn<\/strong>, convertido en su mano derecha y compa\u00f1ero inseparable.<strong>\u00a0La distancia con sus hijos es evidente<\/strong>: ni Kiko ni Isa, con los que no mantiene ninguna relaci\u00f3n, forman parte de su c\u00edrculo cercano, y la ausencia de contacto con sus nietos refuerza su imagen de aislamiento.<\/p>\n<p> <img src=\"https:\/\/www.europesays.com\/es\/wp-content\/uploads\/2025\/11\/adfb9f8486e5-dlu436112072-1.jpg\"   width=\"1024\" height=\"681\" loading=\"lazy\" decoding=\"async\" alt=\"Isabel Pantoja, \u00faltima imagen junto a sus hijos en televisi\u00f3n tras participar en Supervivientes en 2019\" fetchpriority=\"auto\" class=\"image ho-image\"\/>\u00a9 GTRESIsabel Pantoja, \u00faltima imagen junto a sus hijos en televisi\u00f3n tras participar en Supervivientes en 2019<\/p>\n<p> <img src=\"https:\/\/www.europesays.com\/es\/wp-content\/uploads\/2025\/11\/fd9c83f26c12-dlu514296053.jpg\"   width=\"1024\" height=\"682\" loading=\"lazy\" decoding=\"async\" alt=\"Isabel Pantoja env\u00eda un comunicado\" fetchpriority=\"auto\" class=\"image ho-image\"\/>\u00a9 GTRESIsabel Pantoja vive entregada a la m\u00fasica<\/p>\n<p id=\"efFhWneragJ\" data-wc=\"120\">La <a class=\"hm-link ho-link\" href=\"https:\/\/www.hola.com\/actualidad\/20250730847406\/isabel-pantoja-reaparece-verano-de-incognitas-sueno-hecho-realidad\/\" data-mrf-recirculation=\"article-body-link\" rel=\"nofollow noopener\" target=\"_blank\">m\u00fasica sigue siendo escudo<\/a> y su gran consuelo frente a todo y a todos. La gira de 50 aniversario es su gran apuesta personal y profesional. Y, es que, medio siglo de carrera musical, que ha marcado a muchas generaciones con sus canciones, es un argumento poderoso para reivindicar su legado y mantener viva la conexi\u00f3n con su p\u00fablico. La imagen publicada en Instagram no es solo promoci\u00f3n, es tambi\u00e9n un mensaje vital. Isabel Pantoja decide hablar a trav\u00e9s de su arte, evitando cualquier palabra sobre las confesiones de Kiko. La inc\u00f3gnita que queda en el aire es si ese silencio ser\u00e1 suficiente para sostener su futuro, o si la reconciliaci\u00f3n con sus hijos ser\u00e1 inevitable en alg\u00fan momento.<\/p>\n<p id=\"eEchugIU5_\" data-wc=\"0\">\u00a0<\/p>\n","protected":false},"excerpt":{"rendered":"La respuesta de Isabel Pantoja tras la entrevista de su hijo Kiko Rivera en \u00a1De Viernes! (Telecinco), el&hellip;\n","protected":false},"author":2,"featured_media":21292,"comment_status":"","ping_status":"","sticky":false,"template":"","format":"standard","meta":{"footnotes":""},"categories":[91],"tags":[517,146,147,25,24,6370,12466,23],"class_list":{"0":"post-238880","1":"post","2":"type-post","3":"status-publish","4":"format-standard","5":"has-post-thumbnail","7":"category-entretenimiento","8":"tag-actualidad","9":"tag-entertainment","10":"tag-entretenimiento","11":"tag-es","12":"tag-espana","13":"tag-isabel-pantoja","14":"tag-kiko-rivera","15":"tag-spain"},"share_on_mastodon":{"url":"https:\/\/pubeurope.com\/@es\/115558869488731049","error":""},"_links":{"self":[{"href":"https:\/\/www.europesays.com\/es\/wp-json\/wp\/v2\/posts\/238880","targetHints":{"allow":["GET"]}}],"collection":[{"href":"https:\/\/www.europesays.com\/es\/wp-json\/wp\/v2\/posts"}],"about":[{"href":"https:\/\/www.europesays.com\/es\/wp-json\/wp\/v2\/types\/post"}],"author":[{"embeddable":true,"href":"https:\/\/www.europesays.com\/es\/wp-json\/wp\/v2\/users\/2"}],"replies":[{"embeddable":true,"href":"https:\/\/www.europesays.com\/es\/wp-json\/wp\/v2\/comments?post=238880"}],"version-history":[{"count":0,"href":"https:\/\/www.europesays.com\/es\/wp-json\/wp\/v2\/posts\/238880\/revisions"}],"wp:featuredmedia":[{"embeddable":true,"href":"https:\/\/www.europesays.com\/es\/wp-json\/wp\/v2\/media\/21292"}],"wp:attachment":[{"href":"https:\/\/www.europesays.com\/es\/wp-json\/wp\/v2\/media?parent=238880"}],"wp:term":[{"taxonomy":"category","embeddable":true,"href":"https:\/\/www.europesays.com\/es\/wp-json\/wp\/v2\/categories?post=238880"},{"taxonomy":"post_tag","embeddable":true,"href":"https:\/\/www.europesays.com\/es\/wp-json\/wp\/v2\/tags?post=238880"}],"curies":[{"name":"wp","href":"https:\/\/api.w.org\/{rel}","templated":true}]}}