{"id":238899,"date":"2025-11-16T10:34:10","date_gmt":"2025-11-16T10:34:10","guid":{"rendered":"https:\/\/www.europesays.com\/es\/238899\/"},"modified":"2025-11-16T10:34:10","modified_gmt":"2025-11-16T10:34:10","slug":"laura-gallego-artista-no-soy-la-unica-folclorica-sino-la-ultima","status":"publish","type":"post","link":"https:\/\/www.europesays.com\/es\/238899\/","title":{"rendered":"Laura Gallego, Artista: \u00abNo soy la \u00fanica folcl\u00f3rica, sino la \u00faltima\u00bb"},"content":{"rendered":"<p>El folclore no se me quita ni en pijama ni haciendo la compra\u00bb, dice Laura Gallego. Tampoco haciendo entrevistas: mientras que el esp\u00edritu de Lola  &#8230; Flores, su gran referente, sobrevuela la charla, la artista despliega gracia y poder\u00edo, canta un poquito y recuerda cuando, con 16 a\u00f1os, gan\u00f3 &#8216;Se llama copla&#8217;, el concurso de Canal Sur. Desde entonces no ha dejado de hacer televisi\u00f3n y de subirse a los escenarios, reivindicando la copla al cantar por Marif\u00e9 de Triana o Roc\u00edo Jurado y atrevi\u00e9ndose a fusionar el g\u00e9nero con jazz, tecno o tango. Esa mezcla articula su espect\u00e1culo &#8216;La \u00faltima folcl\u00f3rica&#8217;, que llegar\u00e1 el 21 de noviembre al Palacio de Congresos de La L\u00ednea de la Concepci\u00f3n y el 27 de noviembre al Teatro Campos El\u00edseos de Bilbao, \u00faltimas fechas del a\u00f1o de una gira que reanudar\u00e1 en enero. \u00abQuien entra a verlo sale con carn\u00e9 de folcl\u00f3rica, porque todos llevamos una dentro, por muy se\u00f1or de traje que seas\u00bb. <\/p>\n<p class=\"v-p\"><strong>-\u00bfCon qu\u00e9 folcl\u00f3rica se tomar\u00eda el verm\u00fa del domingo?<\/strong><\/p>\n<p class=\"v-p\">-Sin duda alguna, con Lola Flores. Es la que m\u00e1s me ha impactado. <\/p>\n<p class=\"v-p\"><strong>-Lola dec\u00eda aquello de \u00abCuando yo digo las mentiras, las convierto en verdad\u00bb. \u00bfEs usted muy mentirosa? <\/strong><\/p>\n<p class=\"v-p\">-No, no lo soy. Pero, como buena folcl\u00f3rica, soy muy exagerada y muy dram\u00e1tica, todo elevado a la m\u00e1xima potencia.<\/p>\n<p class=\"v-p\"><strong>-Empez\u00f3 en &#8216;Se llama copla&#8217;, el programa de Canal Sur.<\/strong><\/p>\n<p class=\"v-p\">-Fue algo muy accidental. Yo no hab\u00eda cantado nunca, es que ni se me hab\u00eda pasado por la cabeza, pero, como nac\u00ed folcl\u00f3rica, siempre he sido muy ech\u00e1 p&#8217;alante. Yo era la que animaba a todo el mundo a cantar y a bailar en las fiestas, pero nada m\u00e1s all\u00e1 de \u00abali, ali, ali se la llev\u00f3\u00bb (canta). Luego apareci\u00f3 &#8216;Se llama copla&#8217;, una especie de &#8216;Operaci\u00f3n triunfo&#8217; andaluz que fue un fen\u00f3meno de masas, y la gente se volvi\u00f3 loca. Mi madre dejaba de cenar, de salir, para ver el concurso. <\/p>\n<p class=\"v-p\"><strong>-Y un d\u00eda la llaman por tel\u00e9fono.<\/strong><\/p>\n<p class=\"v-p\">-Para decirme que ten\u00eda que ir a un &#8216;casting&#8217;, s\u00ed. \u00abMira, yo no tengo ning\u00fan &#8216;casting&#8217;, se ha confundido\u00bb, le digo. Y viene mi madre por detr\u00e1s y me dice: \u00abDile que s\u00ed, que ahora te lo explico\u00bb.<\/p>\n<p class=\"v-p\"><strong>-\u00bfLa hab\u00eda apuntado su madre?<\/strong><\/p>\n<p class=\"v-p\">-S\u00ed, para ver c\u00f3mo pod\u00edan acercarse un poco al concurso. F\u00edjate hasta d\u00f3nde llegaba el fanatismo de mi entorno. Total, que me aprend\u00ed un estribillo de &#8216;Limosna de amores&#8217;, la primera copla que me sali\u00f3 en YouTube porque yo no conoc\u00eda ninguna. Despu\u00e9s de ese &#8216;casting&#8217; vinieron m\u00e1s, y entr\u00e9 en el concurso. Todos los s\u00e1bados quer\u00eda venirme porque yo no entend\u00eda qu\u00e9 hac\u00eda all\u00ed, pero, como dur\u00f3 casi 11 meses, me dio tiempo a cogerle el gustillo y a irme enamorando de la copla.<\/p>\n<p class=\"v-p\"><strong>-Gan\u00f3 el concurso con 16 a\u00f1os. Tuvo que ser tremendo. <\/strong><\/p>\n<p class=\"v-p\">-Claro, cualquiera hubiera perdido los papeles y la salud mental.<\/p>\n<p class=\"v-p\"><strong>-\u00bfNo le pas\u00f3 a usted?<\/strong><\/p>\n<p class=\"v-p\">-A m\u00ed no, porque ya te digo que nac\u00ed folcl\u00f3rica. Adem\u00e1s, como mi madre tiene una peluquer\u00eda y mi padre un supermercado, siempre he estado rodeada de gente m\u00e1s mayor, y eso me dio otro tipo de madurez. Y mi familia siempre me ha mantenido con los pies en el suelo.<\/p>\n<p class=\"v-p\"><strong>-\u00bfQu\u00e9 suena en su Spotify?<\/strong><\/p>\n<p class=\"v-p\">-Pues lo mismo Carmen Sevilla que Adele o Amy Winehouse, o me saltan Parrita o El Lebrijano. O, de repente, Rigoberta Bandini. Mira, yo defiendo la copla desde la perspectiva de alguien que ama la m\u00fasica: si te gusta la m\u00fasica, independientemente del g\u00e9nero, seguro que te gusta la copla, porque se adapta a todo.<\/p>\n<p class=\"v-p\"><strong>-Se autodenomina &#8216;la \u00faltima folcl\u00f3rica&#8217;, pero hay m\u00e1s gente que canta copla.<\/strong><\/p>\n<p class=\"v-p\">-S\u00ed, por eso no digo que soy la \u00fanica folcl\u00f3rica, sino la \u00faltima, porque, aunque hay m\u00e1s gente cantando copla, no la hay de mi edad ni m\u00e1s joven. Con el nombre del espect\u00e1culo pretendo hacer un llamamiento a reivindicar la continuidad de un g\u00e9nero que est\u00e1 un poco en peligro de extinci\u00f3n.<\/p>\n<p class=\"v-p\"><strong>-En su espect\u00e1culo mezcla la copla con otros g\u00e9neros. \u00bfC\u00f3mo lo llevan los puristas?<\/strong><\/p>\n<p class=\"v-p\">-Cuando Camar\u00f3n hizo &#8216;La leyenda del tiempo&#8217; le llovieron palos. Luego ya se dieron cuenta de que el flamenco necesitaba evolucionar para no anclarse al pasado. Yo lo \u00fanico que quiero es que las nuevas generaciones entiendan que no hace falta ser mayor para dedicarte a esto o para consumirlo, que no asocien la copla con el olor a naftalina. La copla se adapta a todo, y en &#8216;La \u00faltima folcl\u00f3rica&#8217; escuchas una copla con sones jazz\u00edsticos, o mezclada con tango argentino, o con flamenco. Yo pretendo conservar la esencia de la copla, pero extrapol\u00e1ndola a la \u00e9poca en que vivimos para que la gente entienda que la copla es libre y que le cabe a todo el mundo.<\/p>\n<p class=\"v-p\"><strong>-\u00bfHa sufrido tanto por amor como en las canciones?<\/strong><\/p>\n<p class=\"v-p\">-Mira, querida: para que te den el carn\u00e9 de folcl\u00f3rica te tiene que haber pasado de todo, as\u00ed que yo he hecho todo lo que una folcl\u00f3rica completa tiene que hacer: me he enamorado, me he desenamorado, me he casado, me he separado, me he vuelto a enamorar. Y, como dir\u00eda Lola, \u00ab\u00bfqui\u00e9n no se ha dado un pipazo con una amiga?\u00bb. Pues tambi\u00e9n.<\/p>\n","protected":false},"excerpt":{"rendered":"El folclore no se me quita ni en pijama ni haciendo la compra\u00bb, dice Laura Gallego. Tampoco haciendo&hellip;\n","protected":false},"author":2,"featured_media":238900,"comment_status":"","ping_status":"","sticky":false,"template":"","format":"standard","meta":{"footnotes":""},"categories":[174],"tags":[255,146,147,25,24,256,61681,23,1885,3001],"class_list":{"0":"post-238899","1":"post","2":"type-post","3":"status-publish","4":"format-standard","5":"has-post-thumbnail","7":"category-famosos","8":"tag-celebrities","9":"tag-entertainment","10":"tag-entretenimiento","11":"tag-es","12":"tag-espana","13":"tag-famosos","14":"tag-folclorica","15":"tag-spain","16":"tag-ultima","17":"tag-unica"},"share_on_mastodon":{"url":"https:\/\/pubeurope.com\/@es\/115558931788788244","error":""},"_links":{"self":[{"href":"https:\/\/www.europesays.com\/es\/wp-json\/wp\/v2\/posts\/238899","targetHints":{"allow":["GET"]}}],"collection":[{"href":"https:\/\/www.europesays.com\/es\/wp-json\/wp\/v2\/posts"}],"about":[{"href":"https:\/\/www.europesays.com\/es\/wp-json\/wp\/v2\/types\/post"}],"author":[{"embeddable":true,"href":"https:\/\/www.europesays.com\/es\/wp-json\/wp\/v2\/users\/2"}],"replies":[{"embeddable":true,"href":"https:\/\/www.europesays.com\/es\/wp-json\/wp\/v2\/comments?post=238899"}],"version-history":[{"count":0,"href":"https:\/\/www.europesays.com\/es\/wp-json\/wp\/v2\/posts\/238899\/revisions"}],"wp:featuredmedia":[{"embeddable":true,"href":"https:\/\/www.europesays.com\/es\/wp-json\/wp\/v2\/media\/238900"}],"wp:attachment":[{"href":"https:\/\/www.europesays.com\/es\/wp-json\/wp\/v2\/media?parent=238899"}],"wp:term":[{"taxonomy":"category","embeddable":true,"href":"https:\/\/www.europesays.com\/es\/wp-json\/wp\/v2\/categories?post=238899"},{"taxonomy":"post_tag","embeddable":true,"href":"https:\/\/www.europesays.com\/es\/wp-json\/wp\/v2\/tags?post=238899"}],"curies":[{"name":"wp","href":"https:\/\/api.w.org\/{rel}","templated":true}]}}