{"id":238916,"date":"2025-11-16T10:44:12","date_gmt":"2025-11-16T10:44:12","guid":{"rendered":"https:\/\/www.europesays.com\/es\/238916\/"},"modified":"2025-11-16T10:44:12","modified_gmt":"2025-11-16T10:44:12","slug":"cada-vez-nos-acorralan-mas","status":"publish","type":"post","link":"https:\/\/www.europesays.com\/es\/238916\/","title":{"rendered":"Cada vez nos acorralan m\u00e1s"},"content":{"rendered":"<p><strong>Arturo P\u00e9rez-Reverte<\/strong> ha vuelto a cargar en redes sociales contra lo que considera una deriva imparable hacia la digitalizaci\u00f3n obligatoria. Esta vez, su diana ha sido <strong>Ryanair <\/strong>y su \u00faltima medida para <strong>eliminar por completo las tarjetas de embarque f\u00edsicas<\/strong> y obligar a todos los viajeros a utilizar el m\u00f3vil para acceder al avi\u00f3n.<\/p>\n<p>En un tuit que ha corrido como la p\u00f3lvora, el escritor denunciaba que las aerol\u00edneas est\u00e1n empujando a los ciudadanos a depender s\u00ed o s\u00ed del tel\u00e9fono m\u00f3vil para realizar incluso las gestiones m\u00e1s b\u00e1sicas: \u201cCada vez nos acorralan m\u00e1s. <strong>\u00c9sta es otra buena raz\u00f3n para no viajar nunca con Ryanair<\/strong>. Y lo triste es que otras compa\u00f1\u00edas a\u00e9reas y ferroviarias acabar\u00e1n imit\u00e1ndolos. Ya ocurre con los bancos. Esa gentuza no nos permite vivir sin tel\u00e9fono m\u00f3vil\u201d.<\/p>\n<blockquote class=\"twitter-tweet\">\n<p dir=\"ltr\" lang=\"es\">Cada vez nos acorralan m\u00e1s. \u00c9sta es otra buena raz\u00f3n para no viajar nunca con <a href=\"https:\/\/twitter.com\/Ryanair?ref_src=twsrc%5Etfw\" rel=\"nofollow noopener\" target=\"_blank\">@Ryanair<\/a>. Y lo triste es que otras compa\u00f1\u00edas a\u00e9reas y ferroviarias acabar\u00e1n imit\u00e1ndolos. Ya ocurre con los bancos. Esa gentuza no nos permite vivir sin tel\u00e9fono m\u00f3vil.<a href=\"https:\/\/t.co\/InruulhSmn\" rel=\"nofollow\">https:\/\/t.co\/InruulhSmn<\/a><\/p>\n<p>\u2014 Arturo P\u00e9rez-Reverte (@perezreverte) <a href=\"https:\/\/twitter.com\/perezreverte\/status\/1989954588192162268?ref_src=twsrc%5Etfw\" rel=\"nofollow noopener\" target=\"_blank\">November 16, 2025<\/a><\/p><\/blockquote>\n<p>Lejos de ser una pataleta aislada, el mensaje de P\u00e9rez-Reverte <strong>ha conectado con una frustraci\u00f3n creciente entre muchos usuarios<\/strong>: la sensaci\u00f3n de que las empresas est\u00e1n eliminando servicios tradicionales para recortar costes, trasladando la carga operativa al cliente y dando por hecho que todo el mundo tiene un smartphone, sabe usarlo y quiere usarlo.<\/p>\n<p>La decisi\u00f3n de Ryanair<\/p>\n<p>La <strong>pol\u00e9mica encendida por Arturo P\u00e9rez-Reverte<\/strong> tras la decisi\u00f3n de Ryanair de abandonar por completo las tarjetas de embarque impresas conecta directamente con el nuevo movimiento de la aerol\u00ednea. A partir de ahora, la compa\u00f1\u00eda <strong>s\u00f3lo aceptar\u00e1 tarjetas de embarque 100% digitales<\/strong>, un cambio que afecta a todos sus pasajeros sin excepci\u00f3n.<\/p>\n<p>Seg\u00fan ha comunicado la empresa, ya no ser\u00e1 posible descargar y llevar al aeropuerto una tarjeta de embarque en papel. En su lugar, los viajeros deber\u00e1n utilizar la versi\u00f3n digital generada a trav\u00e9s de la aplicaci\u00f3n <b>myRyanair<\/b> durante el proceso de \u2018check-in\u2019. La compa\u00f1\u00eda defiende que esta transici\u00f3n permitir\u00e1 ofrecer una experiencia \u201cm\u00e1s r\u00e1pida, inteligente y sostenible\u201d.<\/p>\n<p>El director de Marketing de la aerol\u00ednea, <b>Dara Brady<\/b>, explic\u00f3 que el cambio es inminente: quedan menos de siete d\u00edas para que entre en vigor y, a partir del mi\u00e9rcoles, los pasajeros que intenten imprimir la tarjeta de embarque ya no podr\u00e1n hacerlo. Todo deber\u00e1 gestionarse desde el m\u00f3vil. Ryanair sostiene adem\u00e1s que este giro digital supondr\u00e1 un ahorro estimado de <b>hasta 40 millones de euros anuales<\/b>, gracias a la eliminaci\u00f3n de los costes asociados a la impresi\u00f3n.<\/p>\n<p>La aerol\u00ednea subraya que la mayor\u00eda de su clientela ya est\u00e1 adaptada a este sistema: asegura que <b>el 80% de los viajeros<\/b> utiliza actualmente tarjetas de embarque digitales sin necesidad de documentos en papel. Aun as\u00ed, lanza un aviso a quienes siguen recurriendo a la versi\u00f3n tradicional: deber\u00e1n descargar la aplicaci\u00f3n myRyanair antes de que la compa\u00f1\u00eda complete el tr\u00e1nsito hacia un modelo totalmente digital.<\/p>\n<p>\u00a0<\/p>\n<p><script async src=\"https:\/\/platform.twitter.com\/widgets.js\" charset=\"utf-8\"><\/script><\/p>\n","protected":false},"excerpt":{"rendered":"Arturo P\u00e9rez-Reverte ha vuelto a cargar en redes sociales contra lo que considera una deriva imparable hacia la&hellip;\n","protected":false},"author":2,"featured_media":238917,"comment_status":"","ping_status":"","sticky":false,"template":"","format":"standard","meta":{"footnotes":""},"categories":[80],"tags":[82,95,94,25,24,23],"class_list":{"0":"post-238916","1":"post","2":"type-post","3":"status-publish","4":"format-standard","5":"has-post-thumbnail","7":"category-economia","8":"tag-business","9":"tag-economia","10":"tag-economy","11":"tag-es","12":"tag-espana","13":"tag-spain"},"share_on_mastodon":{"url":"https:\/\/pubeurope.com\/@es\/115558971186475161","error":""},"_links":{"self":[{"href":"https:\/\/www.europesays.com\/es\/wp-json\/wp\/v2\/posts\/238916","targetHints":{"allow":["GET"]}}],"collection":[{"href":"https:\/\/www.europesays.com\/es\/wp-json\/wp\/v2\/posts"}],"about":[{"href":"https:\/\/www.europesays.com\/es\/wp-json\/wp\/v2\/types\/post"}],"author":[{"embeddable":true,"href":"https:\/\/www.europesays.com\/es\/wp-json\/wp\/v2\/users\/2"}],"replies":[{"embeddable":true,"href":"https:\/\/www.europesays.com\/es\/wp-json\/wp\/v2\/comments?post=238916"}],"version-history":[{"count":0,"href":"https:\/\/www.europesays.com\/es\/wp-json\/wp\/v2\/posts\/238916\/revisions"}],"wp:featuredmedia":[{"embeddable":true,"href":"https:\/\/www.europesays.com\/es\/wp-json\/wp\/v2\/media\/238917"}],"wp:attachment":[{"href":"https:\/\/www.europesays.com\/es\/wp-json\/wp\/v2\/media?parent=238916"}],"wp:term":[{"taxonomy":"category","embeddable":true,"href":"https:\/\/www.europesays.com\/es\/wp-json\/wp\/v2\/categories?post=238916"},{"taxonomy":"post_tag","embeddable":true,"href":"https:\/\/www.europesays.com\/es\/wp-json\/wp\/v2\/tags?post=238916"}],"curies":[{"name":"wp","href":"https:\/\/api.w.org\/{rel}","templated":true}]}}