{"id":238938,"date":"2025-11-16T11:02:09","date_gmt":"2025-11-16T11:02:09","guid":{"rendered":"https:\/\/www.europesays.com\/es\/238938\/"},"modified":"2025-11-16T11:02:09","modified_gmt":"2025-11-16T11:02:09","slug":"no-son-influencers-pero-actuan-como-si-lo-fueran","status":"publish","type":"post","link":"https:\/\/www.europesays.com\/es\/238938\/","title":{"rendered":"no son influencers pero act\u00faan como si lo fueran"},"content":{"rendered":"<p>Hace poco corr\u00ed la Media Marat\u00f3n de Valencia. Marca normalita y sin aspiraciones de nada. Desde la salida me encontr\u00e9 a decenas o quiz\u00e1s <strong>cientos de corredores con el brazo extendido grab\u00e1ndose<\/strong>. Durante la carrera fue una constante. De vez en cuando me encontraba a alguno con el brazo levantado mirando a c\u00e1mara. Comprometiendo la postura y el rendimiento, y complicando a quienes lleg\u00e1bamos por detr\u00e1s para adelantar. Pero sin bajar el m\u00f3vil.<\/p>\n<p>La llegada a meta ya fue una explosi\u00f3n. Muchos, en cuanto la cruzaban, sacaban de nuevo el m\u00f3vil y bailaban la misma coreograf\u00eda como si se hubieran puesto de acuerdo: mirada agotada al suelo, mirada triunfal al cielo, resoplido sonriente, mordisco al labio inferior durante un pesta\u00f1eo largo y cara de trascendencia.<\/p>\n<p>    <a href=\"https:\/\/www.xataka.com\/magnet\/empezamos-a-seguir-a-influencers-porque-se-parecian-a-nosotros-ahora-se-estan-comprando-peines-170-euros\" class=\"pivot-outboundlink\" data-vars-post-title=\"Antes segu\u00edamos a los influencers porque eran gente &quot;normal&quot;. Ahora se est\u00e1n comprando peines de 170 euros\" rel=\"nofollow noopener\" target=\"_blank\"><br \/>\n     <img loading=\"lazy\" decoding=\"async\" alt=\"Antes segu\u00edamos a los influencers porque eran gente &quot;normal&quot;. Ahora se est\u00e1n comprando peines de 170 euros\" width=\"375\" height=\"142\" src=\"https:\/\/www.europesays.com\/es\/wp-content\/uploads\/2025\/09\/1756928228_153_375_142.jpeg\"\/><br \/>\n    <\/a><\/p>\n<p>Unos d\u00edas despu\u00e9s, comentando la moviola con los amigos, me ense\u00f1aron el resto del iceberg: <a class=\"text-outboundlink\" href=\"https:\/\/www.xataka.com\/basics\/que-tiktok-donde-viene-que-ofrece-red-social-videos\" data-vars-post-title=\"Qu\u00e9 es TikTok, de d\u00f3nde viene y qu\u00e9 ofrece la red social de v\u00eddeos\" data-vars-post-url=\"https:\/\/www.xataka.com\/basics\/que-tiktok-donde-viene-que-ofrece-red-social-videos\" rel=\"nofollow noopener\" target=\"_blank\">tiktoks<\/a> con m\u00fasica de Hans Zimmer, mon\u00f3logos sobre la superaci\u00f3n personal. Todo empaquetado, todo monetizado. Aunque sea en likes.<\/p>\n<p>Ninguno de los que me mostraron y supongo que casi ninguno de los que vi en la carrera eran influencers profesionales. No tienen patrocinadores esperando su contenido, pero <strong>han asumido voluntariamente la carga de documentar y performar su propia vida. Son trabajadores no remunerados de sus propias narrativas digitales<\/strong>, editores compulsivos de experiencias que ya no saben vivir sin mediar.<\/p>\n<p>La carrera es solo el decorado. Lo que graban no es la media marat\u00f3n: se graban a ellos mismos. Sus sensaciones, sus superaciones, su protagonismo. El running es intercambiable: podr\u00eda ser crossfit, podr\u00eda ser un viaje, podr\u00eda ser la maternidad. Lo importante es el yo como contenido, el yo como producto audiovisual.<\/p>\n<p>Quiz\u00e1s ni siquiera se dediquen a documentar su propia vida, sino a algo que suena parecido pero es muy diferente: se dedican a vivir una vida pre-documentada, pre-editada, dise\u00f1ada para ser contada. Han interiorizado tan profundamente la gram\u00e1tica del contenido digital que ya no pueden experimentar nada sin pensar simult\u00e1neamente en c\u00f3mo se ver\u00e1 en pantalla. No piensan \u00abqu\u00e9 duro est\u00e1 siendo esto\u00bb sino \u00abqu\u00e9 \u00e9pico va a quedar cuando le ponga la m\u00fasica\u00bb.<\/p>\n<p>Hemos creado <strong>una generaci\u00f3n que trabaja gratis como documentalista de su propia existencia<\/strong>. Sin contrato y sin sueldo, a veces ni siquiera con la aspiraci\u00f3n de ver ese esfuerzo convertido en pasta alg\u00fan d\u00eda, pero con la disciplina de un profesional. El brazo extendido durante media carrera era la imagen perfecta de esta nueva servidumbre voluntaria: sacrificamos la experiencia inmediata para producir su versi\u00f3n distribuible.<\/p>\n<p>Ya no vivimos y luego lo contamos. Producimos contenido sobre nosotros mismos mientras fingimos que vivimos. El algoritmo ha conseguido su victoria definitiva: no necesita pagarnos para que trabajemos para \u00e9l. Hemos olvidado que existe una diferencia entre correr y producir contenido sobre correr. O dicho de forma m\u00e1s general: entre vivir y performar la vida.<\/p>\n<p>En Xataka |\u00a0<a class=\"text-outboundlink\" href=\"https:\/\/www.xataka.com\/empresas-y-economia\/cada-vez-me-gusta-tecnologia-que-no-quiere-nada-mi-que-tiene-proposito-te-deja-paz\" data-vars-post-title=\"Cada vez me gusta m\u00e1s la tecnolog\u00eda que no quiere nada de m\u00ed: la que tiene un prop\u00f3sito y te deja en paz\" data-vars-post-url=\"https:\/\/www.xataka.com\/empresas-y-economia\/cada-vez-me-gusta-tecnologia-que-no-quiere-nada-mi-que-tiene-proposito-te-deja-paz\" rel=\"nofollow noopener\" target=\"_blank\">Cada vez me gusta m\u00e1s la tecnolog\u00eda que no quiere nada de m\u00ed: la que tiene un prop\u00f3sito y te deja en paz<\/a><\/p>\n<p>Imagen destacada |\u00a0Xataka<\/p>\n","protected":false},"excerpt":{"rendered":"Hace poco corr\u00ed la Media Marat\u00f3n de Valencia. Marca normalita y sin aspiraciones de nada. Desde la salida&hellip;\n","protected":false},"author":2,"featured_media":238939,"comment_status":"","ping_status":"","sticky":false,"template":"","format":"standard","meta":{"footnotes":""},"categories":[169],"tags":[177,146,147,25,24,176,175,23],"class_list":{"0":"post-238938","1":"post","2":"type-post","3":"status-publish","4":"format-standard","5":"has-post-thumbnail","7":"category-cine","8":"tag-cine","9":"tag-entertainment","10":"tag-entretenimiento","11":"tag-es","12":"tag-espana","13":"tag-film","14":"tag-movies","15":"tag-spain"},"share_on_mastodon":{"url":"https:\/\/pubeurope.com\/@es\/115559042163416217","error":""},"_links":{"self":[{"href":"https:\/\/www.europesays.com\/es\/wp-json\/wp\/v2\/posts\/238938","targetHints":{"allow":["GET"]}}],"collection":[{"href":"https:\/\/www.europesays.com\/es\/wp-json\/wp\/v2\/posts"}],"about":[{"href":"https:\/\/www.europesays.com\/es\/wp-json\/wp\/v2\/types\/post"}],"author":[{"embeddable":true,"href":"https:\/\/www.europesays.com\/es\/wp-json\/wp\/v2\/users\/2"}],"replies":[{"embeddable":true,"href":"https:\/\/www.europesays.com\/es\/wp-json\/wp\/v2\/comments?post=238938"}],"version-history":[{"count":0,"href":"https:\/\/www.europesays.com\/es\/wp-json\/wp\/v2\/posts\/238938\/revisions"}],"wp:featuredmedia":[{"embeddable":true,"href":"https:\/\/www.europesays.com\/es\/wp-json\/wp\/v2\/media\/238939"}],"wp:attachment":[{"href":"https:\/\/www.europesays.com\/es\/wp-json\/wp\/v2\/media?parent=238938"}],"wp:term":[{"taxonomy":"category","embeddable":true,"href":"https:\/\/www.europesays.com\/es\/wp-json\/wp\/v2\/categories?post=238938"},{"taxonomy":"post_tag","embeddable":true,"href":"https:\/\/www.europesays.com\/es\/wp-json\/wp\/v2\/tags?post=238938"}],"curies":[{"name":"wp","href":"https:\/\/api.w.org\/{rel}","templated":true}]}}