{"id":238956,"date":"2025-11-16T11:18:10","date_gmt":"2025-11-16T11:18:10","guid":{"rendered":"https:\/\/www.europesays.com\/es\/238956\/"},"modified":"2025-11-16T11:18:10","modified_gmt":"2025-11-16T11:18:10","slug":"resumen-del-partido-nuggets-123-112-timberwolves-15-de-nov-2025","status":"publish","type":"post","link":"https:\/\/www.europesays.com\/es\/238956\/","title":{"rendered":"Resumen del partido Nuggets 123-112 Timberwolves (15 de Nov., 2025)"},"content":{"rendered":"<p>MINNEAPOLIS (AP) &#8212; Tim Hardaway Jr. y Nikola Jokic guiaron el s\u00e1bado a los Denver Nuggets, quienes se impusieron 123-112 sobre los Minnesota Timberwolves, para apuntarse su s\u00e9ptima victoria consecutiva.<\/p>\n<p>Los Nuggets caecieron de sus dos aleros titulares, Christian Braun (esguince en el tobillo izquierdo) y Cam Johnson (tir\u00f3n en el b\u00edceps derecho). Ambos se lesionaron el mi\u00e9rcoles, durante la victoria de Denver sobre Los \u00c1ngeles Clippers.<\/p>\n<p>Se espera que Braun est\u00e9 fuera de actividad al menos seis semanas.<\/p>\n<p>Los rivales de la Divisi\u00f3n Noroeste se han enfrentado en los playoffs dos veces en los \u00faltimos tres a\u00f1os. Los Timberwolves barrieron la serie de la temporada regular el a\u00f1o pasado, pero Denver ha ganado ambos encuentros esta campa\u00f1a.<\/p>\n<p>Los equipos hab\u00edan jugado por \u00faltima vez en Minneapolis en octubre. Edwards y Jaylen Clark estaban fuera por lesiones, y los Nuggets se sobrepusieron a un d\u00e9ficit de ocho puntos al medio tiempo con un tercer cuarto de 45 puntos en camino a una victoria de 127-114.<\/p>\n","protected":false},"excerpt":{"rendered":"MINNEAPOLIS (AP) &#8212; Tim Hardaway Jr. y Nikola Jokic guiaron el s\u00e1bado a los Denver Nuggets, quienes se&hellip;\n","protected":false},"author":2,"featured_media":238957,"comment_status":"","ping_status":"","sticky":false,"template":"","format":"standard","meta":{"footnotes":""},"categories":[269],"tags":[299,298,168,25,24,23,167],"class_list":{"0":"post-238956","1":"post","2":"type-post","3":"status-publish","4":"format-standard","5":"has-post-thumbnail","7":"category-baloncesto","8":"tag-baloncesto","9":"tag-basketball","10":"tag-deportes","11":"tag-es","12":"tag-espana","13":"tag-spain","14":"tag-sports"},"share_on_mastodon":{"url":"https:\/\/pubeurope.com\/@es\/115559105200345970","error":""},"_links":{"self":[{"href":"https:\/\/www.europesays.com\/es\/wp-json\/wp\/v2\/posts\/238956","targetHints":{"allow":["GET"]}}],"collection":[{"href":"https:\/\/www.europesays.com\/es\/wp-json\/wp\/v2\/posts"}],"about":[{"href":"https:\/\/www.europesays.com\/es\/wp-json\/wp\/v2\/types\/post"}],"author":[{"embeddable":true,"href":"https:\/\/www.europesays.com\/es\/wp-json\/wp\/v2\/users\/2"}],"replies":[{"embeddable":true,"href":"https:\/\/www.europesays.com\/es\/wp-json\/wp\/v2\/comments?post=238956"}],"version-history":[{"count":0,"href":"https:\/\/www.europesays.com\/es\/wp-json\/wp\/v2\/posts\/238956\/revisions"}],"wp:featuredmedia":[{"embeddable":true,"href":"https:\/\/www.europesays.com\/es\/wp-json\/wp\/v2\/media\/238957"}],"wp:attachment":[{"href":"https:\/\/www.europesays.com\/es\/wp-json\/wp\/v2\/media?parent=238956"}],"wp:term":[{"taxonomy":"category","embeddable":true,"href":"https:\/\/www.europesays.com\/es\/wp-json\/wp\/v2\/categories?post=238956"},{"taxonomy":"post_tag","embeddable":true,"href":"https:\/\/www.europesays.com\/es\/wp-json\/wp\/v2\/tags?post=238956"}],"curies":[{"name":"wp","href":"https:\/\/api.w.org\/{rel}","templated":true}]}}