{"id":238958,"date":"2025-11-16T11:19:11","date_gmt":"2025-11-16T11:19:11","guid":{"rendered":"https:\/\/www.europesays.com\/es\/238958\/"},"modified":"2025-11-16T11:19:11","modified_gmt":"2025-11-16T11:19:11","slug":"spotify-si-spotify-no-as-com","status":"publish","type":"post","link":"https:\/\/www.europesays.com\/es\/238958\/","title":{"rendered":"Spotify, s\u00ed; Spotify, no &#8211; AS.com"},"content":{"rendered":"<p class=\"\">Despu\u00e9s del gran \u00e9xito del simulacro de<b> vuelta al Spotify Camp Nou con el entrenamiento de puertas abiertas<\/b> del pasado 7 de noviembre, el regreso definitivo del Barcelona a su casa est\u00e1 m\u00e1s cerca que nunca. Desde hace ya unos d\u00edas<b> se manejan dos fechas posibles<\/b>, la del 22 de noviembre en el partido contra el Athletic Club o el 29 en el enfrentamiento contra el Alav\u00e9s, que coincidir\u00eda con el 126 aniversario de la entidad. <\/p>\n<p class=\"\">La primera fecha, que coincide con el primer partido tras el par\u00f3n internacional, pr\u00e1cticamente ya se puede dar por descartada. El Ayuntamiento de Barcelona<a href=\"https:\/\/as.com\/futbol\/primera\/pedri-a-flick-mejor-no-hacerlo-enfadar-f202511-n\/\" target=\"_self\" rel=\"nofollow noopener\" title=\"https:\/\/as.com\/futbol\/primera\/pedri-a-flick-mejor-no-hacerlo-enfadar-f202511-n\/\"> ya tiene toda la documentaci\u00f3n<\/a> en su poder para poder decidir si concede al club azulgrana el permiso de la fase 1B, la que permite un aforo de 45.000 personas, pero necesitan un tiempo para hacer todas<a href=\"https:\/\/as.com\/futbol\/primera\/el-futuro-9-una-decision-abierta-f202511-n\/\" target=\"_self\" rel=\"nofollow noopener\" title=\"https:\/\/as.com\/futbol\/primera\/el-futuro-9-una-decision-abierta-f202511-n\/\"> las comprobaciones <\/a>y ver que no hay ning\u00fan problema a subsanar. <\/p>\n<p><a href=\"https:\/\/as.com\/resultados\/ficha\/equipo\/barcelona\/3\/\" rel=\"nofollow noopener\" target=\"_blank\"><img decoding=\"async\" src=\"https:\/\/www.europesays.com\/es\/wp-content\/uploads\/2025\/11\/1763291948_318_3.png\" alt=\"Spotify, s\u00ed; Spotify, no \" height=\"80\" width=\"80\"  loading=\"lazy\" data-error-image=\"https:\/\/static.as.com\/dist\/resources\/images\/placeholder-team.png\"\/><\/a><\/p>\n<p class=\"\">Esto puede tardar pocos d\u00edas pero quiz\u00e1 sea muy justo para acabar de cerrar todo el nivel organizativo que se requiere para regresar al Spotify Camp Nou ante el Athletic, al que ya se le ha informado que posiblemente el partido se juegue en Montju\u00efc. <\/p>\n<p>Noticias relacionadas<a href=\"https:\/\/as.com\/futbol\/primera\/laporta-no-es-realista-hablar-del-retorno-de-leo-messi-como-jugador-f202511-n\/\" class=\"s_m_w _rt-16x9\" title=\"Joan Laporta ha hablado en Catalunya Radio sobre la visita de Messi al Camp Nou y reconoci\u00f3 que no sab\u00eda que iba a producirse.\" data-tb-link=\"\" rel=\"nofollow noopener\" target=\"_blank\"><img decoding=\"async\" src=\"https:\/\/www.europesays.com\/es\/wp-content\/uploads\/2025\/11\/BDOVE44NZZN2DMALLCDYKUQLFA.jpg\" alt=\"Laporta: \u201cLas relaciones con el Madrid no son buenas por el caso Negreira\u201d\" class=\"\" height=\"9\" width=\"16\"   loading=\"lazy\" data-tb-thumbnail=\"\"\/><\/a><a href=\"https:\/\/as.com\/futbol\/primera\/messi-vuelve-a-casa-f202511-n\/\" class=\"s_m_w _rt-16x9\" title=\"La leyenda del Barcelona  volvi\u00f3 a pisar el c\u00e9sped del Spotify Camp Nou, un estadio que extra\u00f1a \u201ccon el alma\u201d y donde se sinti\u00f3 \u201cla persona m\u00e1s feliz del mundo\u201d.\" data-tb-link=\"\" rel=\"nofollow noopener\" target=\"_blank\"><img decoding=\"async\" src=\"https:\/\/www.europesays.com\/es\/wp-content\/uploads\/2025\/11\/1763291951_846_UIADOCESIFGQFMK7TWGB5ABNGU.jpg\" alt=\"Messi vuelve a casa\" class=\"\" height=\"9\" width=\"16\"   loading=\"lazy\" data-tb-thumbnail=\"\"\/><\/a><\/p>\n<p class=\"\">El estadio azulgrana <b>ya tiene el visto bueno para albergar partidos<\/b>. Fue el propio club el que decidi\u00f3 que no volver\u00eda hasta tener la fase 1B y poder meter m\u00e1s de 27.000 espectadores en el campo. La decisi\u00f3n fue por favorecer m\u00e1s aforo (el de Montju\u00efc es de 55.000 personas) y tambi\u00e9n por un motivo econ\u00f3mico. <\/p>\n<p class=\"\"><b>\u00a1Tus opiniones importan!<\/b> Comenta en los art\u00edculos y suscr\u00edbete gratis a nuestra <a href=\"https:\/\/asfan.as.com\/newsletters\/\" target=\"_blank\" rel=\"nofollow noopener\" title=\"https:\/\/asfan.as.com\/newsletters\/\">newsletter<\/a> y a las alertas informativas en la <a href=\"https:\/\/as.com\/aplicacion-de-as-n\/\" target=\"_blank\" rel=\"nofollow noopener\" title=\"https:\/\/as.com\/aplicacion-de-as-n\/\">App<\/a> o el canal de <a href=\"https:\/\/www.whatsapp.com\/channel\/0029VaAasdA7j6g745nz9M10\" target=\"_blank\" rel=\"nofollow noopener\" title=\"https:\/\/www.whatsapp.com\/channel\/0029VaAasdA7j6g745nz9M10\">WhatsApp<\/a>. \u00bfBuscas licenciar contenido? Haz clic <a href=\"https:\/\/profesional.elpais.com\/soluciones-sindicacion?utm_medium=interno&amp;utm_source=crosslinking&amp;utm_campaign=sindicacion_as_pie_articulos\" target=\"_blank\" rel=\"nofollow noopener\" title=\"https:\/\/profesional.elpais.com\/soluciones-sindicacion?utm_medium=interno&amp;utm_source=crosslinking&amp;utm_campaign=sindicacion_as_pie_articulos\">aqu\u00ed<\/a><\/p>\n","protected":false},"excerpt":{"rendered":"Despu\u00e9s del gran \u00e9xito del simulacro de vuelta al Spotify Camp Nou con el entrenamiento de puertas abiertas&hellip;\n","protected":false},"author":2,"featured_media":238959,"comment_status":"","ping_status":"","sticky":false,"template":"","format":"standard","meta":{"footnotes":""},"categories":[268],"tags":[168,25,24,280,282,281,23,167],"class_list":{"0":"post-238958","1":"post","2":"type-post","3":"status-publish","4":"format-standard","5":"has-post-thumbnail","7":"category-futbol","8":"tag-deportes","9":"tag-es","10":"tag-espana","11":"tag-football","12":"tag-futbol","13":"tag-soccer","14":"tag-spain","15":"tag-sports"},"share_on_mastodon":{"url":"https:\/\/pubeurope.com\/@es\/115559109316313156","error":""},"_links":{"self":[{"href":"https:\/\/www.europesays.com\/es\/wp-json\/wp\/v2\/posts\/238958","targetHints":{"allow":["GET"]}}],"collection":[{"href":"https:\/\/www.europesays.com\/es\/wp-json\/wp\/v2\/posts"}],"about":[{"href":"https:\/\/www.europesays.com\/es\/wp-json\/wp\/v2\/types\/post"}],"author":[{"embeddable":true,"href":"https:\/\/www.europesays.com\/es\/wp-json\/wp\/v2\/users\/2"}],"replies":[{"embeddable":true,"href":"https:\/\/www.europesays.com\/es\/wp-json\/wp\/v2\/comments?post=238958"}],"version-history":[{"count":0,"href":"https:\/\/www.europesays.com\/es\/wp-json\/wp\/v2\/posts\/238958\/revisions"}],"wp:featuredmedia":[{"embeddable":true,"href":"https:\/\/www.europesays.com\/es\/wp-json\/wp\/v2\/media\/238959"}],"wp:attachment":[{"href":"https:\/\/www.europesays.com\/es\/wp-json\/wp\/v2\/media?parent=238958"}],"wp:term":[{"taxonomy":"category","embeddable":true,"href":"https:\/\/www.europesays.com\/es\/wp-json\/wp\/v2\/categories?post=238958"},{"taxonomy":"post_tag","embeddable":true,"href":"https:\/\/www.europesays.com\/es\/wp-json\/wp\/v2\/tags?post=238958"}],"curies":[{"name":"wp","href":"https:\/\/api.w.org\/{rel}","templated":true}]}}