{"id":238966,"date":"2025-11-16T11:24:11","date_gmt":"2025-11-16T11:24:11","guid":{"rendered":"https:\/\/www.europesays.com\/es\/238966\/"},"modified":"2025-11-16T11:24:11","modified_gmt":"2025-11-16T11:24:11","slug":"el-grupo-berciano-mazu-debuta-con-su-primer-sencillo-de-pop-rock","status":"publish","type":"post","link":"https:\/\/www.europesays.com\/es\/238966\/","title":{"rendered":"El grupo berciano Mazu debuta con su primer sencillo de pop rock"},"content":{"rendered":"<p class=\"paragraph\">El talento berciano contin\u00faa brillando en todas sus vertientes, y la m\u00fasica no pod\u00eda ser menos. Mazu, el grupo formado por Marta, Jorge, Mario y el \u00abotro\u00bb Jorge, irrumpe en la escena con su primer EP, \u2018Me intoxiqu\u00e9\u2019, un trabajo que definen como su carta de presentaci\u00f3n al mundo.<\/p>\n<p class=\"paragraph\">Un proyecto nacido en el Bierzo, aunque con ra\u00edces tambi\u00e9n en la vecina Valdeorras, por uno de sus componentes que procede del Barco.<\/p>\n<p class=\"paragraph\">Sus canciones, influenciadas por el pop rock de la d\u00e9cada de los 2000 y referentes como Pereza, Amaral o Fito y los Fitipaldis, entre otros, buscan conectar con el p\u00fablico desde la emoci\u00f3n y la autenticidad. Son cinco temas compuestos por ellos mismos, cada uno nacido de \u00abuna idea mel\u00f3dica\u00bb, tal y como explica Marta, y que finalmente se convierta \u00aben algo con la aportaci\u00f3n de cada uno de nosotros\u00bb. Entre ellos destaca \u00abWhisky Cowboy\u00bb, una canci\u00f3n que empez\u00f3 a tomar forma en Lisboa mientras actuaban en una boda y que incluso les llev\u00f3 a aparecer en Vogue Espa\u00f1a. El EP est\u00e1 disponible en plataformas como Spotify, Apple Music y YouTube.<\/p>\n<p class=\"paragraph\">Si algo distingue a Mazu es su energ\u00eda sobre el escenario. Ya con su antigua formaci\u00f3n, Los RockKens, lograron construir una identidad propia y hacerse habituales en todo tipo de eventos de la comarca berciana. A d\u00eda de hoy, compaginan la continuidad de aquel proyecto con la evoluci\u00f3n de Mazu, cuidando cada paso y cada inversi\u00f3n.<\/p>\n<p class=\"paragraph\">Presentaci\u00f3n<\/p>\n<p class=\"paragraph\">Y es que la banda se consolida como una propuesta emergente en el panorama nacional, especialmente tras su participaci\u00f3n en el concurso de bandas del Festival Internacional de Benic\u00e0ssim (FIB), donde fue el estreno de su trabajo discogr\u00e1fico con ritmos y letras pop rock.<\/p>\n<p class=\"paragraph\">Tambi\u00e9n en Ponferrada siguen sumando logros, como el exitoso concierto que ofrecieron durante las pasadas fiestas de La Encina.<\/p>\n<p class=\"paragraph\">Mientras su trayectoria musical contin\u00faa creciendo, estos j\u00f3venes bercianos siguen form\u00e1ndose en distintas \u00e1reas, demostrando que talento, trabajo y pasi\u00f3n pueden caminar de la mano.<\/p>\n","protected":false},"excerpt":{"rendered":"El talento berciano contin\u00faa brillando en todas sus vertientes, y la m\u00fasica no pod\u00eda ser menos. Mazu, el&hellip;\n","protected":false},"author":2,"featured_media":238967,"comment_status":"","ping_status":"","sticky":false,"template":"","format":"standard","meta":{"footnotes":""},"categories":[170],"tags":[11669,61446,146,147,25,24,184,185,6765,1273,23],"class_list":{"0":"post-238966","1":"post","2":"type-post","3":"status-publish","4":"format-standard","5":"has-post-thumbnail","7":"category-musica","8":"tag-amaral","9":"tag-el-bierzo","10":"tag-entertainment","11":"tag-entretenimiento","12":"tag-es","13":"tag-espana","14":"tag-music","15":"tag-musica","16":"tag-pop","17":"tag-rock","18":"tag-spain"},"share_on_mastodon":{"url":"https:\/\/pubeurope.com\/@es\/115559128498418330","error":""},"_links":{"self":[{"href":"https:\/\/www.europesays.com\/es\/wp-json\/wp\/v2\/posts\/238966","targetHints":{"allow":["GET"]}}],"collection":[{"href":"https:\/\/www.europesays.com\/es\/wp-json\/wp\/v2\/posts"}],"about":[{"href":"https:\/\/www.europesays.com\/es\/wp-json\/wp\/v2\/types\/post"}],"author":[{"embeddable":true,"href":"https:\/\/www.europesays.com\/es\/wp-json\/wp\/v2\/users\/2"}],"replies":[{"embeddable":true,"href":"https:\/\/www.europesays.com\/es\/wp-json\/wp\/v2\/comments?post=238966"}],"version-history":[{"count":0,"href":"https:\/\/www.europesays.com\/es\/wp-json\/wp\/v2\/posts\/238966\/revisions"}],"wp:featuredmedia":[{"embeddable":true,"href":"https:\/\/www.europesays.com\/es\/wp-json\/wp\/v2\/media\/238967"}],"wp:attachment":[{"href":"https:\/\/www.europesays.com\/es\/wp-json\/wp\/v2\/media?parent=238966"}],"wp:term":[{"taxonomy":"category","embeddable":true,"href":"https:\/\/www.europesays.com\/es\/wp-json\/wp\/v2\/categories?post=238966"},{"taxonomy":"post_tag","embeddable":true,"href":"https:\/\/www.europesays.com\/es\/wp-json\/wp\/v2\/tags?post=238966"}],"curies":[{"name":"wp","href":"https:\/\/api.w.org\/{rel}","templated":true}]}}