{"id":238990,"date":"2025-11-16T11:43:09","date_gmt":"2025-11-16T11:43:09","guid":{"rendered":"https:\/\/www.europesays.com\/es\/238990\/"},"modified":"2025-11-16T11:43:09","modified_gmt":"2025-11-16T11:43:09","slug":"pase-los-ultimos-cuatro-anos-de-mi-padre-tocando-con-el-en-su-casa-por-puro-placer","status":"publish","type":"post","link":"https:\/\/www.europesays.com\/es\/238990\/","title":{"rendered":"\u00abPas\u00e9 los \u00faltimos cuatro a\u00f1os de mi padre tocando con \u00e9l en su casa por puro placer\u00bb"},"content":{"rendered":"<p style=\"\">Hace ya m\u00e1s de medio siglo que <a href=\"https:\/\/www.abc.es\/cultura\/musica\/abci-chucho-valdes-bebo-huyera-cuba-ayudo-desarrollame-como-musico-201803160224_noticia.html\" target=\"_self\" data-voc-vtm-id=\"in-text-traffic\" title=\"Chucho Vald\u00e9s\" data-mrf-link=\"www.abc.es\" rel=\"nofollow noopener\">Chucho Vald\u00e9s<\/a> (Quivic\u00e1n, Cuba, 1941) fue elegido uno de los cinco mejores pianistas de jazz del mundo. Los otros cuatro fueron nada menos que Bill Evans, Oscar Peterson, Herbie Hancock y Chick Corea. \u00abEstaba aterrado\u00bb, reconoce ahora,  &#8230; en la videollamada con ABC desde su casa en Coral Springs (Miami), con las vistas de su espl\u00e9ndido jard\u00edn al fondo. Sonr\u00ede cuando recuerda aquel reconocimiento que le lleg\u00f3 en 1970, tras su actuaci\u00f3n en el Festival Jamboree de Varsovia. Fue invitado al evento, para su sorpresa, despu\u00e9s de que alguien enviase una grabaci\u00f3n suya a Los \u00c1ngeles sin que \u00e9l se enterase y de que esta fuera evaluada por un jurado presidido por Duke Ellington. <\/p>\n<p class=\"voc-p\" style=\"\">Ese d\u00eda se convirti\u00f3 en el primer cubano que particip\u00f3 en un festival de m\u00fasica en el extranjero desde que Fidel Castro subi\u00f3 al poder en 1959. Echando la vista atr\u00e1s, no es dif\u00edcil concluir que era algo a lo que estaba predestinado, pues con apenas tres a\u00f1os ya se sentaba en las rodillas de su padre, el gran <a href=\"https:\/\/www.abc.es\/cultura\/musica\/20130322\/abci-bebo-valdes-201303221924.html\" target=\"_self\" data-voc-vtm-id=\"in-text-traffic\" title=\"Bebo Vald\u00e9s\" data-mrf-link=\"www.abc.es\" rel=\"nofollow noopener\">Bebo Vald\u00e9s<\/a>, a tocar con la mano izquierda las notas m\u00e1s graves del piano, mientras este hac\u00eda los tumbaos con la derecha. Al cabo de un rato intercambiaban la posici\u00f3n y segu\u00edan practicando juntos. Despu\u00e9s de dos o tres horas, siempre le desafiaba: \u00ab\u00a1Venga, ahora t\u00fa solo!\u00bb. <\/p>\n<p class=\"voc-p\" style=\"\">Era como un juego. Un d\u00eda\u2026 y otro d\u00eda\u2026 y otro. Antes de cumplir cinco a\u00f1os, asegura, ya pod\u00eda interpretar de o\u00eddo, con ambas manos y en cualquier tono las melod\u00edas que escuchaba por la radio. Luego Bebo le ense\u00f1\u00f3 los ritmos cubanos y los afrocubanos y, al cumplir los 14, le dio el consejo m\u00e1s valioso de su vida: \u00abAhora busca a Chucho, busca a Chucho\u2026 \u00a1No copies!\u00bb. Y se lo grab\u00f3 a fuego hasta hoy, pues a sus 84 a\u00f1os sigue componiendo y grabando m\u00fasica sin parar, esforz\u00e1ndose por explorar caminos que no haya recorrido antes. Y tambi\u00e9n viajando por el mundo: el s\u00e1bado y domingo act\u00faa en el Teatro Pav\u00f3n de Madrid dentro del ciclo Villanos del Jazz que forma parte de la programaci\u00f3n del <a href=\"https:\/\/www.abc.es\/espana\/madrid\/jazzmadrid-2025-recitales-grandes-clasicos-voces-emergentes-20250923185803-nt.html\" target=\"_self\" data-voc-vtm-id=\"in-text-traffic\" title=\"festival Jazzmadrid\" data-mrf-link=\"www.abc.es\" rel=\"nofollow noopener\">festival Jazzmadrid<\/a>.<\/p>\n<p class=\"voc-p\" style=\"\"><strong>\u2014Hace siete a\u00f1os me cont\u00f3 que, en 1960, un d\u00eda su padre le coment\u00f3 que se iba de gira a M\u00e9xico y que cuidara de la familia hasta que \u00e9l volviera, pero que nunca regres\u00f3. Huy\u00f3 a Suecia, se cas\u00f3 de nuevo y tuvo otros hijos. \u00bfAquello le dio m\u00e1s pena o m\u00e1s rabia?<\/strong><\/p>\n<p class=\"voc-p\" style=\"\">\u2014Sobre todo, pena, porque me qued\u00e9 solo con 19 a\u00f1os. Mi padre tuvo la necesidad de irse y lo apoy\u00e9, porque me explic\u00f3 las razones. Adem\u00e1s, el hecho de que me pidiera que me hiciera cargo de la familia en su ausencia fue una especie de honor para m\u00ed, porque a\u00fan era menor de edad. En Cuba, la mayor\u00eda se alcanzaba a los 21 en esa \u00e9poca, as\u00ed que tuve que luchar mucho, ya que me qued\u00e9 con toda la familia a m\u00ed cargo. Fue una misi\u00f3n dif\u00edcil y dolorosa, pero al mismo tiempo me llen\u00f3 de orgullo que tuviera esa confianza en m\u00ed. <\/p>\n<p class=\"voc-p\" style=\"\"><strong>\u2014\u00bfCu\u00e1l fue la raz\u00f3n que le dio?<\/strong><\/p>\n<p class=\"voc-p\" style=\"\">\u2014Problemas con el nuevo Gobierno de F\u00eddel Castro, que hab\u00eda llegado al poder un a\u00f1o antes. No pod\u00eda permanecer en Cuba\u2026 <\/p>\n<p class=\"voc-p\" style=\"\"><strong>\u2014\u00bfC\u00f3mo influy\u00f3 su marcha en su desarrollo como pianista?<\/strong><\/p>\n<p class=\"voc-p\" style=\"\">\u2014Me oblig\u00f3 a acelerar mi aprendizaje para hacerme cargo de mi familia, aunque yo ya sent\u00eda desde peque\u00f1o mucho amor por la m\u00fasica. Era lo que siempre quise ser. Tuve que aprender bastante m\u00e1s r\u00e1pido y luchar mucho m\u00e1s para darme a conocer. Y lo consegu\u00ed, a pesar de que tuve bastantes obst\u00e1culos, porque yo era hijo de alguien que se hab\u00eda ido de Cuba y no estaba bien visto. Tuve que multiplicarme por mil y empec\u00e9 a conseguir buenos trabajos.<\/p>\n<p class=\"voc-p\" style=\"\"><strong>\u2014Solo diez a\u00f1os despu\u00e9s fue nombrado uno de los cinco mejores pianistas de jazz del mundo en el Festival Jamboree\u2026<\/strong><\/p>\n<p class=\"voc-p\" style=\"\">\u2014Cuando me dieron la noticia, no me lo pod\u00eda creer, pero eso se lo tengo que agradecer a uno de mis mentores, Dave Brubeck, del que jam\u00e1s me voy a olvidar. Fue \u00e9l quien se dedic\u00f3 a hablar de m\u00ed y a ponerle mi m\u00fasica a todas aquellas leyendas que no me conoc\u00edan. Consigui\u00f3 una de esas maquetas que yo hab\u00eda grabado para promocionarme, despu\u00e9s de escucharme tocar en Polonia en 1970.<\/p>\n<p class=\"voc-p\" style=\"\"><strong>\u2014\u00bfLlegaste a conocer a Bill Evans y a todas aquellas figuras en su momento de mayor creatividad?<\/strong><\/p>\n<p class=\"voc-p\" style=\"\">\u2014No solo tuve la suerte de conocerlos, sino de tocar con ellos. Con Herbie, por ejemplo, di varios conciertos a d\u00fao. En YouTube todav\u00eda se puede ver tambi\u00e9n la actuaci\u00f3n que ofrecimos Chick Corea y yo juntos en el Lincoln Center de Nueva York. \u00a1Bell\u00edsima! Nos subimos a tocar sin ensayar ni una sola vez, improvisando. Qued\u00f3 tan bien que parec\u00eda que toda aquella m\u00fasica estaba escrita de antemano. Y s\u00ed, tambi\u00e9n conoc\u00ed a Bill Evans. \u00bfQu\u00e9 puedo decirte de Bill? Para todos los j\u00f3venes que so\u00f1\u00e1bamos con ser pianistas de jazz era nuestro gran \u00eddolo, as\u00ed que imag\u00ednate lo que signific\u00f3 para m\u00ed que me aceptaran como a uno m\u00e1s y que me pidieran que tocara con ellos. Ese fue el verdadero premio.<\/p>\n<p class=\"voc-p\" style=\"\"><strong>\u2014\u00bfQu\u00e9 le dec\u00edan de su m\u00fasica en ese momento?<\/strong><\/p>\n<p class=\"voc-p\" style=\"\">\u2014La primera vez que Bruce me vio en directo, me dijo: \u00abLo que est\u00e1s haciendo es maravilloso, no se parece a nada a lo que he escuchado antes\u00bb. Y antes de despedirse, insisti\u00f3: \u00ab\u00a1Chucho, no dejes nunca de hacer esta m\u00fasica!\u00bb [lo dice en ingl\u00e9s]. Bill vino a felicitarme despu\u00e9s del primer concierto que di en el Carnegie Hall con Irakere, que fue el primero que hizo un grupo de jazz cubano que viv\u00eda todav\u00eda en Cuba. An\u00e9cdotas parecidas me han ocurrido con otras grandes figuras, como McCoy Tyner. <\/p>\n<p class=\"voc-p\" style=\"\"><strong>\u2014Se reencontr\u00f3 con su padre en 1978, despu\u00e9s de uno de los conciertos que dio con su banda que dir\u00eda entonces, Irakere, en el Carnegie Hall. \u00bfC\u00f3mo lo recuerda?<\/strong><\/p>\n<p class=\"voc-p\" style=\"\">\u2014Yo sab\u00eda que estaba en el p\u00fablico, porque me lo hab\u00eda dicho una hermana suya, Melina, que viv\u00eda en Nueva York. Estaba muy nervioso porque hab\u00edan venido todos esos pianistas americanos que admiraba y, sobre todo, mi pap\u00e1. Ese d\u00eda tocaron antes que nosotros McCoy Tyner y Bill Evans solos y el guitarrista Larry Coryell con Phil Caterine. Cuando acab\u00f3 la actuaci\u00f3n, me temblaban las manos y no paraba de repetirme: \u00abBebo est\u00e1 ah\u00ed, Bebo est\u00e1 ah\u00ed\u00bb. No pude contenerme y sal\u00ed corriendo a abrazarme con \u00e9l. \u00a1No s\u00e9 cu\u00e1nto dolor hab\u00eda en ese abrazo!<\/p>\n<p class=\"voc-p\" style=\"\"><strong>\u2014\u00bfLo vio muy cambiado?<\/strong><\/p>\n<p class=\"voc-p\" style=\"\">\u2014Hab\u00eda pasado casi veinte a\u00f1os y yo tampoco era el mismo, por supuesto. La \u00faltima vez que nos vimos yo ten\u00eda 19 a\u00f1os y, en ese momento, 37. Mi pap\u00e1, por su parte, ten\u00eda 59 a\u00f1os, as\u00ed que imag\u00ednate. Aunque se notaba el paso del tiempo en su rostro, hubo tanta emoci\u00f3n en aquel reencuentro que pas\u00f3 desapercibido. Nada m\u00e1s verme, lo primero que me dijo fue que Irakere era la mejor banda del planeta y que los m\u00fasicos que yo tra\u00eda eran tremendos. De ah\u00ed fuimos para casa de mi t\u00eda Melina y nos tiramos hablando desde la medianoche hasta las ocho de la ma\u00f1ana, cont\u00e1ndonos historias de todos esos a\u00f1os que no nos hab\u00edamos visto. Es uno de los recuerdos m\u00e1s bonitos de mi vida.<\/p>\n<p class=\"voc-p\" style=\"\"><strong>\u2014Recuerdo un concierto de su padre en el festival Galapajazz (Galapagar, Madrid) en 2004. \u00c9l ten\u00eda la misma edad que usted hoy. Le tuvieron que ayudar a llegar hasta el piano, andando muy despacio, pero cuando se sent\u00f3, se transform\u00f3. Tocaba rapid\u00edsimo. A usted le vi con la misma energ\u00eda en sus \u00faltimas actuaciones en Madrid.<\/strong><\/p>\n<p class=\"voc-p\" style=\"\">\u2014Creo que los dos heredamos esa energ\u00eda de la m\u00fasica y el deseo de tocar. S\u00e9 que llega una edad en la uno no tiene la misma fortaleza y aguante que de joven, pero cuando mi pap\u00e1 se sentaba al piano era como si volviera a nacer. Yo siento que me pasa algo parecido. Miro al piano, luego al p\u00fablico y me transformo. Le dije algo parecido a Dave [Brubeck] el d\u00eda que cumpli\u00f3 80 a\u00f1os en un concierto. Lo recuerdo perfectamente. Entr\u00f3 muy despacito y, cuando empez\u00f3 a tocar el piano, parec\u00eda que ten\u00eda 20. Esa es la magia de la m\u00fasica, incluso, para la gente mayor.<\/p>\n<p class=\"voc-p\" style=\"\"><strong>\u2014Dave Holland me dijo una vez que, a sus 70 a\u00f1os, ensayaba seis o siete horas diarias. \u00bfUsted tambi\u00e9n necesita esa disciplina?<\/strong><\/p>\n<p class=\"voc-p\" style=\"\">\u2014Claro, tocar el piano todos los d\u00edas para m\u00ed es sagrado. Ensayo a diario y d\u00eda que no lo hago, siento que me falta algo muy importante. Suelo practicar y componer entre seis u ocho horas diarias. De hecho, hoy ya he tocado dos horas [son las 12.00 en Miami]. Despu\u00e9s de almorzar, un par de horas m\u00e1s, y por la noche, otras dos o tres horas, sin contar las \u00e9pocas en las que estoy de gira. <\/p>\n<p class=\"voc-p\" style=\"\"><strong>\u2014Su padre muri\u00f3 en 2013 a los 94 a\u00f1os. Los \u00faltimos cuatro, \u00e9l se retir\u00f3 a Benalm\u00e1dena (M\u00e1laga) y usted decidi\u00f3 comprarse una peque\u00f1a casa junto a la de \u00e9l para estar cerca y cuidarle. \u00bfC\u00f3mo fue esa \u00faltima etapa?<\/strong><\/p>\n<p class=\"voc-p\" style=\"\">\u2014Pasamos esos \u00faltimos cuatro a\u00f1os de su vida tocando juntos en su casa. A\u00fan conservo esa casa y Lorena [su mujer, a la que se escucha de fondo en la videollamada corrigiendo algunos datos del pianista] y yo vivimos ahora a caballo entre Miami y Benalm\u00e1dena. Mi pap\u00e1 y yo nos pas\u00e1bamos todo el d\u00eda tocando y comiendo lentejas, arroz con frijoles y todas las cosas que le gustaban a \u00e9l: pl\u00e1tano frito, picadillo\u2026 Fue como si los dos renaci\u00e9ramos. <\/p>\n<p class=\"voc-p\" style=\"\"><strong>\u2014\u00bfTocaban solo por placer, sin ninguna pretensi\u00f3n comercial?<\/strong><\/p>\n<p class=\"voc-p\" style=\"\">\u2014As\u00ed es, como hab\u00edamos hecho siempre en Cuba antes de que se marchara. Nos sent\u00e1bamos cada tarde a descargar sobre el piano toda nuestra energ\u00eda y a crear m\u00fasica nueva juntos [que nunca grabaron]. Ya publicamos en 2008 &#8216;Juntos para siempre&#8217; (Sony), que gan\u00f3 dos premios Grammy, pero en ese momento lo hac\u00edamos solo para recordar los viejos tiempos, cuando yo era un ni\u00f1o y \u00e9l me ense\u00f1aba. Nos pas\u00e1bamos horas y horas cada d\u00eda sin darnos cuenta de que pasaba el tiempo. As\u00ed, durante sus \u00faltimos cuatro a\u00f1os de vida. <\/p>\n<p class=\"voc-p\" style=\"\"><strong>\u2014\u00bfSeguir\u00e1 usted tocando siempre, como hizo su padre?<\/strong><\/p>\n<p class=\"voc-p\" style=\"\">\u2014Si Dios me lo permite.<\/p>\n","protected":false},"excerpt":{"rendered":"Hace ya m\u00e1s de medio siglo que Chucho Vald\u00e9s (Quivic\u00e1n, Cuba, 1941) fue elegido uno de los cinco&hellip;\n","protected":false},"author":2,"featured_media":238991,"comment_status":"","ping_status":"","sticky":false,"template":"","format":"standard","meta":{"footnotes":""},"categories":[174],"tags":[988,385,255,61698,954,146,147,25,24,256,39,1301,41948,12371,23,22478,4421,42982],"class_list":{"0":"post-238990","1":"post","2":"type-post","3":"status-publish","4":"format-standard","5":"has-post-thumbnail","7":"category-famosos","8":"tag-anos","9":"tag-casa","10":"tag-celebrities","11":"tag-chucho","12":"tag-cuatro","13":"tag-entertainment","14":"tag-entretenimiento","15":"tag-es","16":"tag-espana","17":"tag-famosos","18":"tag-padre","19":"tag-pase","20":"tag-placer","21":"tag-puro","22":"tag-spain","23":"tag-tocando","24":"tag-ultimos","25":"tag-valdes"},"share_on_mastodon":{"url":"https:\/\/pubeurope.com\/@es\/115559203144309566","error":""},"_links":{"self":[{"href":"https:\/\/www.europesays.com\/es\/wp-json\/wp\/v2\/posts\/238990","targetHints":{"allow":["GET"]}}],"collection":[{"href":"https:\/\/www.europesays.com\/es\/wp-json\/wp\/v2\/posts"}],"about":[{"href":"https:\/\/www.europesays.com\/es\/wp-json\/wp\/v2\/types\/post"}],"author":[{"embeddable":true,"href":"https:\/\/www.europesays.com\/es\/wp-json\/wp\/v2\/users\/2"}],"replies":[{"embeddable":true,"href":"https:\/\/www.europesays.com\/es\/wp-json\/wp\/v2\/comments?post=238990"}],"version-history":[{"count":0,"href":"https:\/\/www.europesays.com\/es\/wp-json\/wp\/v2\/posts\/238990\/revisions"}],"wp:featuredmedia":[{"embeddable":true,"href":"https:\/\/www.europesays.com\/es\/wp-json\/wp\/v2\/media\/238991"}],"wp:attachment":[{"href":"https:\/\/www.europesays.com\/es\/wp-json\/wp\/v2\/media?parent=238990"}],"wp:term":[{"taxonomy":"category","embeddable":true,"href":"https:\/\/www.europesays.com\/es\/wp-json\/wp\/v2\/categories?post=238990"},{"taxonomy":"post_tag","embeddable":true,"href":"https:\/\/www.europesays.com\/es\/wp-json\/wp\/v2\/tags?post=238990"}],"curies":[{"name":"wp","href":"https:\/\/api.w.org\/{rel}","templated":true}]}}