{"id":238996,"date":"2025-11-16T11:47:19","date_gmt":"2025-11-16T11:47:19","guid":{"rendered":"https:\/\/www.europesays.com\/es\/238996\/"},"modified":"2025-11-16T11:47:19","modified_gmt":"2025-11-16T11:47:19","slug":"ariana-grande-fan-se-abalanza-sobre-la-joven-en-estreno-de-wicked-for-good-en-singapur","status":"publish","type":"post","link":"https:\/\/www.europesays.com\/es\/238996\/","title":{"rendered":"Ariana Grande: fan se abalanza sobre la joven en estreno de &#8216;Wicked: For Good&#8217;, en Singapur"},"content":{"rendered":"<p>Un fan australiano de la estrella estadounidense del pop Ariana Grande fue acusado de alterar el orden p\u00fablico por la Polic\u00eda de Singapur tras abalanzarse sobre la cantante durante el estreno de la pel\u00edcula &#8216;Wicked: For Good&#8217; (Wicked: Por siempre). (<b>Lea tambi\u00e9n:<\/b> <a class=\"Link\" href=\"https:\/\/www.noticiascaracol.com\/entretenimiento\/cuando-se-estrena-en-cines-de-colombia-wicked-la-historia-nunca-contada-de-las-brujas-de-oz-rg10\" title=\"\u00bfCu\u00e1ndo se estrena en cines de Colombia Wicked, la historia nunca contada de las brujas de Oz?\" type=\"text\/html\" data-cms-ai=\"0\" rel=\"nofollow noopener\" target=\"_blank\">\u00bfCu\u00e1ndo se estrena en cines de Colombia Wicked, la historia nunca contada de las brujas de Oz?<\/a>)<\/p>\n<p>S\u00edganos en nuestro <a class=\"Link\" href=\"https:\/\/whatsapp.com\/channel\/0029Va4PN8hFCCoO00odQi0v\" title=\"WhatsApp Channel\" target=\"_blank\" rel=\"nofollow noreferrer noopener\" type=\"text\/html\" data-cms-ai=\"0\">WhatsApp Channel<\/a>, para recibir las noticias de mayor inter\u00e9s<\/p>\n<p>Se trata de un joven de 26 a\u00f1os que hab\u00eda protagonizado en el pasado episodios de este tipo y quien este viernes compareci\u00f3 por videoconferencia ante un tribunal de distrito de la isla, recoge el medio local The Straits Times. <\/p>\n<p><b>El joven, quien no tuvo representaci\u00f3n legal, sostuvo que tiene la intenci\u00f3n de declararse culpable<\/b>, sin que se conozca a\u00fan el veredicto. <\/p>\n<p>Singapur, isla semiautocr\u00e1tica con estrictas leyes que restringen las manifestaciones y preservan el orden p\u00fablico, castiga su alteraci\u00f3n con hasta tres meses de prisi\u00f3n y multas de un m\u00e1ximo de 2.000 d\u00f3lares singapurenses (unos 1.536,5 d\u00f3lares estadounidenses), seg\u00fan el C\u00f3digo Penal.<\/p>\n<p><b>\u00bfC\u00f3mo se produjo el ataque contra Ariana Grande?<\/b><\/p>\n<p>La artista y otras celebridades asist\u00edan a la presentaci\u00f3n regional cuando <b>el hombre, identificado en los documentos judiciales como Johnson Wen, de 26 a\u00f1os, salt\u00f3 una valla y corri\u00f3 por la alfombra amarilla hacia ella<\/b>.<\/p>\n<p>Videos que se han vuelto virales muestran al hombre rodeando con su brazo a una sorprendida Ariana Grande. En las im\u00e1genes tambi\u00e9n <b>se ve a la coestrella, Cynthia Erivo, correr para defender a su compa\u00f1era mientras los guardias de seguridad separan al australiano.<\/b><\/p>\n<p>El joven comparti\u00f3 en su perfil de Instagram un video del momento en el que se abalanza sobre Grande en el parque tem\u00e1tico Universal Studios de Singapur, donde seguidores aguardaban para poder saludar y pedir aut\u00f3grafos a los actores. <\/p>\n<p><b>\u00abSoy libre, despu\u00e9s de haber sido arrestado\u00bb, dijo el australiano en la red social despu\u00e9s del evento,<\/b> por el que los fan\u00e1ticos hab\u00edan pagado alrededor de 90 d\u00f3lares singapurenses (69 d\u00f3lares estadounidenses), seg\u00fan la prensa local. <\/p>\n<p>No es la primera vez que protagoniza un episodio de estas caracter\u00edsticas, y en su perfil de Instagram comparte videos de \u00e9l mismo subiendo a los escenarios donde actuaban artistas como los estadounidenses Katy Perry y The Chainsmokers, o el canadiense The Weeknd.<\/p>\n<p>Grande, de 32 a\u00f1os, comenz\u00f3 su carrera como adolescente en Broadway antes de embarcarse en una exitosa trayectoria como estrella del pop.<\/p>\n<p>En 2017, uno de sus conciertos fue objeto de un atentado. El ataque en el Manchester Arena dej\u00f3 22 muertos, m\u00e1s de 1.000 heridos y a ella con un trastorno de estr\u00e9s postraum\u00e1tico.<\/p>\n<p>EDITADO POR <a class=\"Link\" href=\"https:\/\/www.noticiascaracol.com\/autor\/sandra-soriano-soriano\" title=\"SANDRA SORIANO SORIANO\" type=\"text\/html\" data-cms-ai=\"0\" rel=\"nofollow noopener\" target=\"_blank\">SANDRA SORIANO SORIANO<\/a><br \/>COORDINADORA DIGITAL NOTICIAS CARACOL<br \/>smsorian@caracoltv.com.co<br \/>*CON INFORMACI\u00d3N DE AGENCIAS EFE\/AFP<\/p>\n","protected":false},"excerpt":{"rendered":"Un fan australiano de la estrella estadounidense del pop Ariana Grande fue acusado de alterar el orden p\u00fablico&hellip;\n","protected":false},"author":2,"featured_media":238997,"comment_status":"","ping_status":"","sticky":false,"template":"","format":"standard","meta":{"footnotes":""},"categories":[170],"tags":[146,147,25,24,8470,61700,184,185,23,48409],"class_list":{"0":"post-238996","1":"post","2":"type-post","3":"status-publish","4":"format-standard","5":"has-post-thumbnail","7":"category-musica","8":"tag-entertainment","9":"tag-entretenimiento","10":"tag-es","11":"tag-espana","12":"tag-fan","13":"tag-johnson-wen","14":"tag-music","15":"tag-musica","16":"tag-spain","17":"tag-wicked"},"share_on_mastodon":{"url":"https:\/\/pubeurope.com\/@es\/115559218818716283","error":""},"_links":{"self":[{"href":"https:\/\/www.europesays.com\/es\/wp-json\/wp\/v2\/posts\/238996","targetHints":{"allow":["GET"]}}],"collection":[{"href":"https:\/\/www.europesays.com\/es\/wp-json\/wp\/v2\/posts"}],"about":[{"href":"https:\/\/www.europesays.com\/es\/wp-json\/wp\/v2\/types\/post"}],"author":[{"embeddable":true,"href":"https:\/\/www.europesays.com\/es\/wp-json\/wp\/v2\/users\/2"}],"replies":[{"embeddable":true,"href":"https:\/\/www.europesays.com\/es\/wp-json\/wp\/v2\/comments?post=238996"}],"version-history":[{"count":0,"href":"https:\/\/www.europesays.com\/es\/wp-json\/wp\/v2\/posts\/238996\/revisions"}],"wp:featuredmedia":[{"embeddable":true,"href":"https:\/\/www.europesays.com\/es\/wp-json\/wp\/v2\/media\/238997"}],"wp:attachment":[{"href":"https:\/\/www.europesays.com\/es\/wp-json\/wp\/v2\/media?parent=238996"}],"wp:term":[{"taxonomy":"category","embeddable":true,"href":"https:\/\/www.europesays.com\/es\/wp-json\/wp\/v2\/categories?post=238996"},{"taxonomy":"post_tag","embeddable":true,"href":"https:\/\/www.europesays.com\/es\/wp-json\/wp\/v2\/tags?post=238996"}],"curies":[{"name":"wp","href":"https:\/\/api.w.org\/{rel}","templated":true}]}}