{"id":239006,"date":"2025-11-16T11:52:10","date_gmt":"2025-11-16T11:52:10","guid":{"rendered":"https:\/\/www.europesays.com\/es\/239006\/"},"modified":"2025-11-16T11:52:10","modified_gmt":"2025-11-16T11:52:10","slug":"apple-e-issey-miyake-presentan-el-iphone-pocket-un-accesorio-tejido-en-3d-inspirado-en-un-trozo-de-tela","status":"publish","type":"post","link":"https:\/\/www.europesays.com\/es\/239006\/","title":{"rendered":"Apple e ISSEY\u202fMIYAKE presentan el \u201ciPhone Pocket\u201d: un accesorio tejido en 3D inspirado en un trozo de tela"},"content":{"rendered":"<p data-start=\"114\" data-end=\"547\">Apple y la casa de moda japonesa ISSEY\u202fMIYAKE han lanzado este martes su primera colaboraci\u00f3n conjunta: el iPhone Pocket, un accesorio innovador forjado con un dise\u00f1o tejido en 3D que redefine c\u00f3mo llevar el tel\u00e9fono. Inspirado en el concepto de \u201ca piece of cloth\u201d (\u201cun trozo de tela\u201d), este complemento combina la est\u00e9tica minimalista de Miyake con la funcionalidad pr\u00e1ctica de Apple.<\/p>\n<p data-start=\"549\" data-end=\"963\">Confeccionado completamente en Jap\u00f3n, el iPhone Pocket posee una estructura acanalada de malla flexible que recuerda los plisados caracter\u00edsticos del dise\u00f1ador. Gracias a su elasticidad, es capaz de adaptarse a cualquier modelo de iPhone, as\u00ed como a otros objetos peque\u00f1os como los AirPods. Cuando se estira, el tejido abierto permite vislumbrar la pantalla del dispositivo.<\/p>\n<p data-start=\"965\" data-end=\"1245\">El dise\u00f1o no solo es funcional, sino tambi\u00e9n expresivo: el accesorio puede llevarse de m\u00faltiples formas \u2014colgado del cuerpo, atado a un bolso o sujetado con la mano\u2014 lo que permite al usuario una conexi\u00f3n m\u00e1s personal y libre con su iPhone.<\/p>\n<p data-start=\"1247\" data-end=\"1622\">Est\u00e1 disponible en dos versiones: una con correa corta, con ocho colores (lim\u00f3n, mandarina, p\u00farpura, rosa, pavo real, zafiro, canela y negro), y otra con correa larga, en tres tonos (zafiro, canela y negro). El precio arranca en 149,95\u202fUSD para la versi\u00f3n corta y 229,95\u202fUSD para la larga.<\/p>\n<p data-start=\"1624\" data-end=\"1892\">El lanzamiento oficial se ha fijado para el pasado 14 de noviembre en algunas Apple Store seleccionadas y en la tienda online de Apple en pa\u00edses como Francia, Gran China, Italia, Jap\u00f3n, Singapur, Corea del Sur, Reino Unido y EE.UU.<\/p>\n<p data-start=\"1894\" data-end=\"2234\">El prop\u00f3sito de este lanzamiento es m\u00e1s que pr\u00e1ctico: Apple e ISSEY\u202fMIYAKE comparten una filosof\u00eda de dise\u00f1o basada en la artesan\u00eda, la simplicidad y la creatividad. Seg\u00fan el director de dise\u00f1o de Miyake, Yoshiyuki Miyamae, el iPhone Pocket simboliza \u201cla alegr\u00eda de llevar el iPhone a tu manera\u201d.<\/p>\n<p data-start=\"2236\" data-end=\"2465\">A pesar de su est\u00e9tica refinada, algunas voces critican que el iPhone Pocket no ofrece protecci\u00f3n frente a golpes o ca\u00eddas, y lo consideran m\u00e1s un accesorio de moda que una funda funcional.<\/p>\n<p data-start=\"2467\" data-end=\"2695\">En un sentido m\u00e1s amplio, esta pieza se suma a la tradici\u00f3n de Apple de unir tecnolog\u00eda y alta costura, recordando colaboraciones anteriores como las correas de Herm\u00e8s para el Apple Watch.<\/p>\n","protected":false},"excerpt":{"rendered":"Apple y la casa de moda japonesa ISSEY\u202fMIYAKE han lanzado este martes su primera colaboraci\u00f3n conjunta: el iPhone&hellip;\n","protected":false},"author":2,"featured_media":239007,"comment_status":"","ping_status":"","sticky":false,"template":"","format":"standard","meta":{"footnotes":""},"categories":[81],"tags":[119,123,124,25,24,117,121,122,23,118,120],"class_list":{"0":"post-239006","1":"post","2":"type-post","3":"status-publish","4":"format-standard","5":"has-post-thumbnail","7":"category-ciencia-y-tecnologia","8":"tag-ciencia","9":"tag-ciencia-y-tecnologia","10":"tag-cienciaytecnologia","11":"tag-es","12":"tag-espana","13":"tag-science","14":"tag-science-and-technology","15":"tag-scienceandtechnology","16":"tag-spain","17":"tag-technology","18":"tag-tecnologia"},"share_on_mastodon":{"url":"https:\/\/pubeurope.com\/@es\/115559238481744793","error":""},"_links":{"self":[{"href":"https:\/\/www.europesays.com\/es\/wp-json\/wp\/v2\/posts\/239006","targetHints":{"allow":["GET"]}}],"collection":[{"href":"https:\/\/www.europesays.com\/es\/wp-json\/wp\/v2\/posts"}],"about":[{"href":"https:\/\/www.europesays.com\/es\/wp-json\/wp\/v2\/types\/post"}],"author":[{"embeddable":true,"href":"https:\/\/www.europesays.com\/es\/wp-json\/wp\/v2\/users\/2"}],"replies":[{"embeddable":true,"href":"https:\/\/www.europesays.com\/es\/wp-json\/wp\/v2\/comments?post=239006"}],"version-history":[{"count":0,"href":"https:\/\/www.europesays.com\/es\/wp-json\/wp\/v2\/posts\/239006\/revisions"}],"wp:featuredmedia":[{"embeddable":true,"href":"https:\/\/www.europesays.com\/es\/wp-json\/wp\/v2\/media\/239007"}],"wp:attachment":[{"href":"https:\/\/www.europesays.com\/es\/wp-json\/wp\/v2\/media?parent=239006"}],"wp:term":[{"taxonomy":"category","embeddable":true,"href":"https:\/\/www.europesays.com\/es\/wp-json\/wp\/v2\/categories?post=239006"},{"taxonomy":"post_tag","embeddable":true,"href":"https:\/\/www.europesays.com\/es\/wp-json\/wp\/v2\/tags?post=239006"}],"curies":[{"name":"wp","href":"https:\/\/api.w.org\/{rel}","templated":true}]}}