{"id":239024,"date":"2025-11-16T12:09:13","date_gmt":"2025-11-16T12:09:13","guid":{"rendered":"https:\/\/www.europesays.com\/es\/239024\/"},"modified":"2025-11-16T12:09:13","modified_gmt":"2025-11-16T12:09:13","slug":"pluribus-la-serie-de-moda-rodada-en-gran-canaria-pero-no-lo-dice","status":"publish","type":"post","link":"https:\/\/www.europesays.com\/es\/239024\/","title":{"rendered":"&#8216;Pluribus&#8217;, la serie de moda rodada en Gran Canaria\u2026 pero no lo dice"},"content":{"rendered":"<p class=\"v-mdl-ath__p v-mdl-ath__p--2\">\nCANARIAS7\n<\/p>\n<p class=\"v-mdl-ath__p v-mdl-ath__p--3\">\nLas Palmas de Gran Canaria\n<\/p>\n<p class=\"v-mdl-ath__p v-mdl-ath__p--6\">\nDomingo, 16 de noviembre 2025, 09:41<\/p>\n<p class=\"v-p\">La serie televisiva &#8216;Pluribus&#8217;, del creador de &#8216;Breaking Bad&#8217;, est\u00e1 parcialmente rodada en Gran Canaria, como se aprecia en estas varias im\u00e1genes del tr\u00e1iler y sobre todo del episodio dos. Est\u00e1s \u00faltimas <strong>muestran localizaciones de la capital grancanaria haci\u00e9ndola pasar por T\u00e1nge<\/strong>r, cuando en realidad se filmaron en el carril bici de La Laja. <\/p>\n<p class=\"v-p\">Pluribus se acaba de estrenar en Apple TV y <strong>es un acontecimiento mundial<\/strong>, ya que su autor, Vince Gilligan, firm\u00f3 primero la que para muchos es una de las mejores series de la historia, &#8216;Breaking Bad&#8217;, y su precuela &#8216;Better call Saoul&#8217;.<\/p>\n<p>Im\u00e1genes de la pel\u00edcula donde se pueden ver localizaciones de Gran Canaria.<\/p>\n<p>C7<\/p>\n<p><img decoding=\"async\" loading=\"lazy\" src=\"https:\/\/www.europesays.com\/es\/wp-content\/uploads\/2025\/11\/pluribus3-kCLH--1200x841@Canarias7.jpg\" class=\"v-mdl__img-z\" width=\"1200\" height=\"841\" alt=\"Imagen principal - Im\u00e1genes de la pel\u00edcula donde se pueden ver localizaciones de Gran Canaria.\"\/><\/p>\n<p><img decoding=\"async\" loading=\"lazy\" src=\"https:\/\/www.europesays.com\/es\/wp-content\/uploads\/2025\/11\/pluribus2-kCLH--1200x851@Canarias7.jpg\" class=\"v-mdl__img-z\" width=\"1200\" height=\"851\" alt=\"Imagen secundaria 1 - Im\u00e1genes de la pel\u00edcula donde se pueden ver localizaciones de Gran Canaria.\"\/><\/p>\n<p><img decoding=\"async\" loading=\"lazy\" src=\"https:\/\/www.europesays.com\/es\/wp-content\/uploads\/2025\/11\/pluribus4-kCLH--711x841@Canarias7.jpg\" class=\"v-mdl__img-z\" width=\"711\" height=\"841\" alt=\"Imagen secundaria 2 - Im\u00e1genes de la pel\u00edcula donde se pueden ver localizaciones de Gran Canaria.\"\/><\/p>\n<p class=\"v-p\">Despu\u00e9s de las im\u00e1genes en Gran Canaria, <strong>la serie sigue en Bilbao<\/strong>, pero esta ciudad s\u00ed que aparecen identificada como tal, y haciendo publicidad del Guggenheim.<\/p>\n<p class=\"v-p\">En las primeras imagenes del segundo cap\u00edtulo <strong>no solo se puede identificar La Laja, sino tambi\u00e9n los riscos de San Nicol\u00e1s y San Roque<\/strong>, el hospital militar, el castillo de San Francisco o el cauce del barranco de Guiniguada.<\/p>\n<p>Reporta un error<\/p>\n","protected":false},"excerpt":{"rendered":"CANARIAS7 Las Palmas de Gran Canaria Domingo, 16 de noviembre 2025, 09:41 La serie televisiva &#8216;Pluribus&#8217;, del creador&hellip;\n","protected":false},"author":2,"featured_media":239025,"comment_status":"","ping_status":"","sticky":false,"template":"","format":"standard","meta":{"footnotes":""},"categories":[171],"tags":[7221,6727,146,147,25,24,3956,1023,59665,7417,156,23,214],"class_list":{"0":"post-239024","1":"post","2":"type-post","3":"status-publish","4":"format-standard","5":"has-post-thumbnail","7":"category-tv","8":"tag-canaria","9":"tag-dice","10":"tag-entertainment","11":"tag-entretenimiento","12":"tag-es","13":"tag-espana","14":"tag-gran","15":"tag-moda","16":"tag-pluribus","17":"tag-rodada","18":"tag-serie","19":"tag-spain","20":"tag-tv"},"share_on_mastodon":{"url":"https:\/\/pubeurope.com\/@es\/115559305645754235","error":""},"_links":{"self":[{"href":"https:\/\/www.europesays.com\/es\/wp-json\/wp\/v2\/posts\/239024","targetHints":{"allow":["GET"]}}],"collection":[{"href":"https:\/\/www.europesays.com\/es\/wp-json\/wp\/v2\/posts"}],"about":[{"href":"https:\/\/www.europesays.com\/es\/wp-json\/wp\/v2\/types\/post"}],"author":[{"embeddable":true,"href":"https:\/\/www.europesays.com\/es\/wp-json\/wp\/v2\/users\/2"}],"replies":[{"embeddable":true,"href":"https:\/\/www.europesays.com\/es\/wp-json\/wp\/v2\/comments?post=239024"}],"version-history":[{"count":0,"href":"https:\/\/www.europesays.com\/es\/wp-json\/wp\/v2\/posts\/239024\/revisions"}],"wp:featuredmedia":[{"embeddable":true,"href":"https:\/\/www.europesays.com\/es\/wp-json\/wp\/v2\/media\/239025"}],"wp:attachment":[{"href":"https:\/\/www.europesays.com\/es\/wp-json\/wp\/v2\/media?parent=239024"}],"wp:term":[{"taxonomy":"category","embeddable":true,"href":"https:\/\/www.europesays.com\/es\/wp-json\/wp\/v2\/categories?post=239024"},{"taxonomy":"post_tag","embeddable":true,"href":"https:\/\/www.europesays.com\/es\/wp-json\/wp\/v2\/tags?post=239024"}],"curies":[{"name":"wp","href":"https:\/\/api.w.org\/{rel}","templated":true}]}}