{"id":239026,"date":"2025-11-16T12:10:10","date_gmt":"2025-11-16T12:10:10","guid":{"rendered":"https:\/\/www.europesays.com\/es\/239026\/"},"modified":"2025-11-16T12:10:10","modified_gmt":"2025-11-16T12:10:10","slug":"el-musico-que-lou-reed-no-escuchaba-pero-era-realmente-bueno","status":"publish","type":"post","link":"https:\/\/www.europesays.com\/es\/239026\/","title":{"rendered":"El m\u00fasico que Lou Reed no escuchaba pero era \u00abrealmente bueno\u00bb"},"content":{"rendered":"<p>Cuando <strong>Lou Reed<\/strong> hablaba, lo hac\u00eda sin filtro. Ya sea para alabar a uno de sus colegas o destruirlo, el otrora l\u00edder de <a href=\"https:\/\/indiehoy.com\/historias\/las-5-mejores-canciones-de-the-velvet-underground\/\" target=\"_blank\" rel=\"noreferrer noopener nofollow\">The Velvet Underground<\/a> nunca se guardaba sus opiniones. Un claro ejemplo de la sinceridad de Reed ocurri\u00f3 en 1991, durante una conversaci\u00f3n con el periodista Paul Zollo en la cual habl\u00f3 sobre <strong>Randy Newman<\/strong>, qui\u00e9n para \u00e9l es \u201cun escritor de canciones realmente bueno\u201d.<\/p>\n<p>\u201cPara m\u00ed, alguien que escribe realmente buenas canciones es Randy Newman\u201d, confes\u00f3 el nacido en Nueva York. \u201cHay mucha gente que escribe buenos temas. Ahora, <strong>Randy quiz\u00e1 no salga al escenario y te deje boquiabierto\u2026 y no va a entusiasmar al p\u00fablico en la primera fila. Pero va a escribir una mejor pista que la mayor\u00eda de los que pueden hacerlo<\/strong>\u201d.<\/p>\n<p>Adem\u00e1s, <a href=\"https:\/\/indiehoy.com\/historias\/banda-terriblemente-tonta-pretenciosa-lou-reed-despreciaba\/\" target=\"_blank\" rel=\"noreferrer noopener nofollow\">Reed<\/a> asegur\u00f3 que el responsable de himnos como \u00abShort People\u00bb (1977), \u00abI Love L.A.\u00bb (1983) y \u00abYou&#8217;ve Got a Friend in Me\u00bb (1995) \u201ctiene eso dominado como un arte\u201d. \u201c<strong>Randy sabe m\u00fasica. \u00c9l sabe m\u00fasica. Pero no se puede mejorar cosas como \u2018Louisiana\u2019 o \u2018Sail Away\u2019<\/strong>\u201d, afirm\u00f3 Lou.<\/p>\n<p>Sin embargo, a pesar de todas las flores que le tir\u00f3 a Newman, admiti\u00f3: \u201cLo admiro, pero no lo escucho. S\u00e9 que es muy inteligente y que las letras son buenas, pero no son para m\u00ed, simplemente no son para m\u00ed. Si tuviera que decir algo, dir\u00eda que lo intenta demasiado. Pero tienes que entender, las \u00fanicas letras que realmente creo que son fant\u00e1sticas son las de Bob Dylan\u201d.<\/p>\n","protected":false},"excerpt":{"rendered":"Cuando Lou Reed hablaba, lo hac\u00eda sin filtro. Ya sea para alabar a uno de sus colegas o&hellip;\n","protected":false},"author":2,"featured_media":239027,"comment_status":"","ping_status":"","sticky":false,"template":"","format":"standard","meta":{"footnotes":""},"categories":[170],"tags":[146,147,25,24,47312,184,185,23],"class_list":{"0":"post-239026","1":"post","2":"type-post","3":"status-publish","4":"format-standard","5":"has-post-thumbnail","7":"category-musica","8":"tag-entertainment","9":"tag-entretenimiento","10":"tag-es","11":"tag-espana","12":"tag-lou-reed","13":"tag-music","14":"tag-musica","15":"tag-spain"},"share_on_mastodon":{"url":"https:\/\/pubeurope.com\/@es\/115559309232132773","error":""},"_links":{"self":[{"href":"https:\/\/www.europesays.com\/es\/wp-json\/wp\/v2\/posts\/239026","targetHints":{"allow":["GET"]}}],"collection":[{"href":"https:\/\/www.europesays.com\/es\/wp-json\/wp\/v2\/posts"}],"about":[{"href":"https:\/\/www.europesays.com\/es\/wp-json\/wp\/v2\/types\/post"}],"author":[{"embeddable":true,"href":"https:\/\/www.europesays.com\/es\/wp-json\/wp\/v2\/users\/2"}],"replies":[{"embeddable":true,"href":"https:\/\/www.europesays.com\/es\/wp-json\/wp\/v2\/comments?post=239026"}],"version-history":[{"count":0,"href":"https:\/\/www.europesays.com\/es\/wp-json\/wp\/v2\/posts\/239026\/revisions"}],"wp:featuredmedia":[{"embeddable":true,"href":"https:\/\/www.europesays.com\/es\/wp-json\/wp\/v2\/media\/239027"}],"wp:attachment":[{"href":"https:\/\/www.europesays.com\/es\/wp-json\/wp\/v2\/media?parent=239026"}],"wp:term":[{"taxonomy":"category","embeddable":true,"href":"https:\/\/www.europesays.com\/es\/wp-json\/wp\/v2\/categories?post=239026"},{"taxonomy":"post_tag","embeddable":true,"href":"https:\/\/www.europesays.com\/es\/wp-json\/wp\/v2\/tags?post=239026"}],"curies":[{"name":"wp","href":"https:\/\/api.w.org\/{rel}","templated":true}]}}