{"id":239044,"date":"2025-11-16T12:19:10","date_gmt":"2025-11-16T12:19:10","guid":{"rendered":"https:\/\/www.europesays.com\/es\/239044\/"},"modified":"2025-11-16T12:19:10","modified_gmt":"2025-11-16T12:19:10","slug":"la-alcaldesa-felicita-a-los-conduenos-por-su-175-aniversario-y-defiende-su-gesta-como-ejemplo-de-compromiso-civico-para-las-jovenes-generaciones","status":"publish","type":"post","link":"https:\/\/www.europesays.com\/es\/239044\/","title":{"rendered":"La alcaldesa felicita a los Condue\u00f1os por su 175 aniversario y defiende su gesta como \u201cejemplo de \u00a0\u00a0compromiso c\u00edvico\u201d para las j\u00f3venes generaciones"},"content":{"rendered":"<p><strong>La hist\u00f3rica instituci\u00f3n alcala\u00edna, que salv\u00f3 la manzana cisneriana de su venta y expolio en 1850, ha celebrado la efem\u00e9ride este s\u00e1bado.<\/strong><\/p>\n<p>Alcal\u00e1 de Henares, 15-noviembre-2025.- La Sociedad de Condue\u00f1os de los Edificios que fueron Universidad, la instituci\u00f3n c\u00edvica con m\u00e1s solera de Alcal\u00e1 de Henares, est\u00e1 celebrando el 175 aniversario de su creaci\u00f3n. Y como parte de los actos conmemorativos, este s\u00e1bado se ha recordado la hist\u00f3rica reuni\u00f3n de vecinos alcala\u00ednos que dio lugar a la compra de la manzana cisneriana con varias citas.\u00a0<\/p>\n<p>As\u00ed, una conferencia en la capilla del Convento de las Juanas y una visita a su peque\u00f1o museo cisneriano han precedido a una comida institucional celebrada en el Sal\u00f3n de Condue\u00f1os de la Hoster\u00eda del Estudiante en la que ha estado presente la alcaldesa de Alcal\u00e1, Judith Piquet. La regidora ha estado acompa\u00f1ada por el tercer teniente de alcaldesa, Gustavo Severien, en esta comida que tambi\u00e9n ha contado con la presencia del obispo de la Di\u00f3cesis de Alcal\u00e1, Antonio Prieto, as\u00ed como con los miembros de la Sociedad con su presidente, Jos\u00e9 F\u00e9lix Huerta, a la cabeza.<\/p>\n<p>La alcaldesa ha aprovechado para felicitar a los Condue\u00f1os por este aniversario \u201ctan simb\u00f3lico y tan decisivo para la historia y el patrimonio de Alcal\u00e1 de Henares, de la Comunidad de Madrid y de toda Espa\u00f1a\u201d. \u201cGracias al coraje, a la capacidad de sacrificio y al amor por su ciudad de aquellos alcala\u00ednos, hoy podemos disfrutar de la gran joya de nuestra Universidad, que es la \u00fanica de Espa\u00f1a Patrimonio de la Humanidad. Y, junto a ella, la ciudad hist\u00f3rica de Alcal\u00e1, que ostenta el mismo honor y que es una de las quince ciudades universales con las que contamos en nuestro pa\u00eds\u201d, ha manifestado Piquet.<\/p>\n<p><strong>Orgullo alcala\u00edno<\/strong><\/p>\n<p>La regidora alcala\u00edna tambi\u00e9n ha subrayado que la gesta de los Condue\u00f1os \u201ces un ejemplo de participaci\u00f3n y de compromiso c\u00edvico\u201d, especialmente \u201cpara nuestras generaciones m\u00e1s j\u00f3venes\u201d y les ha animado a seguir protegiendo y difundiendo un legado \u201cque es una inspiraci\u00f3n fruct\u00edfera y permanente para la sociedad y la cultura de Alcal\u00e1 de Henares, de la Comunidad de Madrid y de toda Espa\u00f1a. Y, por encima de todo, uno de los motivos m\u00e1s bonitos para sentirse orgulloso de ser alcala\u00edno\u201d.<\/p>\n<p>La alcaldesa forma parte del Comit\u00e9 de Honor de la conmemoraci\u00f3n, que se inaugur\u00f3 oficialmente el pasado 15 de octubre en el Paraninfo de la Cisneriana con una lecci\u00f3n magistral a cargo del presidente de la Asamblea de Madrid, Enrique Ossorio. La jornada de este s\u00e1bado ha sido la segunda parada de citas conmemorativas, en recuerdo, concretamente, del encuentro vecinal que tuvo lugar el 28 de octubre de 1850 en el palacio Arzobispal con vistas a salvar los edificios de la antigua manzana fundacional de la Universidad, al estar sufriendo un grave deterioro, as\u00ed como el despojo de sus bienes.<\/p>\n","protected":false},"excerpt":{"rendered":"La hist\u00f3rica instituci\u00f3n alcala\u00edna, que salv\u00f3 la manzana cisneriana de su venta y expolio en 1850, ha celebrado&hellip;\n","protected":false},"author":2,"featured_media":239045,"comment_status":"","ping_status":"","sticky":false,"template":"","format":"standard","meta":{"footnotes":""},"categories":[5],"tags":[17,18,61710,25,24,13,14,11,26478,19,20,9,10,15,16,61711,23,12,21,22],"class_list":{"0":"post-239044","1":"post","2":"type-post","3":"status-publish","4":"format-standard","5":"has-post-thumbnail","7":"category-titulares","8":"tag-breaking-news","9":"tag-breakingnews","10":"tag-conduenos","11":"tag-es","12":"tag-espana","13":"tag-featured-news","14":"tag-featurednews","15":"tag-headlines","16":"tag-judith-piquet","17":"tag-latest-news","18":"tag-latestnews","19":"tag-news","20":"tag-noticias","21":"tag-noticias-destacadas","22":"tag-noticiasdestacadas","23":"tag-sociedad-de-conduenos","24":"tag-spain","25":"tag-titulares","26":"tag-ultimas-noticias","27":"tag-ultimasnoticias"},"share_on_mastodon":{"url":"https:\/\/pubeurope.com\/@es\/115559344589761055","error":""},"_links":{"self":[{"href":"https:\/\/www.europesays.com\/es\/wp-json\/wp\/v2\/posts\/239044","targetHints":{"allow":["GET"]}}],"collection":[{"href":"https:\/\/www.europesays.com\/es\/wp-json\/wp\/v2\/posts"}],"about":[{"href":"https:\/\/www.europesays.com\/es\/wp-json\/wp\/v2\/types\/post"}],"author":[{"embeddable":true,"href":"https:\/\/www.europesays.com\/es\/wp-json\/wp\/v2\/users\/2"}],"replies":[{"embeddable":true,"href":"https:\/\/www.europesays.com\/es\/wp-json\/wp\/v2\/comments?post=239044"}],"version-history":[{"count":0,"href":"https:\/\/www.europesays.com\/es\/wp-json\/wp\/v2\/posts\/239044\/revisions"}],"wp:featuredmedia":[{"embeddable":true,"href":"https:\/\/www.europesays.com\/es\/wp-json\/wp\/v2\/media\/239045"}],"wp:attachment":[{"href":"https:\/\/www.europesays.com\/es\/wp-json\/wp\/v2\/media?parent=239044"}],"wp:term":[{"taxonomy":"category","embeddable":true,"href":"https:\/\/www.europesays.com\/es\/wp-json\/wp\/v2\/categories?post=239044"},{"taxonomy":"post_tag","embeddable":true,"href":"https:\/\/www.europesays.com\/es\/wp-json\/wp\/v2\/tags?post=239044"}],"curies":[{"name":"wp","href":"https:\/\/api.w.org\/{rel}","templated":true}]}}