{"id":239099,"date":"2025-11-16T13:04:07","date_gmt":"2025-11-16T13:04:07","guid":{"rendered":"https:\/\/www.europesays.com\/es\/239099\/"},"modified":"2025-11-16T13:04:07","modified_gmt":"2025-11-16T13:04:07","slug":"chile-elige-al-sucesor-de-boric-en-las-primeras-elecciones-con-voto-obligatorio-y-en-las-que-las-encuestas-apuntan-a-una-segunda-vuelta","status":"publish","type":"post","link":"https:\/\/www.europesays.com\/es\/239099\/","title":{"rendered":"Chile elige al sucesor de Boric en las primeras elecciones con voto obligatorio y en las que las encuestas apuntan a una segunda vuelta"},"content":{"rendered":"<p class=\"L6-news-detail__text\">Un total de <b>15,7 millones de chilenos <\/b>est\u00e1n llamados este domingo a las urnas para depositar su voto en unas elecciones que, por vez primera, se realizan con <b>voto obligatorio para todo el censo<\/b>. Todo apunta a que ninguno de los ocho candidatos presidenciales lograr\u00e1 el 50,01% de los sufragios necesarios para ganar y deber\u00e1 celebrarse una segunda vuelta o balotaje el 14 de diciembre.<\/p>\n<p class=\"L6-news-detail__text\">Adem\u00e1s, los chilenos <b>tambi\u00e9n eligen <\/b>este domingo <b>a los senadores<\/b> en siete regiones y a los 155 diputados y diputadas que conforman el Congreso de Diputados.<\/p>\n<p class=\"L6-news-detail__text\">Cerca de 3.500 colegios electorales ya han abierto sus puertas, dando as\u00ed a las elecciones generales en Chile, en las que <b>se escoger\u00e1 al sucesor<\/b> del actual presidente, el <b>progresista Gabriel Boric<\/b>, y se renovar\u00e1 el Parlamento. Los centros de votaci\u00f3n han abierto a las 8:00 hora local (11:00 GMT) y se podr\u00e1 votar hasta las 18:00 (21:00 GMT). Se espera que los resultados se conozcan un par de horas despu\u00e9s.<\/p>\n<p>La comunista Jeannette Jara, favorita en los sondeos<\/p>\n<p class=\"L6-news-detail__text\">Los sondeos <b>dan como ganadora a la comunista Jeannette Jara,<\/b> exministra de Boric, con cerca del <b>30% en intenci\u00f3n de voto<\/b>, y apuntan a que el segundo puesto estar\u00eda muy disputado, con <b>un empate<\/b> en el 20% de los votos, <b>entre los ultaderechistas<\/b> Jos\u00e9 Antonio Kast y Johannes Kaiser. Es la primera vez desde el retorno a la democracia que hay dos candidatos que defienden el legado de la dictadura de Augusto Pinochet (1973-1990) tan competitivos. En cuarto lugar, estar\u00eda la representante de la derecha tradicional, la exalcaldesa Evelyn Matthei, que fue la favorita durante meses y cay\u00f3 al cuarto lugar.<\/p>\n<p class=\"L6-news-detail__text\">La campa\u00f1a ha estado marcada por el <b>aumento de la delincuencia<\/b> y de la <b>percepci\u00f3n de inseguridad<\/b>, pese a que Chile es uno de los pa\u00edses m\u00e1s seguros de Am\u00e9rica, con una tasa de homicidios en el primer semestre del a\u00f1os de 2,5 por cada 100.000 habitantes, seg\u00fan datos oficiales. En este sentido, las tres derechas han prometido mano dura contra la delincuencia y el cierre de la frontera norte para evitar el ingreso de migrantes irregulares.<\/p>\n<p class=\"L6-news-detail__text\">Si<b> las tres opciones conservadoras se unen<\/b> en segunda vuelta, algo que vaticinan todos los analistas, hay escasas opciones de que llegue al poder Jara, la primera militante que representa a toda la izquierda y la centro-izquierda en unas presidenciales y quien fue elegida en unas primarias abiertas a la ciudadan\u00eda el pasado junio.<\/p>\n<p>Boric anima a los chilenos a votar<\/p>\n<p class=\"L6-news-detail__text\">El presidente de Chile, Gabriel<b> Boric, ha madrugado este domingo para votar<\/b> en su ciudad natal de Punta Arenas, en el extremo sur del pa\u00eds, en la primera vuelta de las presidenciales que decidir\u00e1n quien ser\u00e1 su sucesor.<\/p>\n<p class=\"L6-news-detail__text\">El mandatario lleg\u00f3 a la mesa de votaci\u00f3n en torno a las 8:30 horas local (11.30 GMT) acompa\u00f1ado de su padre y con su hija Violeta, reci\u00e9n nacida, en los brazos. Boric pas\u00f3 unos minutos saludando y conversando con los numerosos ciudadanos magall\u00e1nicos, que estaban haciendo fila en un d\u00eda soleado en la mayor ciudad del fin del mundo. Tras depositar su voto, anim\u00f3 a los chilenos a votar.<\/p>\n<p class=\"L6-news-detail__text\">Los m\u00e1s de 15,6 millones de personas que est\u00e1n llamadas a la urnas tambi\u00e9n <b>tienen que elegir a toda la C\u00e1mara de Diputados <\/b>(155) y a<b> la mitad del Senado<\/b>, unas elecciones en las que los sondeos pronostican un considerable avance del conservadurismo e incluso la opci\u00f3n de alcanzar la mayor\u00eda en ambas c\u00e1maras.<\/p>\n<p class=\"L6-news-detail__text\">Los comicios se celebran<b> en un contexto de gran fatiga electoral<\/b> tras las sucesivas elecciones celebradas desde las masivas protestas de 2019 y por el descontento por la gesti\u00f3n de Boric, cuya aprobaci\u00f3n ronda el 30% y quien abandonar\u00e1 La Moneda el pr\u00f3ximo marzo. Desde 2006, el poder se ha alternado entre izquierda y derecha y ning\u00fan presidente le ha entregado la banda presidencial a un sucesor del mismo signo pol\u00edtico.<\/p>\n<p class=\"L6-news-detail__text\"><b><a title=\"*Sigue a laSexta en Google. Toda la actualidad y el mejor contenido aqu\u00ed.\" href=\"https:\/\/profile.google.com\/cp\/CgkvbS8wZG5xejA\" target=\"_blank\" rel=\"nofollow noopener\">*Sigue a laSexta en Google. Toda la actualidad y el mejor contenido aqu\u00ed.<\/a><\/b><\/p>\n<p class=\"L6-support-news-video__title\">MotoGP<\/p>\n<p>            <a href=\"https:\/\/www.lasexta.com\/noticias\/deportes\/motor\/llamativa-relfexion-criville-crisis-bagnaia-entro-desesperado_202511166919b78f39b3f1652bf2688c.html\" class=\"L6-news__link\" rel=\"nofollow noopener\" target=\"_blank\"><br \/>\n                La llamativa relfexi\u00f3n de Crivill\u00e9 sobre la crisis de Bagnaia: \u00abEntr\u00f3 desesperado&#8230;\u00bb<\/p>\n<p class=\"recirculation-video-desc\">El turin\u00e9s se qued\u00f3 sin gasolina en la clasificaci\u00f3n en un nuevo episodio para olvidar este a\u00f1o. \u00c1lex analiza c\u00f3mo puede superar esta situaci\u00f3n.<\/p>\n<p>            <\/a><\/p>\n","protected":false},"excerpt":{"rendered":"Un total de 15,7 millones de chilenos est\u00e1n llamados este domingo a las urnas para depositar su voto&hellip;\n","protected":false},"author":2,"featured_media":239100,"comment_status":"","ping_status":"","sticky":false,"template":"","format":"standard","meta":{"footnotes":""},"categories":[42],"tags":[17,18,13,14,11,61,62,63,64,19,20,9,10,15,16,12,21,22,65,66,67],"class_list":{"0":"post-239099","1":"post","2":"type-post","3":"status-publish","4":"format-standard","5":"has-post-thumbnail","7":"category-internacional","8":"tag-breaking-news","9":"tag-breakingnews","10":"tag-featured-news","11":"tag-featurednews","12":"tag-headlines","13":"tag-internacional","14":"tag-international","15":"tag-international-news","16":"tag-internationalnews","17":"tag-latest-news","18":"tag-latestnews","19":"tag-news","20":"tag-noticias","21":"tag-noticias-destacadas","22":"tag-noticiasdestacadas","23":"tag-titulares","24":"tag-ultimas-noticias","25":"tag-ultimasnoticias","26":"tag-world","27":"tag-world-news","28":"tag-worldnews"},"share_on_mastodon":{"url":"","error":""},"_links":{"self":[{"href":"https:\/\/www.europesays.com\/es\/wp-json\/wp\/v2\/posts\/239099","targetHints":{"allow":["GET"]}}],"collection":[{"href":"https:\/\/www.europesays.com\/es\/wp-json\/wp\/v2\/posts"}],"about":[{"href":"https:\/\/www.europesays.com\/es\/wp-json\/wp\/v2\/types\/post"}],"author":[{"embeddable":true,"href":"https:\/\/www.europesays.com\/es\/wp-json\/wp\/v2\/users\/2"}],"replies":[{"embeddable":true,"href":"https:\/\/www.europesays.com\/es\/wp-json\/wp\/v2\/comments?post=239099"}],"version-history":[{"count":0,"href":"https:\/\/www.europesays.com\/es\/wp-json\/wp\/v2\/posts\/239099\/revisions"}],"wp:featuredmedia":[{"embeddable":true,"href":"https:\/\/www.europesays.com\/es\/wp-json\/wp\/v2\/media\/239100"}],"wp:attachment":[{"href":"https:\/\/www.europesays.com\/es\/wp-json\/wp\/v2\/media?parent=239099"}],"wp:term":[{"taxonomy":"category","embeddable":true,"href":"https:\/\/www.europesays.com\/es\/wp-json\/wp\/v2\/categories?post=239099"},{"taxonomy":"post_tag","embeddable":true,"href":"https:\/\/www.europesays.com\/es\/wp-json\/wp\/v2\/tags?post=239099"}],"curies":[{"name":"wp","href":"https:\/\/api.w.org\/{rel}","templated":true}]}}