{"id":239224,"date":"2025-11-16T14:51:14","date_gmt":"2025-11-16T14:51:14","guid":{"rendered":"https:\/\/www.europesays.com\/es\/239224\/"},"modified":"2025-11-16T14:51:14","modified_gmt":"2025-11-16T14:51:14","slug":"en-el-alaves-me-estoy-volviendo-a-sentir-un-jugador-competitivo","status":"publish","type":"post","link":"https:\/\/www.europesays.com\/es\/239224\/","title":{"rendered":"\u201cEn el Alav\u00e9s me estoy volviendo a sentir un jugador competitivo\u201d"},"content":{"rendered":"<p>\n        <strong>Jon Pacheco Dozagarat<\/strong> (Elizondo, 2001) ha aterrizado con buen pie en su llegada al <a href=\"https:\/\/www.noticiasdealava.eus\/alaves\/\" title=\"Deportivo Alav\u00e9s.\" class=\"link copy\" rel=\"nofollow noopener\" target=\"_blank\"><strong>Deportivo Alav\u00e9s.<\/strong><\/a><strong> <\/strong>La falta de oportunidades en la Real\u00a0Sociedad le hizo cambiar Donosti por Vitoria <strong>a modo de pr\u00e9stamo para esta temporada,<\/strong> con el objetivo de recuperar la confianza y la sensaci\u00f3n de sentirse futbolista. Una meta que, por el momento, <a href=\"https:\/\/www.noticiasdealava.eus\/alaves\/2025\/11\/07\/alaves-recupera-pacheco-girona-10316428.html\" title=\"hasta la lesi\u00f3n en Valllecas,\" class=\"link copy\" rel=\"nofollow noopener\" target=\"_blank\"><strong>hasta la lesi\u00f3n en Valllecas,<\/strong><\/a> estaba logrando cumplir, formando <strong>una de las defensas menos goleadas de la Primera Divisi\u00f3n.<\/strong>\n<\/p>\n<p class=\"article-body__text question-answers__question\">Lo primero de todo, \u00bfqu\u00e9 tal se encuentra tras la lesi\u00f3n? Habr\u00e1 venido bien el par\u00f3n para recuperar las fuerzas.<\/p>\n<p class=\"article-body__text question-answers__answer\">S\u00ed. Esta semana al final nos viene bien a todo el mundo. A los que est\u00e1n jugando les viene mejor para descansar y a m\u00ed en particular pues me ha venido muy bien para ganar una semanita m\u00e1s para recuperarme a\u00fan mejor del hombro.<\/p>\n<p class=\"article-body__text question-answers__question\">Y ha sido una recuperaci\u00f3n fugaz, hasta el propio Chacho dijo que estaba sorprendido.<\/p>\n<p class=\"article-body__text question-answers__answer\">Bueno, yo siempre quiero acortar los plazos para estar fuera el menor tiempo posible y creo que se ha hecho muy buen trabajo desde los fisios, m\u00e9dicos y todo el departamento. Al principio igual s\u00ed parec\u00eda que iba a ser algo m\u00e1s, pero bueno, al final no ha sido tanto y todo ha salido bien. Esperemos que todo siga igual.<\/p>\n<p>            <a href=\"https:\/\/www.noticiasdealava.eus\/alaves\/2025\/10\/26\/infortunio-pacheco-agrava-males-defensa-alaves-10268632.html\" title=\"El infortunio de Pacheco agrava los males en defensa\" class=\"new__media\" rel=\"nofollow noopener\" target=\"_blank\"><\/p>\n<p>                <img alt=\"El infortunio de Pacheco agrava los males en defensa\" data-src=\"https:\/\/www.europesays.com\/es\/wp-content\/uploads\/2025\/11\/b02d6331-6d80-47d2-ba21-cc65d33601dc_16-9-aspect-ratio_default_0.jpg\" class=\"lozad\"\/><\/p>\n<p>        <\/a><\/p>\n<p>        <a href=\"https:\/\/www.noticiasdealava.eus\/alaves\/2025\/10\/26\/infortunio-pacheco-agrava-males-defensa-alaves-10268632.html\" title=\"El infortunio de Pacheco agrava los males en defensa\" class=\"new__headline\" rel=\"nofollow noopener\" target=\"_blank\"><br \/>\n            El infortunio de Pacheco agrava los males en defensa<br \/>\n        <\/a><\/p>\n<p class=\"article-body__text question-answers__question\">Hablando de f\u00fatbol, \u00bfc\u00f3mo se est\u00e1 viendo en estos primeros meses con el Alav\u00e9s?<\/p>\n<p class=\"article-body__text question-answers__answer\">Pues la verdad es que bien, muy c\u00f3modo. Desde el primer d\u00eda me hicieron sentirme c\u00f3modo y como uno m\u00e1s. Eso es una gozada por parte del Alav\u00e9s. <strong>Hasta ahora estoy muy a gusto y volvi\u00e9ndome a sentir competitivo,<\/strong> porque al final el Chacho tambi\u00e9n me ha dado su confianza y yo creo que para un jugador es m\u00e1s f\u00e1cil cuando tienes esa confianza.<\/p>\n<p class=\"article-body__text question-answers__question\">\u00bfFue dif\u00edcil la decisi\u00f3n y el proceso de dejar el club de toda tu vida para venir aqu\u00ed a Vitoria?<\/p>\n<p class=\"article-body__text question-answers__answer\">No, yo creo que no. Al final, por parte de la Real, del director, del entrenador y por parte m\u00eda tambi\u00e9n ve\u00edamos todos con buenos ojos el salir. Yo creo que <strong>acertamos con la decisi\u00f3n.<\/strong> En cuanto al destino si te digo la verdad es que fue todo en un d\u00eda o dos. Una vez decid\u00ed que iba a salir, el Alav\u00e9s ya me hab\u00eda llamado de antes y fue todo muy r\u00e1pido.<\/p>\n<p class=\"article-photo__footer\">\n            Entrevista con el defensa del Deportivo Alav\u00e9s, Jon Pacheco.            Pilar Barco        <\/p>\n<p class=\"article-body__text question-answers__question\">Y el reencuentro con excompa\u00f1eros como Guevara o Guridi habr\u00e1 facilitado ese proceso, \u00bfverdad?<\/p>\n<p class=\"article-body__text question-answers__answer\">Totalmente. Al final, parte de la decisi\u00f3n de venir aqu\u00ed, aparte de que estaba muy cerca de casa, pues yo creo que tambi\u00e9n fue el tener a gente conocida. Me hab\u00edan hablado muy bien de los fisios, de todo el staff y de que el club era como una familia. Yo creo que al final eso ayud\u00f3 a que tomase esta decisi\u00f3n.<\/p>\n<p class=\"article-body__text question-answers__question\">Ha dicho que se est\u00e1 sintiendo competitivo de nuevo, pero al principio le cost\u00f3 entrar en el equipo. Por el tema de Garc\u00e9s, lleg\u00f3 su oportunidad y desde ah\u00ed ya inamovible.<\/p>\n<p class=\"article-body__text question-answers__answer\">Yo ven\u00eda de la Real sin jugar dos partidos, y al final, cuando ya hay gente aqu\u00ed que en ese momento lo estaban haciendo muy bien, pues es m\u00e1s dif\u00edcil entrar en el equipo. Una vez ya he entrado he intentado hacerlo lo mejor posible y dar todo por el equipo.<\/p>\n<p class=\"article-body__text question-answers__question\">Sobre el caso Garc\u00e9s, a usted le abri\u00f3 las puertas pero supongo que tambi\u00e9n es duro perder a un compa\u00f1ero.<\/p>\n<p class=\"article-body__text question-answers__answer\">Pues s\u00ed, para todo el equipo perder a un jugador, ya sea Garc\u00e9s o cualquier otro, al final es una putada. Nos enteramos por la prensa, yo no ten\u00eda ni idea. No sab\u00eda ni que pod\u00eda pasar esto y bueno, pues a partir de ah\u00ed te tienes que amoldar a la situaci\u00f3n.<\/p>\n<p>            <a href=\"https:\/\/www.noticiasdealava.eus\/alaves\/2025\/11\/09\/primeras-represalias-caso-garces-10322351.html\" title=\"Primeras represalias en el &#039;Caso Garc\u00e9s&#039;\" class=\"new__media\" rel=\"nofollow noopener\" target=\"_blank\"><\/p>\n<p>                <img alt=\"Primeras represalias en el 'Caso Garc\u00e9s'\" data-src=\"https:\/\/estaticosgn-cdn.deia.eus\/clip\/d4747812-3233-4a43-9e04-9c1be3edec6f_16-9-aspect-ratio_default_0_x612y0.\" class=\"lozad\"\/><\/p>\n<p>        <\/a><\/p>\n<p>        <a href=\"https:\/\/www.noticiasdealava.eus\/alaves\/2025\/11\/09\/primeras-represalias-caso-garces-10322351.html\" title=\"Primeras represalias en el &#039;Caso Garc\u00e9s&#039;\" class=\"new__headline\" rel=\"nofollow noopener\" target=\"_blank\"><br \/>\n            Primeras represalias en el &#8216;Caso Garc\u00e9s&#8217;<br \/>\n        <\/a><\/p>\n<p class=\"article-body__text question-answers__question\">\u00bfQu\u00e9 tal la relaci\u00f3n con el Chacho despu\u00e9s de tantos a\u00f1os con Imanol como t\u00e9cnico?<\/p>\n<p class=\"article-body__text question-answers__answer\">Bien, la verdad que es diferente. Al final, cuando est\u00e1s con un entrenador tanto tiempo, es verdad que te acostumbras a ello.\u00a0Yo siempre digo que todos los t\u00e9cnicos tienen sus cosas buenas y tambi\u00e9n sus cosas malas, pero todos intentan aportar lo suyo y<strong> con el <\/strong><strong>Chacho <\/strong><strong>la verdad es que llevo muy buena relaci\u00f3n.<\/strong><\/p>\n<p class=\"article-body__text question-answers__question\">\u00bfLe insiste mucho en la salida de bal\u00f3n? Es una de sus virtudes y \u00e9l siempre tiene esa idea.<\/p>\n<p class=\"article-body__text question-answers__answer\">Yo creo que es en lo que m\u00e1s hincapi\u00e9 me hace, en la toma de decisiones y tambi\u00e9n en mirar lejos. En lo que m\u00e1s puntos de vista suyos y m\u00e1s me intenta corregir es en la salida del bal\u00f3n.<\/p>\n<p class=\"article-body__text question-answers__question\">En la defensa titular tiene a su lado a Yusi, que es el m\u00e1s joven, y luego a Tenaglia y Jonny. \u00bfQu\u00e9 experiencia aportan los veteranos en la zaga?<\/p>\n<p class=\"article-body__text question-answers__answer\">A m\u00ed siempre me ha gustado m\u00e1s jugar con centrales que fuesen mayores que yo, siempre me ha tocado jugar con centrales mayores\u00a0y yo creo que al final eso tambi\u00e9n te ayuda. Ellos tienen otra jerarqu\u00eda y yo creo que a Yusi y a m\u00ed nos viene muy bien contar con ellos.<\/p>\n<p class=\"article-body__text question-answers__question\">Y otro experimentado en la defensa es Sivera. \u00bfQu\u00e9 tal con \u00e9l, ya le ha dicho que tenga m\u00e1s cuidado la pr\u00f3xima vez?<\/p>\n<p class=\"article-body__text question-answers__answer\">(Risas) Bueno, Sivera al siguiente partido casi le rompe tambi\u00e9n a Tenaglia. Le dije que a la siguiente le diese al delantero, pero del otro equipo a poder ser.<\/p>\n<p class=\"article-photo__footer\">\n            Entrevista con el defensa del Deportivo Alav\u00e9s, Jon Pacheco.            Pilar Barco        <\/p>\n<p class=\"article-body__text question-answers__question\">\u00daltima cuesti\u00f3n sobre la zaga. Usted es el \u00fanico central \u201cpuro\u201d con el que cuenta Coudet, \u00bfsiente responsabilidad por ello?<\/p>\n<p class=\"article-body__text question-answers__answer\">No, yo creo que no, porque al final Nahuel tambi\u00e9n ha estado ah\u00ed mucho tiempo y lo est\u00e1 haciendo muy bien. Adem\u00e1s, Parada de central tambi\u00e9n ha estado muy bien y Moussa tambi\u00e9n puede jugar ah\u00ed. <strong>Tenemos esa virtud de que diferentes jugadores pueden jugar en varias posiciones,<\/strong> yo creo que la polivalencia en la plantilla es muy positiva.<\/p>\n<p class=\"article-body__text question-answers__question\">Se le ve c\u00f3modo sobre el c\u00e9sped, \u00bfest\u00e1 sintiendo menos presi\u00f3n este curso que en a\u00f1os anteriores?<\/p>\n<p class=\"article-body__text question-answers__answer\">Puede ser. El a\u00f1o pasado ven\u00eda de hacer una temporada que no fue buena, ni para m\u00ed ni para el equipo, y al final en esos momentos todo parece que es malo, pero tampoco pienso que sea as\u00ed. Aqu\u00ed, desde el primer momento y <strong>con los primeros partidos ya me sent\u00ed importante,<\/strong> que eso yo creo que es fundamental para un jugador.<\/p>\n<p class=\"article-body__text question-answers__question\">Entonces, \u00bfusted se ve bien para reaparecer el pr\u00f3ximo s\u00e1bado?<\/p>\n<p class=\"article-body__text question-answers__answer\">Bueno, no s\u00e9, hasta ahora estoy entrenando y eso ya no es decisi\u00f3n m\u00eda. Yo creo que s\u00ed estar\u00e9, porque de momento vamos cumpliendo con todos los plazos. Todo el mundo est\u00e1 trabajando mucho y me est\u00e1 aportando lo m\u00e1ximo, as\u00ed que tengo que seguir en ello y le agradezco a todas las personas que me est\u00e1n ayudando.<\/p>\n<p class=\"article-body__text question-answers__question\">Hablando de pr\u00f3ximos partidos, al ver el calendario aparecen Celta, Bar\u00e7a y luego Real Sociedad, supongo que un duelo muy especial.\u00a0<\/p>\n<p class=\"article-body__text question-answers__answer\">La verdad es que justo ahora en diciembre nos llegan partidos muy bonitos y yo creo que si seguimos as\u00ed de competitivos le podemos ganar a cualquiera. Respecto a la pregunta,<strong> jugamos tambi\u00e9n contra Osasuna,<\/strong> que es un partido especial para m\u00ed siendo navarro, pero bueno, <strong>la Real es un encuentro que tengo ganas, <\/strong>aunque al final hay que tom\u00e1rselo como un partido m\u00e1s e intentar ganar.<\/p>\n<p class=\"article-body__text question-answers__question\">Encima que el \u00fanico gol que ha marcado usted en Liga fue en un Alav\u00e9s-Real Sociedad. Si se repite la ocasi\u00f3n, pero con diferente camiseta, \u00bflo celebrar\u00eda?<\/p>\n<p class=\"article-body__text question-answers__answer\">Bueno, primero estar\u00eda bien jugar y luego ya meter el gol (risas), pero no, no lo celebrar\u00eda. El a\u00f1o que viene en principio voy a estar all\u00ed porque he venido cedido para un a\u00f1o, as\u00ed que ser\u00eda echarme piedras a mi tejado. S\u00ed que <strong>me sentir\u00eda el t\u00edo m\u00e1s contento del mundo en ese momento, pero no, por respeto no celebrar\u00eda.<\/strong><\/p>\n<p>            <a href=\"https:\/\/www.noticiasdealava.eus\/alaves\/2025\/11\/14\/40-millones-euros-plantilla-alaves-10351545.html\" title=\"M\u00e1s de 40 millones de euros para la plantilla del Alav\u00e9s\" class=\"new__media\" rel=\"nofollow noopener\" target=\"_blank\"><\/p>\n<p>                <img alt=\"M\u00e1s de 40 millones de euros para la plantilla del Alav\u00e9s\" data-src=\"https:\/\/www.europesays.com\/es\/wp-content\/uploads\/2025\/11\/b252d807-3522-4818-a071-dd5cd769491c_16-9-aspect-ratio_default_0.jpg\" class=\"lozad\"\/><\/p>\n<p>        <\/a><\/p>\n<p>        <a href=\"https:\/\/www.noticiasdealava.eus\/alaves\/2025\/11\/14\/40-millones-euros-plantilla-alaves-10351545.html\" title=\"M\u00e1s de 40 millones de euros para la plantilla del Alav\u00e9s\" class=\"new__headline\" rel=\"nofollow noopener\" target=\"_blank\"><br \/>\n            M\u00e1s de 40 millones de euros para la plantilla del Alav\u00e9s<br \/>\n        <\/a><\/p>\n<p class=\"article-body__text question-answers__question\">Una cosa que mencion\u00f3 en su presentaci\u00f3n fueron las ganas que ten\u00eda de jugar en Mendi con la afici\u00f3n, \u00bfqu\u00e9 le ha parecido?<\/p>\n<p class=\"article-body__text question-answers__answer\">Pues la verdad es que hay una diferencia abismal de jugar en casa a hacerlo fuera , que al final tambi\u00e9n siempre viajan aficionados, pero no es lo mismo. <strong>Al jugar en Mendi piensas \u201cwow\u201d, porque sientes ese plus de que la grada est\u00e1 ah\u00ed,<\/strong> que te est\u00e1 animando a tope y cualquier jugada,\u00a0ya sea un simple c\u00f3rner, todo el mundo se viene arriba. Igual hay momentos en los que est\u00e1s cansado, pero joder, es que todo el mundo te est\u00e1 apretando y tienes que dar el m\u00e1ximo.<\/p>\n<p class=\"article-body__text question-answers__question\">Para ir acabando, \u00bfqu\u00e9 objetivos se marca en lo personal y en lo colectivo?<\/p>\n<p class=\"article-body__text question-answers__answer\">No s\u00e9 si es un fallo m\u00edo, pero en lo personal no me suelo marcar muchos objetivos. Yo creo que lo que te he venido diciendo de recuperar ese nivel y tener esa confianza otra vez en m\u00ed mismo. Ya en lo colectivo, bueno, <strong>seguir siendo competitivos todos los partidos, estar ah\u00ed en la pelea <\/strong>y luego ya se ir\u00e1 viendo. La\u00a0propia Liga es la que te va marcando\u00a0por d\u00f3nde te vas a quedar.<\/p>\n<p class=\"article-body__text question-answers__question\">Una vez termine la temporada, \u00bfsu idea sigue siendo tratar de lograr un hueco en la Real?<\/p>\n<p class=\"article-body__text question-answers__answer\">Bueno, el a\u00f1o que viene ya se ver\u00e1, ahora estoy centrado aqu\u00ed. Es verdad que he venido cedido para un a\u00f1o, pero lo m\u00e1s importante ahora es estar concentrado en el Alav\u00e9s y el a\u00f1o que viene ya se ver\u00e1.<\/p>\n<p class=\"article-photo__footer\">\n            Entrevista con el defensa del Deportivo Alav\u00e9s, Jon Pacheco.            Pilar Barco        <\/p>\n<p class=\"article-body__text question-answers__question\">Y la opci\u00f3n de recalar en el Alav\u00e9s en propiedad, \u00bfes algo que uno contempla?<\/p>\n<p class=\"article-body__text question-answers__answer\">Nunca se sabe, nunca se sabe. De verdad que ahora mismo <strong>estoy muy a gusto aqu\u00ed.<\/strong> Todo esto est\u00e1 yendo perfecto, as\u00ed que bueno, por el momento me toca seguir y espero que sea as\u00ed de bien.<\/p>\n<p class=\"article-body__text question-answers__question\">Ya para acabar. Ayer se jug\u00f3 el partido de la Selecci\u00f3n Vasca contra Palestina, y a diferencia de la anterior cita, ahora no ha podido estar, \u00bfle duele hab\u00e9rselo perdido?<\/p>\n<p class=\"article-body__text question-answers__answer\">Pues s\u00ed, ha sido una pena porque yo ten\u00eda muchas ganas de jugar. <strong>Era un partido por una buena causa y yo creo que muy bonito para estar all\u00ed.<\/strong> Adem\u00e1s, habl\u00e9 justo con Labaka que estaba de segundo entrenador. \u00c9l me escribi\u00f3 cuando me lesion\u00e9 y le dije que iba a estar un tiempo parado, as\u00ed que no s\u00e9 si me hubiesen llevado o no. Mirando por m\u00ed mismo, jugar ahora ser\u00eda muy arriesgado y yo creo que <strong>descansar es lo que mejor me viene para el hombro, pero la verdad es que s\u00ed me hubiese encantado poder estar.<\/strong><\/p>\n","protected":false},"excerpt":{"rendered":"Jon Pacheco Dozagarat (Elizondo, 2001) ha aterrizado con buen pie en su llegada al Deportivo Alav\u00e9s. La falta&hellip;\n","protected":false},"author":2,"featured_media":239225,"comment_status":"","ping_status":"","sticky":false,"template":"","format":"standard","meta":{"footnotes":""},"categories":[268],"tags":[1334,20558,168,25,24,280,282,378,15122,281,23,167,61741],"class_list":{"0":"post-239224","1":"post","2":"type-post","3":"status-publish","4":"format-standard","5":"has-post-thumbnail","7":"category-futbol","8":"tag-alaves","9":"tag-competitivo","10":"tag-deportes","11":"tag-es","12":"tag-espana","13":"tag-football","14":"tag-futbol","15":"tag-jugador","16":"tag-sentir","17":"tag-soccer","18":"tag-spain","19":"tag-sports","20":"tag-volviendo"},"share_on_mastodon":{"url":"https:\/\/pubeurope.com\/@es\/115559942502508056","error":""},"_links":{"self":[{"href":"https:\/\/www.europesays.com\/es\/wp-json\/wp\/v2\/posts\/239224","targetHints":{"allow":["GET"]}}],"collection":[{"href":"https:\/\/www.europesays.com\/es\/wp-json\/wp\/v2\/posts"}],"about":[{"href":"https:\/\/www.europesays.com\/es\/wp-json\/wp\/v2\/types\/post"}],"author":[{"embeddable":true,"href":"https:\/\/www.europesays.com\/es\/wp-json\/wp\/v2\/users\/2"}],"replies":[{"embeddable":true,"href":"https:\/\/www.europesays.com\/es\/wp-json\/wp\/v2\/comments?post=239224"}],"version-history":[{"count":0,"href":"https:\/\/www.europesays.com\/es\/wp-json\/wp\/v2\/posts\/239224\/revisions"}],"wp:featuredmedia":[{"embeddable":true,"href":"https:\/\/www.europesays.com\/es\/wp-json\/wp\/v2\/media\/239225"}],"wp:attachment":[{"href":"https:\/\/www.europesays.com\/es\/wp-json\/wp\/v2\/media?parent=239224"}],"wp:term":[{"taxonomy":"category","embeddable":true,"href":"https:\/\/www.europesays.com\/es\/wp-json\/wp\/v2\/categories?post=239224"},{"taxonomy":"post_tag","embeddable":true,"href":"https:\/\/www.europesays.com\/es\/wp-json\/wp\/v2\/tags?post=239224"}],"curies":[{"name":"wp","href":"https:\/\/api.w.org\/{rel}","templated":true}]}}