{"id":239280,"date":"2025-11-16T15:34:10","date_gmt":"2025-11-16T15:34:10","guid":{"rendered":"https:\/\/www.europesays.com\/es\/239280\/"},"modified":"2025-11-16T15:34:10","modified_gmt":"2025-11-16T15:34:10","slug":"la-gente-que-suena-el-gran-salto-literario-del-ciclista-guillaume-martin","status":"publish","type":"post","link":"https:\/\/www.europesays.com\/es\/239280\/","title":{"rendered":"&#8216;La gente que sue\u00f1a&#8217;, el gran salto (literario) del ciclista Guillaume Martin"},"content":{"rendered":"<p class=\"ft-text\">Despu\u00e9s de \u2018La sociedad del pelot\u00f3n\u2019 y \u2018S\u00f3crates en bicicleta\u2019, <a class=\"ft-link ft-link--decoration\" href=\"https:\/\/www.sport.es\/es\/noticias\/ciclismo\/guillaume-martin-ciclista-socrates-nietzsche-11647091\" rel=\"nofollow noopener\" target=\"_blank\">Guillaume Martin<\/a> acaba de publicar \u2018La gente que sue\u00f1a\u2019 (Libros de Ruta). Es un paso m\u00e1s en la carrera como ensayista y narrador del ciclista del Groupama-FDJ, pero no es un paso cualquiera: licenciado en Filosof\u00eda, Martin (que ahora firma con sus dos apellidos, Martin-Guyonnet) ya hab\u00eda demostrado ser un ensayista solvente. <strong>Ahora demuestra ser tambi\u00e9n un novelista de altura.<\/strong><\/p>\n<p class=\"ft-text\">Cultiva ahora la novela de no ficci\u00f3n, <strong>porque desdobla su narraci\u00f3n en tres partes<\/strong>: sus propias experiencias como ciclista; la vida de su padre, Daniel Martin (tip\u00f3grafo y maestro de aikido, un arte marcial japon\u00e9s) y finalmente, la de <a class=\"ft-link ft-link--decoration\" href=\"https:\/\/www.sport.es\/es\/noticias\/ciclismo\/guillaume-martin-ciclista-socrates-nietzsche-11647091\" rel=\"nofollow noopener\" target=\"_blank\">Guy Lef\u00e8vre de La Boderie<\/a>, erudito y traductor del siglo XVI atormentado por las dudas religiosas, tan propias de su \u00e9poca, inmerso en un debate irresoluble entre el viejo catolicismo y las nuevas ideas protestantes.<\/p>\n<p><img decoding=\"async\" src=\"https:\/\/www.europesays.com\/es\/wp-content\/uploads\/2025\/11\/2be52308-a2ec-4d97-8847-ec9b99036ce3_alta-libre-aspect-ratio_default_0.jpg\" width=\"1200\" height=\"676\" alt=\"Guillaume Martin, autor de 'La gente que sue\u00f1a'\" class=\"ft-helper-img-rd\" loading=\"lazy\"\/><\/p>\n<p class=\"ft-helper-fontColor-quaternary ft-helper-fontSize-body-S ft-helper-spacer-t-xxs\">Guillaume Martin, autor de &#8216;La gente que sue\u00f1a&#8217;  \/ &#8211;<\/p>\n<p class=\"ft-text\"><strong>La narraci\u00f3n fluye en tres \u00e9pocas muy distintas y en tres escenarios paralelos<\/strong>, unidos por un hilo sentimental que tiene que ver con la tierra (la llamada Suiza normanda, la tierra del Calvados) y por un descubrimiento final que sorprende al lector.<\/p>\n<p class=\"ft-text\">Aunque es un libro que se degusta como una buena novela, incluye tambi\u00e9n algunas confesiones del propio Martin: el ciclista franc\u00e9s no oculta las dudas que le asaltan de vez en cuando, porque se pregunta p\u00fablicamente si tanto esfuerzo, tantas pedaladas, tienen alg\u00fan sentido.<\/p>\n<p class=\"ft-text\">Martin demuestra ser mucho m\u00e1s que un ciclista con inquietudes, <strong>porque se cuestiona a menudo por el impacto medioambiental que tiene su profesi\u00f3n<\/strong>.<\/p>\n<p class=\"ft-text\">El ciclista recopila sus peores momentos sobre la bici, y admite que entonces pens\u00f3 en colgarla para siempre. <strong>Tambi\u00e9n va m\u00e1s all\u00e1 de su experiencia personal y se pregunta si el deporte profesional, tal y como lo conocemos hoy en d\u00eda, es un producto puramente capitalista <\/strong>(por lo que tiene de espect\u00e1culo, por el dinero que mueve) o es m\u00e1s bien todo lo contrario, por su exigencia de realizar esfuerzos f\u00edsicos sin asegurarse obtener nada a cambio.<\/p>\n<p>Un libro redondo<\/p>\n<p class=\"ft-text\">Martin ha conseguido ensamblar en poco m\u00e1s de 200 p\u00e1ginas sus reflexiones personales, sus d\u00edas m\u00e1s oscuros sobre la bicicleta, la curiosa historia de su padre y la de Guy Lef\u00e8vre de La Boderie, que vivi\u00f3 varios siglos antes, pero en la misma zona que la familia Martin. <strong>Nada chirr\u00eda en su relato: todo fluye con naturalidad. Es una experiencia agradable y entretenida para el lector. <\/strong><\/p>\n<p class=\"ft-text\">Es el libro m\u00e1s redondo, \u00edntimo y completo de <a class=\"ft-link ft-link--decoration\" href=\"https:\/\/www.sport.es\/es\/noticias\/ciclismo\/guillaume-martin-ciclista-socrates-nietzsche-11647091\" rel=\"nofollow noopener\" target=\"_blank\">Guillaume Martin-Guyonnet<\/a>; ciclista profesional con futuro en el mundo de la literatura. Nadie sabe muy bien c\u00f3mo ser\u00e1n sus pr\u00f3ximos a\u00f1os como ciclista; lo que parece evidente es que si quiere y le sigue motivando, Martin podr\u00e1 seguir gan\u00e1ndose muy bien la vida como escritor.<\/p>\n","protected":false},"excerpt":{"rendered":"Despu\u00e9s de \u2018La sociedad del pelot\u00f3n\u2019 y \u2018S\u00f3crates en bicicleta\u2019, Guillaume Martin acaba de publicar \u2018La gente que&hellip;\n","protected":false},"author":2,"featured_media":239281,"comment_status":"","ping_status":"","sticky":false,"template":"","format":"standard","meta":{"footnotes":""},"categories":[273],"tags":[313,312,168,25,24,260,3956,12857,1434,23,167,5038],"class_list":{"0":"post-239280","1":"post","2":"type-post","3":"status-publish","4":"format-standard","5":"has-post-thumbnail","7":"category-ciclismo","8":"tag-ciclismo","9":"tag-cycling","10":"tag-deportes","11":"tag-es","12":"tag-espana","13":"tag-gente","14":"tag-gran","15":"tag-literario","16":"tag-salto","17":"tag-spain","18":"tag-sports","19":"tag-suena"},"share_on_mastodon":{"url":"https:\/\/pubeurope.com\/@es\/115560111766807317","error":""},"_links":{"self":[{"href":"https:\/\/www.europesays.com\/es\/wp-json\/wp\/v2\/posts\/239280","targetHints":{"allow":["GET"]}}],"collection":[{"href":"https:\/\/www.europesays.com\/es\/wp-json\/wp\/v2\/posts"}],"about":[{"href":"https:\/\/www.europesays.com\/es\/wp-json\/wp\/v2\/types\/post"}],"author":[{"embeddable":true,"href":"https:\/\/www.europesays.com\/es\/wp-json\/wp\/v2\/users\/2"}],"replies":[{"embeddable":true,"href":"https:\/\/www.europesays.com\/es\/wp-json\/wp\/v2\/comments?post=239280"}],"version-history":[{"count":0,"href":"https:\/\/www.europesays.com\/es\/wp-json\/wp\/v2\/posts\/239280\/revisions"}],"wp:featuredmedia":[{"embeddable":true,"href":"https:\/\/www.europesays.com\/es\/wp-json\/wp\/v2\/media\/239281"}],"wp:attachment":[{"href":"https:\/\/www.europesays.com\/es\/wp-json\/wp\/v2\/media?parent=239280"}],"wp:term":[{"taxonomy":"category","embeddable":true,"href":"https:\/\/www.europesays.com\/es\/wp-json\/wp\/v2\/categories?post=239280"},{"taxonomy":"post_tag","embeddable":true,"href":"https:\/\/www.europesays.com\/es\/wp-json\/wp\/v2\/tags?post=239280"}],"curies":[{"name":"wp","href":"https:\/\/api.w.org\/{rel}","templated":true}]}}