{"id":239301,"date":"2025-11-16T15:49:11","date_gmt":"2025-11-16T15:49:11","guid":{"rendered":"https:\/\/www.europesays.com\/es\/239301\/"},"modified":"2025-11-16T15:49:11","modified_gmt":"2025-11-16T15:49:11","slug":"quien-fue-douglas-kelley-el-psiquiatra-que-determino-que-los-lideres-nazis-no-estaban-locos-y-podian-responder-por-sus-crimenes-en-los-juicios-de-nuremberg","status":"publish","type":"post","link":"https:\/\/www.europesays.com\/es\/239301\/","title":{"rendered":"Qui\u00e9n fue Douglas Kelley, el psiquiatra que determin\u00f3 que los l\u00edderes nazis \u00abno estaban locos\u00bb y pod\u00edan responder por sus cr\u00edmenes en los juicios de N\u00faremberg"},"content":{"rendered":"<p><img fetchpriority=\"high\" decoding=\"async\" src=\"https:\/\/www.europesays.com\/es\/wp-content\/uploads\/2025\/11\/0727fb40-beee-11f0-9046-df04e23a3044.png.webp.webp\"   alt=\"Foto en color sep\u00eda del Douglas M. Kelley\" loading=\"eager\" width=\"1988\" height=\"1118\" style=\"aspect-ratio:1988 \/ 1118\" class=\"css-4ejld5\"\/><\/p>\n<p class=\"css-by8ykd\" role=\"text\">Fuente de la imagen, Cortes\u00eda Jack El-Hai<\/p>\n<p>Pie de foto, A Douglas M. Kelley los jueces de N\u00faremberg le pidieron que estudiara la salud mental de los l\u00edderes nazis apresados.<strong id=\"article-byline\" aria-hidden=\"true\" class=\"css-m04vo2\">Informaci\u00f3n del art\u00edculo<\/strong><\/p>\n<p dir=\"ltr\" class=\"css-1qucyee e17g058b0\">Hace 80 a\u00f1os, el mundo se hac\u00eda esta pregunta mientras se revelaba la magnitud de la tragedia que dej\u00f3 la reci\u00e9n finalizada Segunda Guerra Mundial y sal\u00edan a la luz los horrores de los campos de concentraci\u00f3n, donde el r\u00e9gimen nazi intent\u00f3 aniquilar a jud\u00edos, gitanos, homosexuales y opositores pol\u00edticos.<\/p>\n<p dir=\"ltr\" class=\"css-1qucyee e17g058b0\">La humanidad esperaba respuestas del Tribunal Militar Internacional instalado en la ciudad alemana de N\u00faremberg, el cual, a partir del 20 de noviembre de 1945, enjuici\u00f3 a 24 altos mandos del depuesto Tercer Reich.<\/p>\n<p dir=\"ltr\" class=\"css-1qucyee e17g058b0\">Sin embargo, la in\u00e9dita tarea de procesar a los l\u00edderes de una naci\u00f3n derrotada en un conflicto b\u00e9lico no fue sencilla. Los aliados debieron resolver una serie de problemas legales y t\u00e9cnicos, como definir los delitos que se les imputar\u00edan, qui\u00e9n los procesar\u00eda y el tipo de procedimiento que deb\u00eda seguirse.<\/p>\n<p dir=\"ltr\" class=\"css-1qucyee e17g058b0\">Aunque principios fundamentales del derecho penal democr\u00e1tico, como la no retroactividad de la ley \u2014seg\u00fan el cual nadie puede ser juzgado por delitos no previstos previamente en el ordenamiento jur\u00eddico\u2014 no fueron respetados plenamente, los vencedores intentaron subsanar esas fallas y acallar las cr\u00edticas garantiz\u00e1ndoles a los acusados el debido proceso.<\/p>\n<p dir=\"ltr\" class=\"css-1qucyee e17g058b0\">Pero antes de sentar en el banquillo de los acusados a los jerarcas nazis, hab\u00eda que despejar una duda crucial: \u00bfestaban mentalmente aptos para enfrentar un juicio o no? Esa tarea recay\u00f3 en el psiquiatra estadounidense Douglas M. Kelley.<\/p>\n<p><img decoding=\"async\" src=\"https:\/\/www.europesays.com\/es\/wp-content\/uploads\/2025\/11\/348a6940-bef0-11f0-ae46-bd64331f0fd4.jpg.webp.webp\"   alt=\"Hermann Goering (exjefe de la fuerza a\u00e9rea nazi), Rudolf Hess (exvicecanciller), Joachim von Ribbentrop (exministro de Exteriores) y Wilhelm Keitel (exjefe del ej\u00e9rcito nazi) en la sala de audiencias del Palacio de Justicia de N\u00faremberg, rodeados por soldados de EE.UU.\" loading=\"lazy\" width=\"1024\" height=\"664\" style=\"aspect-ratio:1024 \/ 664\" class=\"css-4ejld5\"\/><\/p>\n<p class=\"css-by8ykd\" role=\"text\">Fuente de la imagen, Bettmann Archive\/Getty Images<\/p>\n<p>Pie de foto, En N\u00faremberg, por primera vez en la historia, los vencedores enjuiciaron a los l\u00edderes de una naci\u00f3n derrotada en una guerra.<\/p>\n<p>El pre\u00e1mbulo<\/p>\n<p dir=\"ltr\" class=\"css-1qucyee e17g058b0\">\u00bfPor qu\u00e9 era importante determinar la sanidad mental de los acusados? <\/p>\n<p dir=\"ltr\" class=\"css-1qucyee e17g058b0\">\u00abLas garant\u00edas y derechos judiciales son inherentes a todo ser humano, sin excepci\u00f3n\u00bb, le explica a BBC Mundo el presidente de la Comisi\u00f3n Internacional de Juristas (ICJ, por sus siglas en ingl\u00e9s), el abogado Carlos Ayala Corao.<\/p>\n<p dir=\"ltr\" class=\"css-1qucyee e17g058b0\">\u00abSi una persona no act\u00faa con su libre albedr\u00edo, sino por una enfermedad o trastorno m\u00e9dico mental, el derecho penal democr\u00e1tico lo except\u00faa de responsabilidad o al menos puede ser un atenuante\u00bb, a\u00f1ade el tambi\u00e9n expresidente de la Comisi\u00f3n Interamericana de Derechos Humanos (CIDH).<\/p>\n<p dir=\"ltr\" class=\"css-1qucyee e17g058b0\">La conclusi\u00f3n a la que llegar\u00eda Kelley, un psiquiatra egresado de la Universidad de California que se alist\u00f3 en el ej\u00e9rcito estadounidense -donde alcanz\u00f3 al rango de teniente coronel- y que durante el conflicto trat\u00f3 a soldados aliados que pelearon en Europa por \u00abfatiga de combate o shock de guerra (hoy trastorno de estr\u00e9s postraum\u00e1tico)\u00bb, iba a determinar en gran medida la suerte del in\u00e9dito juicio y, por ende, de los acusados.<\/p>\n<p dir=\"ltr\" class=\"css-1qucyee e17g058b0\">\u00abEn general, los prisioneros no son diferentes de un grupo de ejecutivos de cualquier otra parte; en contraste con la opini\u00f3n popular, no est\u00e1n locos ni son superhombres\u00bb, dictamin\u00f3 Kelley, seg\u00fan revel\u00f3 \u00e9l mismo en una entrevista radial que concedi\u00f3 al sexto d\u00eda del proceso.<\/p>\n<p><img decoding=\"async\" src=\"https:\/\/www.europesays.com\/es\/wp-content\/uploads\/2025\/11\/27fbbb10-bef1-11f0-a970-eb79eb0c7376.png.webp.webp\"   alt=\"Fotoo del carnet que el Tribunal de N\u00faremberg le dio a Douglas Kelley\" loading=\"lazy\" width=\"1389\" height=\"781\" style=\"aspect-ratio:1389 \/ 781\" class=\"css-4ejld5\"\/><\/p>\n<p class=\"css-by8ykd\" role=\"text\">Fuente de la imagen, Cortes\u00eda Jack El-Hai<\/p>\n<p>Pie de foto, Kelley pas\u00f3 m\u00e1s de ocho meses entrevistando y sometiendo a pruebas a los l\u00edderes nazis que fueron apresados por los aliados.<\/p>\n<p dir=\"ltr\" class=\"css-1qucyee e17g058b0\">\u00bfC\u00f3mo lleg\u00f3 a este diagn\u00f3stico? \u00abKelley pas\u00f3 unos ocho meses con los l\u00edderes nazis, fundamentalmente en el hotel de Luxemburgo, donde fueron recluidos y les aplic\u00f3 una combinaci\u00f3n de t\u00e9cnicas psiqui\u00e1tricas\u00bb, le explica a BBC Mundo el periodista estadounidense Jack El-Hai, quien estudi\u00f3 el trabajo del m\u00e9dico para su libro \u00abEl nazi y el psiquiatra\u00bb.<\/p>\n<p dir=\"ltr\" class=\"css-1qucyee e17g058b0\">Para la obra, que inspir\u00f3 la pel\u00edcula \u00abN\u00faremberg\u00bb que protagonizan los ganadores del Oscar Russell Crowe y Rami Malek, el comunicador revis\u00f3 15 cajas llenas de documentos, informes y reportes que escribi\u00f3 Kelley, en los registr\u00f3 sus estudios de los nazis. La familia del m\u00e9dico conserv\u00f3 todo ese material durante d\u00e9cadas.<\/p>\n<p dir=\"ltr\" class=\"css-1qucyee e17g058b0\">\u00abKelley entrevist\u00f3 a los acusados, pero tambi\u00e9n los someti\u00f3 a una bater\u00eda de pruebas psicol\u00f3gicas, como el test de manchas de tinta de Rorschach, donde se les ped\u00eda describir lo que ve\u00edan en im\u00e1genes abstractas\u00bb, agreg\u00f3.<\/p>\n<p dir=\"ltr\" class=\"css-1qucyee e17g058b0\">\u00abTambi\u00e9n les aplic\u00f3 el test de percepci\u00f3n tem\u00e1tica, similar al de Rorschach, pero con fotograf\u00edas reales o ilustraciones, en el que se les ped\u00eda contar una historia. Adem\u00e1s, les hizo pruebas de coeficiente intelectual y descubri\u00f3 que todos ten\u00edan una inteligencia promedio o por encima del promedio\u00bb, precisa.<\/p>\n<p><img decoding=\"async\" src=\"https:\/\/www.europesays.com\/es\/wp-content\/uploads\/2025\/11\/971077c0-bef1-11f0-a970-eb79eb0c7376.jpg.webp.webp\"   alt=\"Goering durante una de sus declaraciones ante el Tribunal Militar Internacional custodiado por dos soldados.\" loading=\"lazy\" width=\"819\" height=\"461\" style=\"aspect-ratio:819 \/ 461\" class=\"css-4ejld5\"\/><\/p>\n<p class=\"css-by8ykd\" role=\"text\">Fuente de la imagen, Bettmann Archive\/Getty Images<\/p>\n<p>Pie de foto, Kelley dedic\u00f3 m\u00e1s tiempo a Goering, quien fue el jefe de la fuerza a\u00e9rea nazi y heredero de Hitler.<\/p>\n<p>Jugando con fuego<\/p>\n<p dir=\"ltr\" class=\"css-1qucyee e17g058b0\">Durante sus investigaciones, Kelley mostr\u00f3 particular inter\u00e9s en uno de los acusados: Hermann Goering, el otrora sucesor de Adolf Hitler y excomandante de la Luftwaffe.<\/p>\n<p dir=\"ltr\" class=\"css-1qucyee e17g058b0\">\u00abGoering era el jerarca de mayor rango de los capturados y Kelley se sinti\u00f3 intrigado por \u00e9l, en parte porque ambos compart\u00edan rasgos de personalidad: eran inteligentes, carism\u00e1ticos, egoc\u00e9ntricos y algo narcisistas\u00bb, afirma El-Hai.<\/p>\n<p dir=\"ltr\" class=\"css-1qucyee e17g058b0\">\u00abKelley nunca ignor\u00f3 la crueldad y las decisiones fr\u00edas de Goering durante la guerra, pero ambos desarrollaron una relaci\u00f3n que implicaba cierta admiraci\u00f3n mutua, aunque no una amistad\u00bb, a\u00f1ade.<\/p>\n<p dir=\"ltr\" class=\"css-1qucyee e17g058b0\">El psiquiatra dej\u00f3 testimonio de su impresi\u00f3n del otrora as de la aviaci\u00f3n durante la Primera Guerra Mundial.<\/p>\n<p dir=\"ltr\" class=\"css-1qucyee e17g058b0\">\u00abGoering era encantador cuando decid\u00eda serlo; ten\u00eda una inteligencia excelente, gran imaginaci\u00f3n, mucha energ\u00eda y sentido del humor\u00bb, escribi\u00f3 Kelley, seg\u00fan se lee en unos manuscritos disponibles en el Museo del Holocausto de EE.UU.<\/p>\n<p dir=\"ltr\" class=\"css-1qucyee e17g058b0\">\u00abCada d\u00eda, cuando llegaba a su celda, se levantaba de su silla, me saludaba con una amplia sonrisa y la mano extendida, me acompa\u00f1aba hasta su catre y daba golpecitos en el centro: &#8216;Buenos d\u00edas, doctor. Me alegra mucho que haya venido a verme\u2026 por favor, si\u00e9ntese&#8217;. Luego se acomodaba junto a m\u00ed con su gran cuerpo, listo para responder a mis preguntas\u00bb, narr\u00f3 en otro documento.<\/p>\n<p><img decoding=\"async\" src=\"https:\/\/www.europesays.com\/es\/wp-content\/uploads\/2025\/11\/d66f9cc0-bef1-11f0-ae46-bd64331f0fd4.jpg.webp.webp\"   alt=\"La esposa de Goering, Emmy su hija Edda, caminando por las calles de N\u00faremberg.\" loading=\"lazy\" width=\"829\" height=\"1024\" style=\"aspect-ratio:829 \/ 1024\" class=\"css-4ejld5\"\/><\/p>\n<p class=\"css-by8ykd\" role=\"text\">Fuente de la imagen, Bettmann Archive\/Getty Images<\/p>\n<p>Pie de foto, Goering lleg\u00f3 a tener tanta confianza en Kelley que incluso le pidi\u00f3 que adoptara a su hija, Edda, en caso de que \u00e9l y su esposa no sobrevivieran.<\/p>\n<p dir=\"ltr\" class=\"css-1qucyee e17g058b0\">Pero Kelley no solo determin\u00f3 la sanidad mental de Goering, sino que se asegur\u00f3 de que no muriera en prisi\u00f3n a causa de su sobrepeso -superaba los 120 kilos- y de su adicci\u00f3n a la code\u00edna.<\/p>\n<p dir=\"ltr\" class=\"css-1qucyee e17g058b0\">Y, por eso, no solo convenci\u00f3 al l\u00edder nazi de someterse a una dieta, sino que le redujo paulatinamente la dosis de drogas que consum\u00eda para lidiar con el dolor por las heridas que hab\u00eda sufrido en la Primera Guerra Mundial.<\/p>\n<p dir=\"ltr\" class=\"css-1qucyee e17g058b0\">El v\u00ednculo que forj\u00f3 con su paciente llev\u00f3 al psiquiatra a \u00abcruzar l\u00edneas rojas\u00bb que da\u00f1aron su reputaci\u00f3n de por vida, asevera El-Hai.<\/p>\n<p dir=\"ltr\" class=\"css-1qucyee e17g058b0\">\u00abKelley acept\u00f3 fungir de correo y llevarle cartas escritas por Goering a su esposa, Emmy. Esto no fue autorizado por el tribunal ni por ning\u00fan gobierno aliado, pero \u00e9l accedi\u00f3 a hacerlo\u00bb, asegura el periodista.<\/p>\n<p dir=\"ltr\" class=\"css-1qucyee e17g058b0\">Sin embargo, hubo otra prueba a\u00fan mayor de la confianza que el otrora heredero de Hitler lleg\u00f3 a depositar en el psiquiatra.<\/p>\n<p dir=\"ltr\" class=\"css-1qucyee e17g058b0\">\u00abGoering le pidi\u00f3 a Kelley que, en caso de que \u00e9l o su esposa no sobrevivieran, adoptara a su hija y la criara en EE.UU. Kelley discuti\u00f3 la idea con su esposa, quien se opuso\u00bb, asegura el bi\u00f3grafo del m\u00e9dico.<\/p>\n<p><img decoding=\"async\" src=\"https:\/\/www.europesays.com\/es\/wp-content\/uploads\/2025\/11\/f1a7e280-bef2-11f0-8669-5560f5c90fbe.jpg.webp.webp\"   alt=\"Unos nazis frente al Capitolio en Washington, en 2002.\" loading=\"lazy\" width=\"1024\" height=\"780\" style=\"aspect-ratio:1024 \/ 780\" class=\"css-4ejld5\"\/><\/p>\n<p class=\"css-by8ykd\" role=\"text\">Fuente de la imagen, MIKE THEILER\/AFP via Getty Images<\/p>\n<p>Pie de foto, A Kelley descubrir que los l\u00edderes nazis no estaban mentalmente enfermos le aterr\u00f3, porque esto revelaba que el fascismo pod\u00eda llegar a EE.UU. tambi\u00e9n.<\/p>\n<p>Temor por lo que encontr\u00f3<\/p>\n<p dir=\"ltr\" class=\"css-1qucyee e17g058b0\">Al inicio de sus investigaciones, Kelley cre\u00eda que los jerarcas nazis se hab\u00edan contagiado con \u00abun virus\u00bb o una enfermedad que los hab\u00eda hecho planificar y ordenar las atrocidades por las que iban a ser enjuiciados, dice El Hai.<\/p>\n<p dir=\"ltr\" class=\"css-1qucyee e17g058b0\">\u00abPero, tras concluir que los jerarcas nazis no estaban mentalmente enfermos y que su comportamiento estaba dentro del rango de lo normal \u2014lo cual no significa que fuera bueno, sino que no pod\u00eda atribuirse a una enfermedad psiqui\u00e1trica\u2014, Kelley se aterr\u00f3\u00bb, afirma su bi\u00f3grafo.<\/p>\n<p dir=\"ltr\" class=\"css-1qucyee e17g058b0\">\u00abEste hallazgo implicaba hab\u00eda muchas personas como ellos (los l\u00edderes nazis) entre nosotros, en cualquier pa\u00eds y en cualquier \u00e9poca\u00bb, agrega.<\/p>\n<p dir=\"ltr\" class=\"css-1qucyee e17g058b0\">\u00abB\u00e1sicamente eran personas normales, influidas por la mendacidad y la burocracia. Criaturas moldeadas por su entorno, individuos que pod\u00edan encontrarse detr\u00e1s de grandes escritorios en cualquier parte del mundo\u00bb, determin\u00f3 Kelley, seg\u00fan el libro \u00abAnatom\u00eda de la maldad: el enigma de los criminales de guerra\u00bb, del psiquiatra estadounidense Joel Dimmesdale.<\/p>\n<p><img decoding=\"async\" src=\"https:\/\/www.europesays.com\/es\/wp-content\/uploads\/2025\/11\/3fea5ea0-bef3-11f0-8456-eff94716b162.jpg.webp.webp\"   alt=\"Vista de la sala de audiencias del Tribunal de N\u00faremberg en una sesi\u00f3n en 1945.\" loading=\"lazy\" width=\"1024\" height=\"655\" style=\"aspect-ratio:1024 \/ 655\" class=\"css-4ejld5\"\/><\/p>\n<p class=\"css-by8ykd\" role=\"text\">Fuente de la imagen, Bettmann Archive\/Getty Images<\/p>\n<p>Pie de foto, Los juicios de N\u00faremberg ten\u00edan por prop\u00f3sito evitar que horrores como los vividos en la Segunda Guerra Mundial se repitieran.<\/p>\n<p dir=\"ltr\" class=\"css-1qucyee e17g058b0\">As\u00ed, al volver a EE.UU. en 1946, el psiquiatra dict\u00f3 una serie de conferencias y escribi\u00f3 art\u00edculos en los que advert\u00eda sobre los riesgos de que el fascismo tambi\u00e9n pudiera llegar al poder en ese pa\u00eds, como lo hizo antes en Alemania, Italia y otras naciones europeas.<\/p>\n<p dir=\"ltr\" class=\"css-1qucyee e17g058b0\">\u00abEn ese momento, muchos Estados estaban gobernados por pol\u00edticos que defend\u00edan la segregaci\u00f3n racial y usaban t\u00e9cnicas similares a las de los nazis para manipular a sus votantes\u00bb, se\u00f1ala El-Hai.<\/p>\n<p dir=\"ltr\" class=\"css-1qucyee e17g058b0\">Y como si lo anterior no fuera suficiente, Kelley tambi\u00e9n decidi\u00f3 iniciar un nuevo ciclo profesional.<\/p>\n<p dir=\"ltr\" class=\"css-1qucyee e17g058b0\">\u00abEl tiempo que pas\u00f3 con los nazis cambi\u00f3 la forma de pensar de Kelley sobre la naturaleza de las enfermedades mentales y sobre si la psiquiatr\u00eda era una especialidad viable para tratar a personas como estos criminales. Y concluy\u00f3 que no lo era\u00bb, dice El-Hai.<\/p>\n<p dir=\"ltr\" class=\"css-1qucyee e17g058b0\">\u00abSi estas personas eran normales, \u00bfc\u00f3mo pod\u00eda la psiquiatr\u00eda explicar lo que hab\u00edan hecho? Por eso, en los \u00faltimos a\u00f1os de su vida, se dedic\u00f3 a la criminolog\u00eda, pensando que tal vez all\u00ed podr\u00eda encontrar respuestas\u00bb, apunta.<\/p>\n<p><img decoding=\"async\" src=\"https:\/\/www.europesays.com\/es\/wp-content\/uploads\/2025\/11\/72808b90-bef4-11f0-ae46-bd64331f0fd4.jpg.webp.webp\"   alt=\"Los actores Russell Crowe y Rami Malek en el estreno de &quot;N\u00faremberg&quot; en Canad\u00e1, en septiembre de 2025.\" loading=\"lazy\" width=\"1024\" height=\"646\" style=\"aspect-ratio:1024 \/ 646\" class=\"css-4ejld5\"\/><\/p>\n<p class=\"css-by8ykd\" role=\"text\">Fuente de la imagen, COLE BURSTON\/AFP via Getty Images<\/p>\n<p>Pie de foto, Los actores Russell Crowe y Rami Malek encarnan a Hermann Goering y a Douglas Kelley en la cinta \u00abN\u00faremberg\u00bb.<\/p>\n<p>Copiando al paciente<\/p>\n<p dir=\"ltr\" class=\"css-1qucyee e17g058b0\">La \u00faltima evidencia de que su trato con los nazis, en especial con Goering, marc\u00f3 a Kelley se produjo el 1 de enero de 1958. <\/p>\n<p dir=\"ltr\" class=\"css-1qucyee e17g058b0\">Ese d\u00eda el psiquiatra, quien luego de los juicios tuvo problemas con el alcohol y padeci\u00f3 de depresi\u00f3n, mantuvo una fuerte discusi\u00f3n con su esposa y, en un arrebato, tom\u00f3 una c\u00e1psula de cianuro y la ingiri\u00f3. Muri\u00f3 en el acto.<\/p>\n<p dir=\"ltr\" class=\"css-1qucyee e17g058b0\">Doce a\u00f1os antes, el otrora sucesor de Hitler hab\u00eda puesto fin a su vida de la misma manera. El l\u00edder nazi se suicid\u00f3 apenas horas antes de que se concretara su sentencia a morir en la horca, a la cual lo conden\u00f3 el Tribunal Internacional Militar tras declararlo culpable de los delitos de conspiraci\u00f3n contra la paz, y de cr\u00edmenes de agresi\u00f3n, de guerra y contra la humanidad.<\/p>\n<p dir=\"ltr\" class=\"css-1qucyee e17g058b0\">\u00abEl suicidio de Goering fue su \u00faltimo acto de desaf\u00edo y creo que el de Kelley tambi\u00e9n lo fue\u00bb, dice El-Hai, quien asegur\u00f3 que en los documentos que revis\u00f3 no encontr\u00f3 nada que indicara que el psiquiatra pensara en matarse.<\/p>\n<p dir=\"ltr\" class=\"css-1qucyee e17g058b0\">La coincidencia reforz\u00f3 las sospechas de que Kelley le pas\u00f3 al jerarca nazi la c\u00e1psula de veneno, algo que jam\u00e1s pudo comprobarse.<\/p>\n<p><img decoding=\"async\" src=\"https:\/\/www.europesays.com\/es\/wp-content\/uploads\/2025\/11\/8f963d80-beed-11f0-8456-eff94716b162.png.webp.webp\"   alt=\"Raya gris\" loading=\"lazy\" width=\"800\" height=\"100\" style=\"aspect-ratio:800 \/ 100\" class=\"css-4ejld5\"\/><\/p>\n<p dir=\"ltr\" class=\"css-1qucyee e17g058b0\"><a href=\"https:\/\/www.bbc.com\/mundo\/send\/u184973209\" class=\"focusIndicatorReducedWidth css-n8oauk e1p3sufg0\" rel=\"nofollow noopener\" target=\"_blank\">Suscr\u00edbete aqu\u00ed<\/a> a nuestro nuevo newsletter para recibir cada viernes una selecci\u00f3n de nuestro mejor contenido de la semana.<\/p>\n<p dir=\"ltr\" class=\"css-1qucyee e17g058b0\">Y recuerda que puedes recibir notificaciones en nuestra app. Descarga la \u00faltima versi\u00f3n y act\u00edvalas.<\/p>\n","protected":false},"excerpt":{"rendered":"Fuente de la imagen, Cortes\u00eda Jack El-Hai Pie de foto, A Douglas M. Kelley los jueces de N\u00faremberg&hellip;\n","protected":false},"author":2,"featured_media":239302,"comment_status":"","ping_status":"","sticky":false,"template":"","format":"standard","meta":{"footnotes":""},"categories":[42],"tags":[17,18,13,14,11,61,62,63,64,19,20,9,10,15,16,12,21,22,65,66,67],"class_list":{"0":"post-239301","1":"post","2":"type-post","3":"status-publish","4":"format-standard","5":"has-post-thumbnail","7":"category-internacional","8":"tag-breaking-news","9":"tag-breakingnews","10":"tag-featured-news","11":"tag-featurednews","12":"tag-headlines","13":"tag-internacional","14":"tag-international","15":"tag-international-news","16":"tag-internationalnews","17":"tag-latest-news","18":"tag-latestnews","19":"tag-news","20":"tag-noticias","21":"tag-noticias-destacadas","22":"tag-noticiasdestacadas","23":"tag-titulares","24":"tag-ultimas-noticias","25":"tag-ultimasnoticias","26":"tag-world","27":"tag-world-news","28":"tag-worldnews"},"share_on_mastodon":{"url":"https:\/\/pubeurope.com\/@es\/115560170781514887","error":""},"_links":{"self":[{"href":"https:\/\/www.europesays.com\/es\/wp-json\/wp\/v2\/posts\/239301","targetHints":{"allow":["GET"]}}],"collection":[{"href":"https:\/\/www.europesays.com\/es\/wp-json\/wp\/v2\/posts"}],"about":[{"href":"https:\/\/www.europesays.com\/es\/wp-json\/wp\/v2\/types\/post"}],"author":[{"embeddable":true,"href":"https:\/\/www.europesays.com\/es\/wp-json\/wp\/v2\/users\/2"}],"replies":[{"embeddable":true,"href":"https:\/\/www.europesays.com\/es\/wp-json\/wp\/v2\/comments?post=239301"}],"version-history":[{"count":0,"href":"https:\/\/www.europesays.com\/es\/wp-json\/wp\/v2\/posts\/239301\/revisions"}],"wp:featuredmedia":[{"embeddable":true,"href":"https:\/\/www.europesays.com\/es\/wp-json\/wp\/v2\/media\/239302"}],"wp:attachment":[{"href":"https:\/\/www.europesays.com\/es\/wp-json\/wp\/v2\/media?parent=239301"}],"wp:term":[{"taxonomy":"category","embeddable":true,"href":"https:\/\/www.europesays.com\/es\/wp-json\/wp\/v2\/categories?post=239301"},{"taxonomy":"post_tag","embeddable":true,"href":"https:\/\/www.europesays.com\/es\/wp-json\/wp\/v2\/tags?post=239301"}],"curies":[{"name":"wp","href":"https:\/\/api.w.org\/{rel}","templated":true}]}}