{"id":239315,"date":"2025-11-16T16:01:11","date_gmt":"2025-11-16T16:01:11","guid":{"rendered":"https:\/\/www.europesays.com\/es\/239315\/"},"modified":"2025-11-16T16:01:11","modified_gmt":"2025-11-16T16:01:11","slug":"la-joaqui-exploto-con-un-crudo-mensaje-tras-su-escandalo-con-wanda-nara-por-valentina-cervantes","status":"publish","type":"post","link":"https:\/\/www.europesays.com\/es\/239315\/","title":{"rendered":"La Joaqui explot\u00f3 con un crudo mensaje tras su esc\u00e1ndalo con Wanda Nara por Valentina Cervantes"},"content":{"rendered":"<p>En medio del cierre de un 2025 que ven\u00eda lleno de luces, \u00e9xitos y el auge de <strong>MasterChef<\/strong>,<strong> La Joaqui <\/strong>sorprendi\u00f3 a todos al hacer una confesi\u00f3n fuerte sobre su actualidad. Este s\u00e1bado por la noche, decidi\u00f3 compartir en sus redes sociales un mensaje cargado de met\u00e1foras y sensibilidad, dejando en claro el fr\u00e1gil momento que pasa detr\u00e1s de las luces.<\/p>\n<p>Hablamos de un posteo en su cuenta de X que gener\u00f3 mucho debate. \u201cSi ya no me siento feliz en una casa porque encuentro goteras que no puedo arreglar, me mudo, pero no la prendo fuego ni la tiro abajo\u201d, escribi\u00f3. Las interpretaciones no tardaron en llegar, y varios comenzaron a analizar por qu\u00e9 <strong><a href=\"https:\/\/www.paparazzi.com.ar\/sin-categoria\/susana-roccasalvo-conto-la-verdad-de-la-pelea-de-wanda-nara-con-la-joaqui-por-valentina-cervantes\/\" rel=\"nofollow noopener\" target=\"_blank\">La Joaqui<\/a> <\/strong>decidi\u00f3 publicar estas palabras.<\/p>\n<p>Como si fuera poco, redobl\u00f3 la apuesta aclarando el tono introspectivo de su mensaje: \u201cHay que aprender a retirarse de los lugares con el mismo amor que se lleg\u00f3, sea cual sea el motivo de la mudanza y no estoy hablando de casas\u201d. Bast\u00f3 esa segunda l\u00ednea para que todos se pregunten y hasta se preocupen por el momento que vive <strong><a href=\"https:\/\/www.paparazzi.com.ar\/teve\/la-verdadera-razon-de-la-terrible-pelea-entre-la-joaqui-y-la-china-suarez-quien-es-el-famoso-futbolista-que-las-enfrento\/\" rel=\"nofollow noopener\" target=\"_blank\">La Joaqui<\/a><\/strong>.<\/p>\n<p>El primer frente de estas teor\u00edas tuvo nombre y apellido: <strong>Luck Ra<\/strong>. En cuesti\u00f3n de minutos, las redes se llenaron de mensajes y preguntas sobre su romance con el cantante. \u00bfEst\u00e1 en crisis con su novio? Sin embargo, enseguida apareci\u00f3 otra versi\u00f3n, quiz\u00e1 mucho m\u00e1s alineada a lo que se sabe p\u00fablicamente de <strong><a href=\"https:\/\/www.paparazzi.com.ar\/teve\/por-que-masterchef-no-mostro-la-feroz-pelea-de-wanda-nara-y-la-joaqui\/\" rel=\"nofollow noopener\" target=\"_blank\">La Joaqui<\/a><\/strong>: su posible salida o renuncia de <strong>MasterChef<\/strong>.<\/p>\n<p>\u00bfSE VA? EL ENIGM\u00c1TICO POSTEO DE LA JOAQUI A D\u00cdAS DE SU PELEA CON WANDA NARA<\/p>\n<p>Es entonces que reflot\u00f3 una versi\u00f3n que ven\u00eda circulando desde hace d\u00edas: su fuerte discusi\u00f3n con Wanda Nara en plena grabaci\u00f3n de <strong>MasterChef<\/strong>. Majo Martino cont\u00f3 en SQP que la pelea entre <strong>La Joaqui<\/strong> y la conductora del programa estall\u00f3 durante la despedida de <strong>Valentina Cervantes<\/strong>, que renunci\u00f3 al ciclo para volver a Europa con <strong>Enzo Fern\u00e1ndez<\/strong>, su pareja.<\/p>\n<p>Seg\u00fan relat\u00f3 la panelista, el origen de la pelea fue por los supuestos mensajes que <strong>Wanda<\/strong> le envi\u00f3 al futbolista, lo que gener\u00f3 malestar dentro del grupo y termin\u00f3 en la renuncia de <strong>Valentina<\/strong>. La influencer dijo haber renunciado simplemente porque deb\u00eda volver a su vida en Londres, pero esta teor\u00eda de un conflicto con la medi\u00e1tica pone las cosas en otro orden.<\/p>\n<p>Por esa raz\u00f3n, cuando se dio dicha renuncia, <strong>La Joaqui <\/strong>explot\u00f3 y cruz\u00f3 a <strong>Wanda<\/strong>. \u201cLa Joaqui empatiz\u00f3 mucho con Valu Cervantes porque ella tambi\u00e9n ha sufrido, ha tenido temas de amor y de amores t\u00f3xicos\u201d, explic\u00f3 Majo. Hablamos de un clima muy tenso que todav\u00eda parece tener varios frentes abiertos, como una historia a\u00fan no resuelta del todo.<\/p>\n<p>Con este marco, el posteo de <strong>La Joaqui <\/strong>dej\u00f3 flotando una pregunta inevitable: \u00bfsu reflexi\u00f3n alud\u00eda a su v\u00ednculo personal, a su lugar dentro del reality o a ambos mundos que, como suele pasar, terminan mezcl\u00e1ndose? La trama amenaza con tener nuevos cap\u00edtulos.<\/p>\n<p><img decoding=\"async\" width=\"978\" height=\"323\" src=\"https:\/\/www.europesays.com\/es\/wp-content\/uploads\/2025\/11\/la-joaqui-1.png.webp.webp\" loading=\"lazy\" alt=\"\" class=\"wp-image-453272\"\/><\/p>\n<p>\t\t\t\u00a0\t\t\t<\/p>\n","protected":false},"excerpt":{"rendered":"En medio del cierre de un 2025 que ven\u00eda lleno de luces, \u00e9xitos y el auge de MasterChef,&hellip;\n","protected":false},"author":2,"featured_media":239316,"comment_status":"","ping_status":"","sticky":false,"template":"","format":"standard","meta":{"footnotes":""},"categories":[174],"tags":[255,146,147,25,24,256,55540,23,61760,35485],"class_list":{"0":"post-239315","1":"post","2":"type-post","3":"status-publish","4":"format-standard","5":"has-post-thumbnail","7":"category-famosos","8":"tag-celebrities","9":"tag-entertainment","10":"tag-entretenimiento","11":"tag-es","12":"tag-espana","13":"tag-famosos","14":"tag-la-joaqui","15":"tag-spain","16":"tag-valentina-cervantes","17":"tag-wanda-nara"},"share_on_mastodon":{"url":"https:\/\/pubeurope.com\/@es\/115560217918916562","error":""},"_links":{"self":[{"href":"https:\/\/www.europesays.com\/es\/wp-json\/wp\/v2\/posts\/239315","targetHints":{"allow":["GET"]}}],"collection":[{"href":"https:\/\/www.europesays.com\/es\/wp-json\/wp\/v2\/posts"}],"about":[{"href":"https:\/\/www.europesays.com\/es\/wp-json\/wp\/v2\/types\/post"}],"author":[{"embeddable":true,"href":"https:\/\/www.europesays.com\/es\/wp-json\/wp\/v2\/users\/2"}],"replies":[{"embeddable":true,"href":"https:\/\/www.europesays.com\/es\/wp-json\/wp\/v2\/comments?post=239315"}],"version-history":[{"count":0,"href":"https:\/\/www.europesays.com\/es\/wp-json\/wp\/v2\/posts\/239315\/revisions"}],"wp:featuredmedia":[{"embeddable":true,"href":"https:\/\/www.europesays.com\/es\/wp-json\/wp\/v2\/media\/239316"}],"wp:attachment":[{"href":"https:\/\/www.europesays.com\/es\/wp-json\/wp\/v2\/media?parent=239315"}],"wp:term":[{"taxonomy":"category","embeddable":true,"href":"https:\/\/www.europesays.com\/es\/wp-json\/wp\/v2\/categories?post=239315"},{"taxonomy":"post_tag","embeddable":true,"href":"https:\/\/www.europesays.com\/es\/wp-json\/wp\/v2\/tags?post=239315"}],"curies":[{"name":"wp","href":"https:\/\/api.w.org\/{rel}","templated":true}]}}