{"id":239319,"date":"2025-11-16T16:06:08","date_gmt":"2025-11-16T16:06:08","guid":{"rendered":"https:\/\/www.europesays.com\/es\/239319\/"},"modified":"2025-11-16T16:06:08","modified_gmt":"2025-11-16T16:06:08","slug":"el-director-de-venom-confiesa-el-mayor-desafio-de-la-saga-de-marvel-y-sony-y-era-el-que-pensabamos-no-podiamos-incluirlo-vandal","status":"publish","type":"post","link":"https:\/\/www.europesays.com\/es\/239319\/","title":{"rendered":"El director de &#039;Venom&#039; confiesa el mayor desaf\u00edo de la saga de Marvel y Sony y era el que pens\u00e1bamos: &#039;No pod\u00edamos incluirlo&#039; &#8211; Vandal"},"content":{"rendered":"<ol>\n<li><a href=\"https:\/\/news.google.com\/rss\/articles\/CBMi-wFBVV95cUxQcVBHcnNEZlJJYlI2UmJCYm02bHlTQ2dsLXI3NVYtSGRqU2Uxblh0UmZaU3VzQzVIQllFTENmX2ZrN2FPSkZLX2d5bG5oUm5PUERSNlRpRlAyRWp1Ty1SSVZBWXpXUGVWSXJvWWFIbm5Scy0zMk9NTmRON1QzYXlzUGwyai1YbnUxWEprT2hEbEIzQ2x0NzJyUTFXQ1RQeVBGc3lhMnU1ZDFBM0ZmZFNyUW1oNUFUM3ZUVGNWT05jWFFTQ0lkRkIta1ZxcUNUcXB0NmVScmFZNC1tT0FUbzlhb0NITEt6VlZuNk5DRWVpVXZnUHVxNmdyX09Ha9IBgAJBVV95cUxQS1paUS1La3ZZSG9MYVJlWEtnX2JyLTRESmxBMjB2anJXSTdkZUV0b2lXendsbGVDZXg3cFhsTW5MLVZTbWc0SlF0emlXczlLb0duancxMU1iNkdtWmVUMDR6X21pLWtzR09NOC1ZZmdNQ2FQWDBETkRBSWJTUEFzWDhPZ3ViWWlERUVxcUF1Z1pGVUUxS1RrdWcxZ0N5NUhOdXZLY0xkbTNZYkJjTG9sd3c5aDdjdVk4NkZOeTB6MUZabmlmbjcyandFTVRSczJnY1RmSXJHYTBTeF9vZnNjcUVqRE1yZHBJdGU4cXg0QWREc0NvOWtTeGV5RnZoeEpz?oc=5\" target=\"_blank\" rel=\"nofollow noopener\">El director de &#8216;Venom&#8217; confiesa el mayor desaf\u00edo de la saga de Marvel y Sony y era el que pens\u00e1bamos: &#8216;No pod\u00edamos incluirlo&#8217;<\/a>&nbsp;&nbsp;Vandal<\/li>\n<li><a href=\"https:\/\/news.google.com\/rss\/articles\/CBMixAFBVV95cUxPT29Wa0kydXM3bVBjNlJQV05wVTl2TW81XzRoeHNyR0J5MmI5WkRuNVE1MlJHcThvenRyOGQ1aXAwaG04d3daejdYVk5MN2NnaWstRnI3SktwSjRTVTBkVTZlS0RUMk9OUG5Dd0Rkcmk0OEttb2dQQ0s2UEFzUjBCSWhBQjdkT3lJekZocTZCYUVMVkhmaW5WRVA4NjZzZFJnNDZxS2JvTFZDaGJJNFUzZzd6d0xJSENWd0VJdFY0QUFPRWNw?oc=5\" target=\"_blank\" rel=\"nofollow noopener\">Ni Spider-Man ni ara\u00f1as, estas fueron las l\u00edneas rojas de Sony con la trilog\u00eda \u2018Venom\u2019<\/a>&nbsp;&nbsp;Diario AS<\/li>\n<li><a href=\"https:\/\/news.google.com\/rss\/articles\/CBMixAFBVV95cUxQWjZDc0dOU2liZzFheUprdkV0Q2VkQnozelo0cm5GaEx6Z0U3bjJ5YUE5T2p6T0RGZF80RG9nSjJlSmFPcGtzQ1NDaFgtLVUxMldfWWZ6a2hMVnk5TDBia2VwNWNvVnVhbUtwcXFiSHprb083QnNwZ3d1X0tNOVgwOXR5a25XU2YtODNNbkVPcUtsdHJkQmdEYmZfMXpUOE0wXzhtcTk2dlk3aXpzOTR6N0t0VTROSHVDdTJ4bnBldW5MYk1K?oc=5\" target=\"_blank\" rel=\"nofollow noopener\">Sony no ha parado de lanzarse piedras a su propio tejado y la \u00faltima versi\u00f3n de Venom es uno de los mejores ejemplos<\/a>&nbsp;&nbsp;VidaExtra<\/li>\n<li><a href=\"https:\/\/news.google.com\/rss\/articles\/CBMifEFVX3lxTE96QkhmbGFVOXZMeEFSM2VXa2RRc05sWUFKMnhkNENoRm9JSjNncmhJYXVvUEdnc3lOXzZaNjNjT1RkX0poS3R5ZF9ZZGRGUk1zTUh5MS1BYm93X3d0NDVlZ1VJdkU1aWhaTXBKUjhtNXlnOFNNRzZTa3hxX24?oc=5\" target=\"_blank\" rel=\"nofollow noopener\">Sony impuso duras restricciones al director de Venom con Spider-Man<\/a>&nbsp;&nbsp;Cinemascomics.com<\/li>\n<\/ol>\n","protected":false},"excerpt":{"rendered":"El director de &#8216;Venom&#8217; confiesa el mayor desaf\u00edo de la saga de Marvel y Sony y era el&hellip;\n","protected":false},"author":2,"featured_media":233937,"comment_status":"","ping_status":"","sticky":false,"template":"","format":"standard","meta":{"footnotes":""},"categories":[169],"tags":[177,146,147,25,24,176,175,23],"class_list":{"0":"post-239319","1":"post","2":"type-post","3":"status-publish","4":"format-standard","5":"has-post-thumbnail","7":"category-cine","8":"tag-cine","9":"tag-entertainment","10":"tag-entretenimiento","11":"tag-es","12":"tag-espana","13":"tag-film","14":"tag-movies","15":"tag-spain"},"share_on_mastodon":{"url":"https:\/\/pubeurope.com\/@es\/115560237321771546","error":""},"_links":{"self":[{"href":"https:\/\/www.europesays.com\/es\/wp-json\/wp\/v2\/posts\/239319","targetHints":{"allow":["GET"]}}],"collection":[{"href":"https:\/\/www.europesays.com\/es\/wp-json\/wp\/v2\/posts"}],"about":[{"href":"https:\/\/www.europesays.com\/es\/wp-json\/wp\/v2\/types\/post"}],"author":[{"embeddable":true,"href":"https:\/\/www.europesays.com\/es\/wp-json\/wp\/v2\/users\/2"}],"replies":[{"embeddable":true,"href":"https:\/\/www.europesays.com\/es\/wp-json\/wp\/v2\/comments?post=239319"}],"version-history":[{"count":0,"href":"https:\/\/www.europesays.com\/es\/wp-json\/wp\/v2\/posts\/239319\/revisions"}],"wp:featuredmedia":[{"embeddable":true,"href":"https:\/\/www.europesays.com\/es\/wp-json\/wp\/v2\/media\/233937"}],"wp:attachment":[{"href":"https:\/\/www.europesays.com\/es\/wp-json\/wp\/v2\/media?parent=239319"}],"wp:term":[{"taxonomy":"category","embeddable":true,"href":"https:\/\/www.europesays.com\/es\/wp-json\/wp\/v2\/categories?post=239319"},{"taxonomy":"post_tag","embeddable":true,"href":"https:\/\/www.europesays.com\/es\/wp-json\/wp\/v2\/tags?post=239319"}],"curies":[{"name":"wp","href":"https:\/\/api.w.org\/{rel}","templated":true}]}}