{"id":239320,"date":"2025-11-16T16:07:13","date_gmt":"2025-11-16T16:07:13","guid":{"rendered":"https:\/\/www.europesays.com\/es\/239320\/"},"modified":"2025-11-16T16:07:13","modified_gmt":"2025-11-16T16:07:13","slug":"donde-ver-online-y-en-television-a-carlos-alcaraz-hoy-en-la-final-de-la-atp-finals-y-a-que-hora-juega-el-partido-contra-jannik-sinner","status":"publish","type":"post","link":"https:\/\/www.europesays.com\/es\/239320\/","title":{"rendered":"D\u00f3nde ver online y en televisi\u00f3n a Carlos Alcaraz hoy en la final de la ATP Finals y a qu\u00e9 hora juega el partido contra Jannik Sinner"},"content":{"rendered":"<p style=\"\">Ya est\u00e1 aqu\u00ed. El partido que se esperaba. La final que se deseaba. <strong>Carlos Alcaraz y Jannik Sinner<\/strong> de nuevo enfrentados por un t\u00edtulo. Esta Copa de Maestros que el italiano gan\u00f3 el a\u00f1o pasado y que el espa\u00f1ol ans\u00eda para reconfirmar que todo  &#8230; se puede lograr a su manera.<\/p>\n<p class=\"voc-p\" style=\"\">Tiene Alcaraz delante el reto de los retos. Como era Rafael Nadal en tierra batida y Roger Federer en hierba, es ahora Sinner en pista r\u00e1pida bajo techo. Treinta triunfos consecutivos. Vertiginoso, c\u00f3modo y superior en esta superficie en la que tiene el control absoluto de la pelota, que solo se dirige donde \u00e9l quiere porque no hay sol ni viento ni nada que la perturbe. Adem\u00e1s, su estilo plano, directo, sin conjeturas ni concesiones.<\/p>\n<p class=\"voc-p\" style=\"\">Uno y otro se necesitan, porque sacan lo mejor de ellos mismos en cada encuentro y toman notas para mejorar, ganen o pierdan, en el siguiente. As\u00ed se han hecho infranqueables para el resto, como si fueran los &#8216;sparrings&#8217; que requiere su rivalidad.<\/p>\n<p class=\"voc-p\" style=\"\">As\u00ed ve esta final Roberto Carretero: \u00abSinner es el que juega en casa, con mucho m\u00e1s p\u00fablico a su favor. Tiene hacia su lado tambi\u00e9n las condiciones de la pista, la confianza, la racha que lleva, y haber ganado ya aqu\u00ed. Pero a un partido, en semifinales o en la final, Alcaraz ha demostrado que puede ganarle a cualquiera. Y ya no tiene la presi\u00f3n del n\u00famero 1, as\u00ed que estar\u00e1 liberado\u00bb.<\/p>\n<p class=\"voc-p\" style=\"\">Es un 10-5 a favor de Alcaraz, un 4-1 en este curso en el que solo se han visto en finales. Solo en dos torneos en los que ambos estaban apuntados no comparecieron el \u00faltimo d\u00eda: el Abierto de Australia y Par\u00eds, ambos por dem\u00e9rito del espa\u00f1ol. Pero Carretero tambi\u00e9n subraya que cada duelo entre ambos es un mundo. Que est\u00e1 esa final ganada en Roland Garros por el murciano con tres bolas de partido en contra, y esa paliza del italiano en Wimbledon solo un mes despu\u00e9s; y esa reconquista de la pista dura del espa\u00f1ol en el US Open. Y que, como suced\u00eda entre Nadal y Federer y Nadal y Djokovic y Djokovic y Nadal, son un microcosmos en el que tambi\u00e9n influye el respeto: \u00abEn el cara a cara parece que Sinner le tiene algo m\u00e1s de respeto que al rev\u00e9s, porque Carlos le ha robado partidos importantes, le ha hecho sufrir, le saca de la l\u00ednea de fondo con dejadas, con bolas altas, es capaz de marearlo y quitarle ese tenis directo, donde \u00e9l lleva los partidos a su estilo\u00bb, incide el extenista.<\/p>\n<p class=\"voc-p\" style=\"\">Alcaraz, 22 a\u00f1os, suma 24 trofeos, seis Grand Slams. En este 2025, ocho t\u00edtulos, con Roland Garros y US Open. Son 71 victorias y solo ocho derrotas. Diez finales de las que ha ganado ocho. Y n\u00famero 1 del mundo para cerrar la temporada. Sinner, 24 a\u00f1os, ya alcanza los 23 t\u00edtulos, cinco Grand Slams. Tambi\u00e9n cinco torneos ha ganado este a\u00f1o, en el que volvi\u00f3 a conquistar el Abierto de Australia y levant\u00f3 su primer Wimbledon. Acumula 57 victorias y solo tres derrotas, y esos tres meses de suspensi\u00f3n por dopaje de febrero a mayo.<\/p>\n<p class=\"voc-p\" style=\"\">As\u00ed, un nuevo duelo que nada tiene que ver con los anteriores, pero que s\u00ed tiene mucho de los anteriores. Que se necesitan y se mejoran.<\/p>\n<p>\nA qu\u00e9 hora juega Alcaraz la final de la Copa de Maestros\n<\/p>\n<p class=\"voc-p\" style=\"\">El partido entre Carlos Alcaraz y Jannik Sinner est\u00e1 programado para este domingo 16 de noviembre. La gran final comenzar\u00e1 <strong>a las 18.00 horas<\/strong>.<\/p>\n<p>\nD\u00f3nde ver online y en televisi\u00f3n el partido de Alcaraz hoy en las ATP Finals\n<\/p>\n<p class=\"voc-p\" style=\"\">El partido entre Alcaraz y Sinner se emite por <strong>Movistar+<\/strong>, plataforma que tiene los derechos de las ATP Finals. <\/p>\n<p class=\"voc-p\" style=\"\">Y podr\u00e1 seguir el minuto a minuto y toda la informaci\u00f3n sobre el torneo en ABC.es<\/p>\n","protected":false},"excerpt":{"rendered":"Ya est\u00e1 aqu\u00ed. El partido que se esperaba. La final que se deseaba. Carlos Alcaraz y Jannik Sinner&hellip;\n","protected":false},"author":2,"featured_media":238457,"comment_status":"","ping_status":"","sticky":false,"template":"","format":"standard","meta":{"footnotes":""},"categories":[93],"tags":[4736,1691,4632,168,25,24,1058,57896,319,315,133,4466,23,167,807,809],"class_list":{"0":"post-239320","1":"post","2":"type-post","3":"status-publish","4":"format-standard","5":"has-post-thumbnail","7":"category-deportes","8":"tag-alcaraz","9":"tag-atp","10":"tag-canal","11":"tag-deportes","12":"tag-es","13":"tag-espana","14":"tag-final","15":"tag-finals","16":"tag-horario","17":"tag-hoy","18":"tag-online","19":"tag-sinner","20":"tag-spain","21":"tag-sports","22":"tag-television","23":"tag-ver"},"share_on_mastodon":{"url":"https:\/\/pubeurope.com\/@es\/115560241155234083","error":""},"_links":{"self":[{"href":"https:\/\/www.europesays.com\/es\/wp-json\/wp\/v2\/posts\/239320","targetHints":{"allow":["GET"]}}],"collection":[{"href":"https:\/\/www.europesays.com\/es\/wp-json\/wp\/v2\/posts"}],"about":[{"href":"https:\/\/www.europesays.com\/es\/wp-json\/wp\/v2\/types\/post"}],"author":[{"embeddable":true,"href":"https:\/\/www.europesays.com\/es\/wp-json\/wp\/v2\/users\/2"}],"replies":[{"embeddable":true,"href":"https:\/\/www.europesays.com\/es\/wp-json\/wp\/v2\/comments?post=239320"}],"version-history":[{"count":0,"href":"https:\/\/www.europesays.com\/es\/wp-json\/wp\/v2\/posts\/239320\/revisions"}],"wp:featuredmedia":[{"embeddable":true,"href":"https:\/\/www.europesays.com\/es\/wp-json\/wp\/v2\/media\/238457"}],"wp:attachment":[{"href":"https:\/\/www.europesays.com\/es\/wp-json\/wp\/v2\/media?parent=239320"}],"wp:term":[{"taxonomy":"category","embeddable":true,"href":"https:\/\/www.europesays.com\/es\/wp-json\/wp\/v2\/categories?post=239320"},{"taxonomy":"post_tag","embeddable":true,"href":"https:\/\/www.europesays.com\/es\/wp-json\/wp\/v2\/tags?post=239320"}],"curies":[{"name":"wp","href":"https:\/\/api.w.org\/{rel}","templated":true}]}}