{"id":239324,"date":"2025-11-16T16:10:16","date_gmt":"2025-11-16T16:10:16","guid":{"rendered":"https:\/\/www.europesays.com\/es\/239324\/"},"modified":"2025-11-16T16:10:16","modified_gmt":"2025-11-16T16:10:16","slug":"el-arn-mas-antiguo-del-mundo-extraido-de-un-mamut-lanudo-de-hace-40-000-anos","status":"publish","type":"post","link":"https:\/\/www.europesays.com\/es\/239324\/","title":{"rendered":"El ARN m\u00e1s antiguo del mundo, extra\u00eddo de un mamut lanudo de hace 40.000 a\u00f1os"},"content":{"rendered":"<p>\n        El <strong>ARN<\/strong> se cre\u00eda que era demasiado fr\u00e1gil para sobrevivir poco tiempo m\u00e1s all\u00e1 de la muerte. Sin embargo, un <strong>equipo cient\u00edfico ha logrado, por primera vez, aislar y secuenciar esta mol\u00e9cula procedente de un<\/strong><a href=\"https:\/\/www.noticiasdegipuzkoa.eus\/ciencia-y-tecnologia\/2024\/07\/11\/hallados-primeros-fosiles-cromosomas-mamut-8469304.html\" title=\"mamut lanudo\" class=\"link copy\" rel=\"nofollow noopener\" target=\"_blank\"> mamut lanudo<\/a> que vivi\u00f3 hace unos <strong>40.000 a\u00f1os<\/strong>, durante la <strong>Edad de Hielo<\/strong>.\n<\/p>\n<p class=\"article-body__text \">\n        El <strong>\u00e1cido ribonucleico (ARN)<\/strong>, presente en todas las c\u00e9lulas vivas y con similitudes estructurales con el <strong>ADN<\/strong>, es esencial para la <strong>s\u00edntesis de prote\u00ednas<\/strong> y para la <strong>expresi\u00f3n y regulaci\u00f3n de los genes<\/strong> en las c\u00e9lulas.\n<\/p>\n<p class=\"article-body__text \">\n        Las <strong>mol\u00e9culas de ARN aisladas y secuenciadas ahora son las m\u00e1s antiguas recuperadas<\/strong> y proceden de <strong>tejido muscular de Yuka<\/strong>, una cr\u00eda de mamut que muri\u00f3 hace aproximadamente <strong>40.000 a\u00f1os<\/strong> y cuyos restos se conservaron en el <strong>permafrost de Siberia<\/strong>.\n<\/p>\n<p class=\"article-body__text \">\n        Un estudio publicado en <strong>Cell<\/strong> y encabezado por la <strong>Universidad de Estocolmo<\/strong> muestra que <strong>no solo el ADN puede preservarse durante largos periodos<\/strong>, sino tambi\u00e9n el <strong>ARN<\/strong>, lo que da nuevas perspectivas sobre la biolog\u00eda de <strong>especies extintas<\/strong>.\n<\/p>\n<p class=\"article-body__text \">\n        El <strong>ARN<\/strong> tiene una <strong>vida media de minutos a algunas horas<\/strong>, \u00abpor eso decimos que estamos viendo el <strong>estatus f\u00edsico y metab\u00f3lico del m\u00fasculo de Yuka poco antes de morir<\/strong>\u00ab, dijo a EFE <strong>Emilio M\u00e1rmol<\/strong>, primer firmante del art\u00edculo.\n<\/p>\n<p class=\"article-body__text \">\n        \u00abEsa es una informaci\u00f3n que no se puede obtener \u00fanicamente usando ADN\u00bb, agreg\u00f3 M\u00e1rmol, que comenz\u00f3 la investigaci\u00f3n en la <strong>Universidad de Estocolmo<\/strong> y la complet\u00f3 en el <strong>Globe Institute de Copenhague<\/strong>.\n<\/p>\n<p>  Marcadores moleculares de estr\u00e9s<\/p>\n<p class=\"article-body__text \">\n        Los investigadores detectaron <strong>marcadores moleculares de estr\u00e9s<\/strong> en la <strong>expresi\u00f3n g\u00e9nica muscular de Yuka<\/strong>, \u00ablo que podr\u00eda coincidir con las marcas encontradas\u00bb en su cuerpo que indican que fue <strong>herido o cazado por alg\u00fan depredador<\/strong>, posiblemente <strong>leones de las cavernas<\/strong>.\n<\/p>\n<p class=\"article-body__text \">\n        No obstante, esos <strong>marcadores de estr\u00e9s<\/strong> tambi\u00e9n podr\u00edan deberse al <strong>proceso de la muerte<\/strong>, es decir, \u00ablas c\u00e9lulas est\u00e1n estresadas porque est\u00e1n muriendo, o bien una combinaci\u00f3n de ambos factores\u00bb, consider\u00f3 M\u00e1rmol.\n<\/p>\n<p class=\"article-body__text \">\n        Adem\u00e1s, encontraron <strong>ARN que codifica gran parte de los componentes estructurales del m\u00fasculo<\/strong> y <strong>microARNs reguladores<\/strong>, que muestran <strong>qu\u00e9 procesos metab\u00f3licos estaban siendo activamente regulados<\/strong> en los \u00faltimos momentos de vida de <strong>Yuka<\/strong>.\n<\/p>\n<p class=\"article-body__text \">\n        La persistencia del <strong>ARN<\/strong> durante m\u00e1s tiempo del que se cre\u00eda sugiere que ser\u00eda posible <strong>secuestrar virus de ARN<\/strong>, como los de la <strong>gripe<\/strong> o los <a href=\"https:\/\/www.noticiasdegipuzkoa.eus\/salud\/2025\/10\/16\/descubren-murcielagos-coronavirus-similar-provoco-10225060.html\" title=\"coronavirus\" class=\"link copy\" rel=\"nofollow noopener\" target=\"_blank\">coronavirus<\/a>, conservados en restos de la <strong>Edad de Hielo<\/strong>, seg\u00fan <strong>Love Dal\u00e9n<\/strong>, tambi\u00e9n firmante del art\u00edculo.\n<\/p>\n<p class=\"article-body__text \">\n        El estudio de <strong>virus ARN en especies antiguas<\/strong>, si se encuentran individuos que murieron infectados, permitir\u00eda <strong>trazar el origen evolutivo de esos virus<\/strong>, entender c\u00f3mo cambian y evolucionan, o incluso descubrir <strong>or\u00edgenes de pandemias pasadas<\/strong>, explic\u00f3 M\u00e1rmol.\n<\/p>\n<p>  Futuro de la investigaci\u00f3n<\/p>\n<p class=\"article-body__text \">\n        Los investigadores esperan realizar <strong>estudios que combinen ARN prehist\u00f3rico con <\/strong><a href=\"https:\/\/www.noticiasdegipuzkoa.eus\/tags\/adn\/\" title=\"ADN\" class=\"link copy\" rel=\"nofollow noopener\" target=\"_blank\"><strong>ADN<\/strong><\/a><strong>, prote\u00ednas y otras biomol\u00e9culas<\/strong>, lo que <strong>podr\u00eda transformar radicalmente nuestra comprensi\u00f3n de la megafauna extinta<\/strong>, revelando <strong>capas ocultas de la biolog\u00eda<\/strong> que han permanecido congeladas en el tiempo.\n<\/p>\n<p>  Movido por la curiosidad<\/p>\n<p class=\"article-body__text \">\n        Hasta ahora, se pensaba que el <strong>ARN no se conservaba durante mucho tiempo<\/strong>. A M\u00e1rmol, fascinado desde ni\u00f1o por los <strong>dinosaurios y la Edad de Hielo<\/strong>, le movi\u00f3 <strong>la curiosidad<\/strong> de comprobar si era posible su conservaci\u00f3n.\n<\/p>\n<p class=\"article-body__text \">\n        \u00abEs un hecho comprobado\u00bb que el <strong>ARN<\/strong>, sin <strong>medidas de esterilidad y fr\u00edo<\/strong>, se degrada casi por completo en pocas horas, pero con ciertas circunstancias (fr\u00edo y desecaci\u00f3n), tanto el <strong>ADN como el ARN<\/strong> pueden conservarse durante mucho tiempo.\n<\/p>\n<p class=\"article-body__text \">\n        Los <strong>modelos matem\u00e1ticos<\/strong> indican que el <strong>ADN m\u00e1s antiguo<\/strong> que se podr\u00eda secuenciar tendr\u00eda unos <strong>7 millones de a\u00f1os<\/strong>. El <strong>r\u00e9cord actual<\/strong> est\u00e1 en <strong>2 millones de a\u00f1os para ADN de bacterias en sedimentos<\/strong> y <strong>1 mill\u00f3n de a\u00f1os para ADN de mamuts<\/strong>. En el caso del <strong>ARN<\/strong>, con el que trabajar es \u00abmucho m\u00e1s delicado\u00bb, se carece de <strong>datos suficientes para modelarlo con precisi\u00f3n<\/strong>, pero seguramente haya <strong>muestras a\u00fan sin analizar con ARN m\u00e1s antiguo<\/strong> que el reportado.<\/p>\n","protected":false},"excerpt":{"rendered":"El ARN se cre\u00eda que era demasiado fr\u00e1gil para sobrevivir poco tiempo m\u00e1s all\u00e1 de la muerte. Sin&hellip;\n","protected":false},"author":2,"featured_media":239325,"comment_status":"","ping_status":"","sticky":false,"template":"","format":"standard","meta":{"footnotes":""},"categories":[81],"tags":[23769,119,123,124,25,24,61761,61270,61269,117,121,122,23,118,120],"class_list":{"0":"post-239324","1":"post","2":"type-post","3":"status-publish","4":"format-standard","5":"has-post-thumbnail","7":"category-ciencia-y-tecnologia","8":"tag-arn","9":"tag-ciencia","10":"tag-ciencia-y-tecnologia","11":"tag-cienciaytecnologia","12":"tag-es","13":"tag-espana","14":"tag-extraido","15":"tag-lanudo","16":"tag-mamut","17":"tag-science","18":"tag-science-and-technology","19":"tag-scienceandtechnology","20":"tag-spain","21":"tag-technology","22":"tag-tecnologia"},"share_on_mastodon":{"url":"https:\/\/pubeurope.com\/@es\/115560252985498661","error":""},"_links":{"self":[{"href":"https:\/\/www.europesays.com\/es\/wp-json\/wp\/v2\/posts\/239324","targetHints":{"allow":["GET"]}}],"collection":[{"href":"https:\/\/www.europesays.com\/es\/wp-json\/wp\/v2\/posts"}],"about":[{"href":"https:\/\/www.europesays.com\/es\/wp-json\/wp\/v2\/types\/post"}],"author":[{"embeddable":true,"href":"https:\/\/www.europesays.com\/es\/wp-json\/wp\/v2\/users\/2"}],"replies":[{"embeddable":true,"href":"https:\/\/www.europesays.com\/es\/wp-json\/wp\/v2\/comments?post=239324"}],"version-history":[{"count":0,"href":"https:\/\/www.europesays.com\/es\/wp-json\/wp\/v2\/posts\/239324\/revisions"}],"wp:featuredmedia":[{"embeddable":true,"href":"https:\/\/www.europesays.com\/es\/wp-json\/wp\/v2\/media\/239325"}],"wp:attachment":[{"href":"https:\/\/www.europesays.com\/es\/wp-json\/wp\/v2\/media?parent=239324"}],"wp:term":[{"taxonomy":"category","embeddable":true,"href":"https:\/\/www.europesays.com\/es\/wp-json\/wp\/v2\/categories?post=239324"},{"taxonomy":"post_tag","embeddable":true,"href":"https:\/\/www.europesays.com\/es\/wp-json\/wp\/v2\/tags?post=239324"}],"curies":[{"name":"wp","href":"https:\/\/api.w.org\/{rel}","templated":true}]}}