{"id":239344,"date":"2025-11-16T16:25:08","date_gmt":"2025-11-16T16:25:08","guid":{"rendered":"https:\/\/www.europesays.com\/es\/239344\/"},"modified":"2025-11-16T16:25:08","modified_gmt":"2025-11-16T16:25:08","slug":"llega-a-espana-el-cuadro-que-esconde-el-deseo-de-picasso-el-mundo","status":"publish","type":"post","link":"https:\/\/www.europesays.com\/es\/239344\/","title":{"rendered":"Llega a Espa\u00f1a el cuadro que esconde el deseo de Picasso &#8211; El Mundo"},"content":{"rendered":"<ol>\n<li><a href=\"https:\/\/news.google.com\/rss\/articles\/CBMif0FVX3lxTE9kZ3NVaWc5ZDJ4aTJkVnZjOVdQWTVuZ19vVmZzTGY2YjBkczZIUEhnY3l1blJnazRoUjVWdUV3TkIwTUh0OFJsNDV0Q1ZXeDBpRktVVnJPNTdmS2VBWUJxVmtVUUNUQ3hXT2xrVWYzVWhPVHQ2cllmdVl2NG1HX0XSAX9BVV95cUxQN0RmTF9nUHpseEJ5cmZObms1N1pmQklPUHFjMDMzVFQzNm03cG5tclFGMXlxcHZ6MG9JMVpCOUx2M2R1Y3hCTzRjUDZ1NjBYMEJTSzdCbXBIUGw0ckE1XzhTWURxSFZOLTVzdlh6TlBtdFY1bW90OFp0VmhUa01Z?oc=5\" target=\"_blank\" rel=\"nofollow noopener\">Llega a Espa\u00f1a el cuadro que esconde el deseo de Picasso<\/a>&nbsp;&nbsp;El Mundo<\/li>\n<li><a href=\"https:\/\/news.google.com\/rss\/articles\/CBMijwFBVV95cUxNRTEwUUlCY1ZyQkltZVR2MVZ4YzFlUEdJdnBhcEFJSWZTVGRMTGhhX0tjUW9STGp2NGY0M0tIaS05RjdJOGNTMGJtd3BnTTZUQnViQ1hzeExPbVZ6RU94MUgwLVNKbnBEaEtXd1U2ZUs4djR2R1gzUzZiank5ZG1Lcmd5WnpqTE15Z0FGNzN6cw?oc=5\" target=\"_blank\" rel=\"nofollow noopener\">En 1925, un Picasso \u00abdemasiado humano\u00bb y en crisis ya intuy\u00f3 los conflictos de los a\u00f1os 30 y 40<\/a>&nbsp;&nbsp;El Confidencial<\/li>\n<li><a href=\"https:\/\/news.google.com\/rss\/articles\/CBMiuwFBVV95cUxQN1JBWVFPSTdhSTdCekdhVUFiZDI3cVVVcjJUYUJtaUxjUk5abHFSYUZhUy1TeUF4MXVvX2QwU04wSGFMVU1Cb2RQTFVKYzVsMHB2UXYyQ1YzM2pORGRlcnJldmw4Ni1OWlJtQVhsUGw3LTBRM0JFQTBPU24teDFYY3l5WDlXeFR2MEtkLVA2UUpuSTIyMTJPc0VqZ1FKV1VQenlzbl9Fb2VsY0ozUGcyV3gyT05IS1UyWWsw?oc=5\" target=\"_blank\" rel=\"nofollow noopener\">El Museo Picasso M\u00e1laga se transforma para revisar el enfrentamiento de Picasso con su padre<\/a>&nbsp;&nbsp;Diario Sur<\/li>\n<li><a href=\"https:\/\/news.google.com\/rss\/articles\/CBMiywFBVV95cUxOWXluS3d5Q1A0Zk9yZXN3Qi1PVzIzRXdrS2Ixa3RwZjZLaTU0NVV3eTZLWWZhcjZLVTRGZkp1NW5yMDJrcmdxQXhSaThBUHJkZnk2a2dCRVJ4dnNYYUpjN1FiZlQtUTFpWHhxWExsSHNhM01vdG1Lc3dKS1p2Q1Z2TFVIU2hBNktxejM5OHNuQXdZaHE4T1dKREN4OW1jN3NtamEzWXFJUURYNzNCZmg2Wm12bC1yX1N6eGNKcXRZUG5mbm03a3h0VF81Y9IBywFBVV95cUxOTl80Mm9ZRERON3JESGctTUFVUlFBdFhZVFFqSmVOb0wyVGpTUVJqNktQQUp6RWh3b0NkaFNEZHczTkpjSTA4V01uSnFrVHpuTHhQMlZUUVB4cWhQdEVEVFRZWkt4N282SHdCck52RV9ob3RpUkVwR3ppYkVJNWhRR1cyTUt4UDljUFd2T0ZHTE5XUnh6QUpLMHpFMHRtQlZZMUxBQWZDQlF5NmlHQ0xtNWNNcVdKUGxIb2xTTEJaeHlGd0lWTE1DQ3Z2NA?oc=5\" target=\"_blank\" rel=\"nofollow noopener\">Dal\u00ed, Man Ray y Magritte unen su arte al de Picasso en la nueva exposici\u00f3n del Museo Picasso M\u00e1laga<\/a>&nbsp;&nbsp;MARCA<\/li>\n<li><a href=\"https:\/\/news.google.com\/rss\/articles\/CBMinAFBVV95cUxPZF9HUl9wWVk1dXk4ZmZCcFhGVmVMb0d2MFVhS0hCU0JKc09YMFdyTUswem9kSk53RXBCRGFNbWhoM01Yb0lUNFB2M3FZWW1pVmU3aWRBVlIwQ3RZV0JXYk5JWjFVRTg0Sm05eUdTeFFUOHkzSFRvVEJNc1FYMThselNVbXlRc2hzUkNjQUtQbEZRUU5xY3FxanJCUEE?oc=5\" target=\"_blank\" rel=\"nofollow noopener\">1925, un Picasso demasiado humano<\/a>&nbsp;&nbsp;ABC<\/li>\n<\/ol>\n","protected":false},"excerpt":{"rendered":"Llega a Espa\u00f1a el cuadro que esconde el deseo de Picasso&nbsp;&nbsp;El Mundo En 1925, un Picasso \u00abdemasiado humano\u00bb&hellip;\n","protected":false},"author":2,"featured_media":239345,"comment_status":"","ping_status":"","sticky":false,"template":"","format":"standard","meta":{"footnotes":""},"categories":[173],"tags":[229,233,231,230,209,232,234,146,147,25,24,30678,3855,23],"class_list":{"0":"post-239344","1":"post","2":"type-post","3":"status-publish","4":"format-standard","5":"has-post-thumbnail","7":"category-arte-y-diseno","8":"tag-arte","9":"tag-arte-y-diseno","10":"tag-arts","11":"tag-arts-and-design","12":"tag-cultura","13":"tag-design","14":"tag-diseno","15":"tag-entertainment","16":"tag-entretenimiento","17":"tag-es","18":"tag-espana","19":"tag-la-lectura","20":"tag-malaga","21":"tag-spain"},"share_on_mastodon":{"url":"https:\/\/pubeurope.com\/@es\/115560311903258787","error":""},"_links":{"self":[{"href":"https:\/\/www.europesays.com\/es\/wp-json\/wp\/v2\/posts\/239344","targetHints":{"allow":["GET"]}}],"collection":[{"href":"https:\/\/www.europesays.com\/es\/wp-json\/wp\/v2\/posts"}],"about":[{"href":"https:\/\/www.europesays.com\/es\/wp-json\/wp\/v2\/types\/post"}],"author":[{"embeddable":true,"href":"https:\/\/www.europesays.com\/es\/wp-json\/wp\/v2\/users\/2"}],"replies":[{"embeddable":true,"href":"https:\/\/www.europesays.com\/es\/wp-json\/wp\/v2\/comments?post=239344"}],"version-history":[{"count":0,"href":"https:\/\/www.europesays.com\/es\/wp-json\/wp\/v2\/posts\/239344\/revisions"}],"wp:featuredmedia":[{"embeddable":true,"href":"https:\/\/www.europesays.com\/es\/wp-json\/wp\/v2\/media\/239345"}],"wp:attachment":[{"href":"https:\/\/www.europesays.com\/es\/wp-json\/wp\/v2\/media?parent=239344"}],"wp:term":[{"taxonomy":"category","embeddable":true,"href":"https:\/\/www.europesays.com\/es\/wp-json\/wp\/v2\/categories?post=239344"},{"taxonomy":"post_tag","embeddable":true,"href":"https:\/\/www.europesays.com\/es\/wp-json\/wp\/v2\/tags?post=239344"}],"curies":[{"name":"wp","href":"https:\/\/api.w.org\/{rel}","templated":true}]}}