{"id":239360,"date":"2025-11-16T16:35:10","date_gmt":"2025-11-16T16:35:10","guid":{"rendered":"https:\/\/www.europesays.com\/es\/239360\/"},"modified":"2025-11-16T16:35:10","modified_gmt":"2025-11-16T16:35:10","slug":"noboa-anuncia-la-captura-del-narco-mas-buscado-de-ecuador-dw-16-11-2025","status":"publish","type":"post","link":"https:\/\/www.europesays.com\/es\/239360\/","title":{"rendered":"Noboa anuncia la captura del narco m\u00e1s buscado de Ecuador \u2013 DW \u2013 16\/11\/2025"},"content":{"rendered":"<p>El presidente de <a class=\"internal-link\" href=\"https:\/\/www.dw.com\/es\/ecuador\/t-17411922\" rel=\"nofollow noopener\" target=\"_blank\">Ecuador<\/a>, <a class=\"internal-link\" href=\"https:\/\/www.dw.com\/es\/noboa-daniel\/t-67524363\" rel=\"nofollow noopener\" target=\"_blank\">Daniel Noboa<\/a>, inform\u00f3 este domingo (16.11.2025) de la captura de Wilmer &#8216;Pipo&#8217; Chavarr\u00eda, jefe de la mayor banda narcotraficante del pa\u00eds conocida como Los Lobos, en plena <a class=\"internal-link\" href=\"https:\/\/www.dw.com\/es\/arranca-refer\u00e9ndum-en-ecuador-sobre-reforma-constitucional\/a-74765729\" rel=\"nofollow noopener\" target=\"_blank\">jornada electoral de un referendo<\/a> que ha planteado como clave para enfrentar el crimen. El grupo se dedica al <a class=\"internal-link\" href=\"https:\/\/www.dw.com\/es\/narcotr\u00e1fico\/t-17409535\" rel=\"nofollow noopener\" target=\"_blank\">narcotr\u00e1fico<\/a>, el sicariato y la miner\u00eda ilegal de oro, y tambi\u00e9n ha sido vinculado al <a class=\"internal-link\" href=\"https:\/\/www.dw.com\/es\/ecuador-34-a\u00f1os-de-c\u00e1rcel-para-asesinos-de-villavicencio\/a-69649753\" rel=\"nofollow noopener\" target=\"_blank\">asesinato en 2023 del candidato presidencial<\/a> Fernando Villavicencio.<\/p>\n<blockquote class=\"tweet embed\" data-id=\"1990030648287858909\"\/>\n<p>El ministro de Defensa, John Reimberg, indic\u00f3 en la misma red social que la detenci\u00f3n tuvo lugar en Espa\u00f1a. Chavarr\u00eda \u00abes responsable de al menos 400 muertes\u00bb, a\u00f1adi\u00f3. Los Lobos es considerada la mayor banda criminal del pa\u00eds. Y Chavarr\u00eda se hab\u00eda convertido en el m\u00e1s buscado tras la recaptura en mayo del narcotraficante Jos\u00e9 Adolfo Mac\u00edas Villamar (alias, &#8216;Fito&#8217;), l\u00edder del grupo rival Los Choneros, <a class=\"internal-link\" href=\"https:\/\/www.dw.com\/es\/extraditan-a-estados-unidos-a-alias-fito-el-mayor-narcotraficante-de-ecuador\/a-73345163\" rel=\"nofollow noopener\" target=\"_blank\">extraditado a Estados Unidos<\/a>, y a su lugarteniente, <a class=\"internal-link\" href=\"https:\/\/www.dw.com\/es\/detienen-al-lugarteniente-del-mayor-narco-de-ecuador\/a-73988018\" rel=\"nofollow noopener\" target=\"_blank\">detenido en septiembre<\/a>.<\/p>\n<blockquote class=\"tweet embed\" data-id=\"1990042592529031197\"\/>\n<p>Un grupo criminal en expansi\u00f3n<\/p>\n<p>Los Lobos incrementaron su radio de acci\u00f3n y diversificaron sus actividades al incursionar tambi\u00e9n con fuerza en la miner\u00eda ilegal y crear, tambi\u00e9n de acuerdo a las autoridades, alianzas con disidencias de las Fuerzas Armadas Revolucionarias de Colombia (FARC) para la explotaci\u00f3n de enclaves mineros ilegales en zonas fronterizas de la Amazon\u00eda.<\/p>\n<p>El gobierno ecuatoriano hizo este anuncio al mismo tiempo que se inauguraba la jornada electoral en Ecuador para el refer\u00e9ndum convocado por el jefe de Estado para decidir, entre otras cuestiones, si se establece una Asamblea Constituyente que permita combatir con mayor \u00abmano dura\u00bb al crimen organizado, as\u00ed como m\u00e1s flexibilidad para la llegada de inversiones y creaci\u00f3n de empleo y si se autoriza la instalaci\u00f3n de bases militares extranjeras.<\/p>\n<p>lgc (afp, efe)<\/p>\n","protected":false},"excerpt":{"rendered":"El presidente de Ecuador, Daniel Noboa, inform\u00f3 este domingo (16.11.2025) de la captura de Wilmer &#8216;Pipo&#8217; Chavarr\u00eda, jefe&hellip;\n","protected":false},"author":2,"featured_media":239361,"comment_status":"","ping_status":"","sticky":false,"template":"","format":"standard","meta":{"footnotes":""},"categories":[42],"tags":[17,18,13,14,11,61,62,63,64,19,20,9,10,15,16,12,21,22,65,66,67],"class_list":{"0":"post-239360","1":"post","2":"type-post","3":"status-publish","4":"format-standard","5":"has-post-thumbnail","7":"category-internacional","8":"tag-breaking-news","9":"tag-breakingnews","10":"tag-featured-news","11":"tag-featurednews","12":"tag-headlines","13":"tag-internacional","14":"tag-international","15":"tag-international-news","16":"tag-internationalnews","17":"tag-latest-news","18":"tag-latestnews","19":"tag-news","20":"tag-noticias","21":"tag-noticias-destacadas","22":"tag-noticiasdestacadas","23":"tag-titulares","24":"tag-ultimas-noticias","25":"tag-ultimasnoticias","26":"tag-world","27":"tag-world-news","28":"tag-worldnews"},"share_on_mastodon":{"url":"https:\/\/pubeurope.com\/@es\/115560351507149256","error":""},"_links":{"self":[{"href":"https:\/\/www.europesays.com\/es\/wp-json\/wp\/v2\/posts\/239360","targetHints":{"allow":["GET"]}}],"collection":[{"href":"https:\/\/www.europesays.com\/es\/wp-json\/wp\/v2\/posts"}],"about":[{"href":"https:\/\/www.europesays.com\/es\/wp-json\/wp\/v2\/types\/post"}],"author":[{"embeddable":true,"href":"https:\/\/www.europesays.com\/es\/wp-json\/wp\/v2\/users\/2"}],"replies":[{"embeddable":true,"href":"https:\/\/www.europesays.com\/es\/wp-json\/wp\/v2\/comments?post=239360"}],"version-history":[{"count":0,"href":"https:\/\/www.europesays.com\/es\/wp-json\/wp\/v2\/posts\/239360\/revisions"}],"wp:featuredmedia":[{"embeddable":true,"href":"https:\/\/www.europesays.com\/es\/wp-json\/wp\/v2\/media\/239361"}],"wp:attachment":[{"href":"https:\/\/www.europesays.com\/es\/wp-json\/wp\/v2\/media?parent=239360"}],"wp:term":[{"taxonomy":"category","embeddable":true,"href":"https:\/\/www.europesays.com\/es\/wp-json\/wp\/v2\/categories?post=239360"},{"taxonomy":"post_tag","embeddable":true,"href":"https:\/\/www.europesays.com\/es\/wp-json\/wp\/v2\/tags?post=239360"}],"curies":[{"name":"wp","href":"https:\/\/api.w.org\/{rel}","templated":true}]}}