{"id":239411,"date":"2025-11-16T17:17:19","date_gmt":"2025-11-16T17:17:19","guid":{"rendered":"https:\/\/www.europesays.com\/es\/239411\/"},"modified":"2025-11-16T17:17:19","modified_gmt":"2025-11-16T17:17:19","slug":"vitoria-se-pincha-de-conciencia-contra-la-diabetes","status":"publish","type":"post","link":"https:\/\/www.europesays.com\/es\/239411\/","title":{"rendered":"Vitoria se pincha de conciencia contra la diabetes"},"content":{"rendered":"<p>\n        <strong>Cerca de 22.000 personas en \u00c1lava conviven con <\/strong><a href=\"https:\/\/www.noticiasdealava.eus\/salud\/2025\/11\/16\/diabetes-enfermedad-silenciosa-pacientes-ignoran-10357271.html\" title=\"diabetes\" target=\"_blank\" class=\"link copy\" rel=\"nofollow noopener\"><strong>diabetes<\/strong><\/a><strong>.<\/strong> Para cada una, cada decisi\u00f3n cuenta. Estos d\u00edas, con motivo del D\u00eda Mundial de la Diabetes, la Asociaci\u00f3n de Diabetes de \u00c1lava ha querido mostrar la otra cara de la enfermedad: el miedo al diagn\u00f3stico, la necesidad de apoyo y c\u00f3mo, incluso con la tecnolog\u00eda <strong>m\u00e1s avanzada, el acompa\u00f1amiento humano sigue siendo imprescindible. <\/strong>\n<\/p>\n<p class=\"article-body__text \">\n        <strong>Enara Chimeno, vicepresidenta de la asociaci\u00f3n y persona con diabetes tipo 1,<\/strong> lo resume as\u00ed: \u201cHoy en d\u00eda la medicina ha evolucionado mucho y llevando una alimentaci\u00f3n saludable, haciendo ejercicio y tomando la medicaci\u00f3n de manera correcta se puede llevar una vida completamente normal, igual que las personas que no tienen diabetes\u201d.\n<\/p>\n<p>    <a href=\"https:\/\/www.noticiasdealava.eus\/fotos\/general\/2025\/11\/15\/imagenes-vitoria-une-dia-mundial-10354999.html\" rel=\"nofollow noopener\" target=\"_blank\"><\/p>\n<p>    <img loading=\"lazy\" decoding=\"async\" class=\"lazy-place\" src=\"data:image\/svg+xml,%3Csvg xmlns=&quot;http:\/\/www.w3.org\/2000\/svg&quot; viewBox=&quot;0 0 880 495&quot;%3E%3C\/svg%3E\" height=\"495\" width=\"880\" alt=\"\" style=\"width:100%; height:auto; max-width:100%;\"\/><\/p>\n<p>    <\/a><\/p>\n<p>    <a href=\"https:\/\/www.noticiasdealava.eus\/fotos\/general\/2025\/11\/15\/imagenes-vitoria-une-dia-mundial-10354999.html\" class=\"article-photo__multimedia\" rel=\"nofollow noopener\" target=\"_blank\"><\/p>\n<p>        18<br \/>\n    <\/a><\/p>\n<p class=\"article-photo__footer\">\n        En im\u00e1genes: Vitoria se une al d\u00eda mundial de la diabetes<br \/>\n                    Alex Larretxi\n            <\/p>\n<p>  PROGRAMACI\u00d3N<\/p>\n<p class=\"article-body__text \">\n        Este fin de semana, Vitoria ha celebrado una programaci\u00f3n amplia para concienciar sobre la diabetes, con varias carpas en la plaza de la Virgen Blanca: la carpa informativa, con informaci\u00f3n sobre la asociaci\u00f3n, venta de loter\u00eda y camisetas;<strong> la carpa sanitaria, donde estudiantes de la Escuela de Enfermer\u00eda realizaron controles gluc\u00e9micos<\/strong>; la carpa l\u00fadica, con juegos y actividades para los m\u00e1s peque\u00f1os; y la carpa solidaria, a cargo de Tejiendo en Vitoria.\n<\/p>\n<p class=\"article-body__text \">\n        A esto se sum\u00f3 el Zumbat\u00f3n Mu\u00e9vete por la <strong>Diabetes desde las 10.30 hasta las 13.00, y la lectura del manifiesto seguida del sorteo de la rifa solidaria. <\/strong>Pero la Asociaci\u00f3n de Diabetes de \u00c1lava subraya que la importancia de estas actividades va m\u00e1s all\u00e1 de la visibilidad o el entretenimiento. Seg\u00fan Enara Chimeno, \u201cla educaci\u00f3n diabetol\u00f3gica es la herramienta que tenemos para poder llevar una buena vida.\n<\/p>\n<p>            <a href=\"https:\/\/www.noticiasdealava.eus\/gasteiz\/2025\/11\/15\/vitoria-conciencia-diabetes-10354630.html\" title=\"Vitoria se conciencia sobre la diabetes\" class=\"new__media\" rel=\"nofollow noopener\" target=\"_blank\"><\/p>\n<p>                <img alt=\"Vitoria se conciencia sobre la diabetes\" data-src=\"https:\/\/www.europesays.com\/es\/wp-content\/uploads\/2025\/11\/c4985025-b47b-49e2-ab25-c2f624811b6b_16-9-aspect-ratio_default_0.jpg\" class=\"lozad\"\/><\/p>\n<p>        <\/a><\/p>\n<p>        <a href=\"https:\/\/www.noticiasdealava.eus\/gasteiz\/2025\/11\/15\/vitoria-conciencia-diabetes-10354630.html\" title=\"Vitoria se conciencia sobre la diabetes\" class=\"new__headline\" rel=\"nofollow noopener\" target=\"_blank\"><br \/>\n            Vitoria se conciencia sobre la diabetes<br \/>\n        <\/a><\/p>\n<p class=\"article-body__text \">\n        Cuanta m\u00e1s informaci\u00f3n tengamos, m\u00e1s margen de maniobra vamos a tener y podremos adaptarnos a todas las situaciones que se nos den en la vida\u201d. Asimismo, destaca los retos diarios que implica convivir con la enfermedad: \u201c<strong>Al d\u00eda tenemos que tomar m\u00e1s de 100 decisiones solo relacionadas con la diabetes, con el miedo que conlleva equivocarse y el estigma social que a\u00fan estamos intentando derribar\u201d, destaca.\u00a0<\/strong>\n<\/p>\n<p>        Aunque atienden a personas de todas las edades, Enara se\u00f1ala que en los \u00faltimos a\u00f1os ha aumentado el n\u00famero de menores que debutan con diabetes tipo 1<\/p>\n<p class=\"article-body__text \">\n        La Asociaci\u00f3n de Diabetes de \u00c1lava atiende <strong>actualmente a personas con diabetes tipo 1 y tipo 2, y<\/strong> tambi\u00e9n a algunos casos menos frecuentes como diabetes Mody y Lada. La Mody suele aparecer en j\u00f3venes debido a un defecto gen\u00e9tico y, en muchos casos, puede controlarse sin insulina; la Lada, en cambio, es una forma de diabetes tipo 1 que aparece en adultos y progresa lentamente. En la asociaci\u00f3n, el reparto entre tipo 1 y tipo 2 es<strong> aproximadamente del 50% para cada uno. <\/strong>\n<\/p>\n<p class=\"article-body__text \">\n        Aunque atienden a personas de todas las edades, Enara se\u00f1ala que en los \u00faltimos a\u00f1os ha aumentado el n\u00famero de menores que debutan con diabetes tipo 1. La tecnolog\u00eda ha facilitado enormemente la vida de muchas personas con diabetes, pero no reemplaza la necesidad de acompa\u00f1amiento: \u201cLos sensores han sido un avance enorme. Adem\u00e1s, cada<strong> d\u00eda las bombas son m\u00e1s peque\u00f1as y nos dan m\u00e1s autonom\u00eda. Adem\u00e1s, los bolis inteligentes d<\/strong>e insulina nos ayudan a llevar un control m\u00e1s exacto de todas las decisiones que tomamos\u201d.\u00a0\n<\/p>\n<p class=\"article-photo__footer\">\n            Vitoria se uni\u00f3 este s\u00e1bado al d\u00eda mundial de la diabetes            Alex Larretxi        <\/p>\n<p>  APOYO EMOCIONAL<\/p>\n<p class=\"article-body__text \">\n        M\u00e1s all\u00e1 de los datos y controles m\u00e9dicos, la Asociaci\u00f3n de Diabetes de \u00c1lava subraya la importancia del apoyo emocional y educativo para quienes conviven con la enfermedad. La organizaci\u00f3n acompa\u00f1a tanto a las personas con diabetes como a sus familias, proporcionando informaci\u00f3n y orientaci\u00f3n.\n<\/p>\n<p>        \u201cEn mi opini\u00f3n lo m\u00e1s importante es poder compartir tanto experiencias como situaciones con gente que vive lo mismo que nosotros, el sentirnos apoyados y comprendidos\u00bb<\/p>\n<p class=\"article-body__text \">\n        \u201cEn mi opini\u00f3n lo m\u00e1s importante es poder compartir tanto experiencias como situaciones con gente que vive lo mismo que nosotros, el sentirnos apoyados y comprendidos. Adem\u00e1s de la ayuda psicol\u00f3gica y nutricional que proporcionamos y el apoyo al pie diab\u00e9tico\u201d.\n<\/p>\n<p class=\"article-body__text \">\n        Este<strong> acompa\u00f1amiento incluye charlas formativas e informativas, talleres, excursiones<\/strong>, campamentos l\u00fadico-educativos, acompa\u00f1amientos escolares y grupos de encuentro, adaptados a las necesidades detectadas entre las personas socias.\u00a0\n<\/p>\n<p class=\"article-body__text \">\n        Cada tipo de diabetes tiene <strong>caracter\u00edsticas distintas.<\/strong> La diabetes tipo 1 es autoinmune y no se puede prevenir, mientras que la diabetes tipo 2 est\u00e1 influida por la alimentaci\u00f3n, el ejercicio y factores gen\u00e9ticos; en familias con antecedentes, <strong>las posibilidades de desarrollarla aumentan<\/strong>. Por ello, la asociaci\u00f3n insiste en la importancia de los controles rutinarios, y aconseja consultar al m\u00e9dico si la glucosa en<strong> ayunas supera los 110 en dos anal\u00edticas.<\/strong>\n<\/p>\n<p>            <a href=\"https:\/\/www.noticiasdealava.eus\/sociedad\/2025\/11\/14\/alrededor-172-000-personas-padecen-10350215.html\" title=\"Alrededor de 172.000 personas padecen diabetes en Euskadi, una enfermedad que afecta al 7,5% de la poblaci\u00f3n\" class=\"new__media\" rel=\"nofollow noopener\" target=\"_blank\"><\/p>\n<p>                <img alt=\"Alrededor de 172.000 personas padecen diabetes en Euskadi, una enfermedad que afecta al 7,5% de la poblaci\u00f3n\" data-src=\"https:\/\/www.europesays.com\/es\/wp-content\/uploads\/2025\/11\/485e3249-4700-430d-9dc8-a2a29d3595ab_16-9-aspect-ratio_default_0.jpg\" class=\"lozad\"\/><\/p>\n<p>        <\/a><\/p>\n<p>        <a href=\"https:\/\/www.noticiasdealava.eus\/sociedad\/2025\/11\/14\/alrededor-172-000-personas-padecen-10350215.html\" title=\"Alrededor de 172.000 personas padecen diabetes en Euskadi, una enfermedad que afecta al 7,5% de la poblaci\u00f3n\" class=\"new__headline\" rel=\"nofollow noopener\" target=\"_blank\"><br \/>\n            Alrededor de 172.000 personas padecen diabetes en Euskadi, una enfermedad que afecta al 7,5% de la poblaci\u00f3n<br \/>\n        <\/a><\/p>\n<p>  DIAGN\u00d3STICO<\/p>\n<p class=\"article-body__text \">\n        El diagn\u00f3stico <strong>de diabetes no solo cambia la rutina diaria, sino que tambi\u00e9n tiene un fuerte impacto emocional,<\/strong> sobre todo cuando la persona reci\u00e9n diagnosticada no conoce a nadie que viva la enfermedad.\n<\/p>\n<p class=\"article-body__text \">\n        Seg\u00fan Enara Chimeno, \u201ces un shock, a\u00fan m\u00e1s cuando no conocemos a nadie ni sabemos sobre la enfermedad. Por eso desde la asociaci\u00f3n proporcionamos ese apoyo tanto psicol\u00f3gico como el conocer a m\u00e1s gente que vive lo mismo que nosotros\u201d.\n<\/p>\n<p class=\"article-body__text \">\n        La Asociaci\u00f3n de Diabetes de \u00c1lava considera que compartir experiencias entre pacientes y familias no es solo un recurso emocional, sino una<strong> herramienta vital para afrontar la enfermedad con seguridad y confianza. A<\/strong>dem\u00e1s, la concienciaci\u00f3n de la ciudadan\u00eda juega un papel fundamental: Enara se\u00f1ala que \u201cla diabetes es parte de la vida de muchas personas y no siempre se ve lo dif\u00edcil que puede ser. Un poco de comprensi\u00f3n, apoyo y cero juicios hace una gran diferencia.<strong> Todos podemos ayudar a que quienes viven con diabetes se sientan acompa\u00f1ados y no solos\u201d.\u00a0<\/strong>\n<\/p>\n<p>        De cara al futuro, la asociaci\u00f3n mantiene su compromiso de seguir apoyando a todas las personas con diabetes y a su entorno familiar, adaptando sus actividades a las necesidades que surgen entre sus socias<\/p>\n<p class=\"article-body__text \">\n        De cara al futuro, la asociaci\u00f3n mantiene su compromiso de seguir apoyando a todas las personas con diabetes y a su entorno familiar, adaptando sus actividades a las necesidades que surgen entre sus socias. \u201cSeguir ayudando y apoyando a las personas con diabetes y su entorno\u201d<strong> es la prioridad, as\u00ed como reforzar la educaci\u00f3n diabetol\u00f3gica y la concienciaci\u00f3n social. La asociaci\u00f3n tambi\u00e9n se\u00f1ala la necesidad de que las instituciones aumenten la disponibilidad <\/strong>de profesionales sanitarios especializados para garantizar una atenci\u00f3n adecuada a todas las personas, independientemente del tipo de diabetes que tengan, seg\u00fan concluye.<\/p>\n","protected":false},"excerpt":{"rendered":"Cerca de 22.000 personas en \u00c1lava conviven con diabetes. Para cada una, cada decisi\u00f3n cuenta. Estos d\u00edas, con&hellip;\n","protected":false},"author":2,"featured_media":239412,"comment_status":"","ping_status":"","sticky":false,"template":"","format":"standard","meta":{"footnotes":""},"categories":[92],"tags":[3214,15868,4807,17167,16527,25,24,165,9989,166,23,2177],"class_list":{"0":"post-239411","1":"post","2":"type-post","3":"status-publish","4":"format-standard","5":"has-post-thumbnail","7":"category-salud","8":"tag-alimentacion","9":"tag-conciencia","10":"tag-diabetes","11":"tag-diabetes-tipo-1","12":"tag-diabetes-tipo-2","13":"tag-es","14":"tag-espana","15":"tag-health","16":"tag-pincha","17":"tag-salud","18":"tag-spain","19":"tag-vitoria"},"share_on_mastodon":{"url":"https:\/\/pubeurope.com\/@es\/115560516364403692","error":""},"_links":{"self":[{"href":"https:\/\/www.europesays.com\/es\/wp-json\/wp\/v2\/posts\/239411","targetHints":{"allow":["GET"]}}],"collection":[{"href":"https:\/\/www.europesays.com\/es\/wp-json\/wp\/v2\/posts"}],"about":[{"href":"https:\/\/www.europesays.com\/es\/wp-json\/wp\/v2\/types\/post"}],"author":[{"embeddable":true,"href":"https:\/\/www.europesays.com\/es\/wp-json\/wp\/v2\/users\/2"}],"replies":[{"embeddable":true,"href":"https:\/\/www.europesays.com\/es\/wp-json\/wp\/v2\/comments?post=239411"}],"version-history":[{"count":0,"href":"https:\/\/www.europesays.com\/es\/wp-json\/wp\/v2\/posts\/239411\/revisions"}],"wp:featuredmedia":[{"embeddable":true,"href":"https:\/\/www.europesays.com\/es\/wp-json\/wp\/v2\/media\/239412"}],"wp:attachment":[{"href":"https:\/\/www.europesays.com\/es\/wp-json\/wp\/v2\/media?parent=239411"}],"wp:term":[{"taxonomy":"category","embeddable":true,"href":"https:\/\/www.europesays.com\/es\/wp-json\/wp\/v2\/categories?post=239411"},{"taxonomy":"post_tag","embeddable":true,"href":"https:\/\/www.europesays.com\/es\/wp-json\/wp\/v2\/tags?post=239411"}],"curies":[{"name":"wp","href":"https:\/\/api.w.org\/{rel}","templated":true}]}}