{"id":239415,"date":"2025-11-16T17:28:07","date_gmt":"2025-11-16T17:28:07","guid":{"rendered":"https:\/\/www.europesays.com\/es\/239415\/"},"modified":"2025-11-16T17:28:07","modified_gmt":"2025-11-16T17:28:07","slug":"alcaraz-sinner-hoy-en-directo-final-de-las-atp-finals-2025-ultima-hora-en-vivo-online","status":"publish","type":"post","link":"https:\/\/www.europesays.com\/es\/239415\/","title":{"rendered":"Alcaraz &#8211; Sinner hoy, en directo: final de las ATP Finals 2025, \u00faltima hora en vivo online"},"content":{"rendered":"<p class=\"ev-title\">El historial espa\u00f1ol en el Masters<\/p>\n<p><strong>Manuel Orantes<\/strong>, en 1976, y <strong>\u00c1lex Corretja<\/strong>, en 1998, han sido los \u00fanicos espa\u00f1oles capaces de a\u00f1adir este <strong>ATP Finals<\/strong> a su palmar\u00e9s. <strong>Moy\u00e1<\/strong>, <strong>Ferrero<\/strong>,<strong> Ferrer<\/strong> y <strong>Nadal <\/strong>lo rozaron despu\u00e9s, pero se quedaron en la final. <strong>Corretja<\/strong>, ahora comentarista,<strong>\u00a0<\/strong>es a menudo recordado como el \u00faltimo espa\u00f1ol en conseguirlo, pero estos d\u00edas ha desvelado que le har\u00eda ilusi\u00f3n perder esa &#8216;exclusividad&#8217;: \u00abVoy a decir algo que nunca he dicho y es uno de los deseos y las ilusiones m\u00e1s grandes que yo tengo como comentarista: <strong>que gane un espa\u00f1ol y que yo pueda comentar ese partido<\/strong> y entrevistarle despu\u00e9s, porque llevo muchos a\u00f1os esperando ese momento\u00bb.<\/p>\n","protected":false},"excerpt":{"rendered":"El historial espa\u00f1ol en el Masters Manuel Orantes, en 1976, y \u00c1lex Corretja, en 1998, han sido los&hellip;\n","protected":false},"author":2,"featured_media":239416,"comment_status":"","ping_status":"","sticky":false,"template":"","format":"standard","meta":{"footnotes":""},"categories":[274],"tags":[168,25,24,23,167,327,326],"class_list":{"0":"post-239415","1":"post","2":"type-post","3":"status-publish","4":"format-standard","5":"has-post-thumbnail","7":"category-tenis","8":"tag-deportes","9":"tag-es","10":"tag-espana","11":"tag-spain","12":"tag-sports","13":"tag-tenis","14":"tag-tennis"},"share_on_mastodon":{"url":"https:\/\/pubeurope.com\/@es\/115560559794214955","error":""},"_links":{"self":[{"href":"https:\/\/www.europesays.com\/es\/wp-json\/wp\/v2\/posts\/239415","targetHints":{"allow":["GET"]}}],"collection":[{"href":"https:\/\/www.europesays.com\/es\/wp-json\/wp\/v2\/posts"}],"about":[{"href":"https:\/\/www.europesays.com\/es\/wp-json\/wp\/v2\/types\/post"}],"author":[{"embeddable":true,"href":"https:\/\/www.europesays.com\/es\/wp-json\/wp\/v2\/users\/2"}],"replies":[{"embeddable":true,"href":"https:\/\/www.europesays.com\/es\/wp-json\/wp\/v2\/comments?post=239415"}],"version-history":[{"count":0,"href":"https:\/\/www.europesays.com\/es\/wp-json\/wp\/v2\/posts\/239415\/revisions"}],"wp:featuredmedia":[{"embeddable":true,"href":"https:\/\/www.europesays.com\/es\/wp-json\/wp\/v2\/media\/239416"}],"wp:attachment":[{"href":"https:\/\/www.europesays.com\/es\/wp-json\/wp\/v2\/media?parent=239415"}],"wp:term":[{"taxonomy":"category","embeddable":true,"href":"https:\/\/www.europesays.com\/es\/wp-json\/wp\/v2\/categories?post=239415"},{"taxonomy":"post_tag","embeddable":true,"href":"https:\/\/www.europesays.com\/es\/wp-json\/wp\/v2\/tags?post=239415"}],"curies":[{"name":"wp","href":"https:\/\/api.w.org\/{rel}","templated":true}]}}