{"id":239421,"date":"2025-11-16T17:32:12","date_gmt":"2025-11-16T17:32:12","guid":{"rendered":"https:\/\/www.europesays.com\/es\/239421\/"},"modified":"2025-11-16T17:32:12","modified_gmt":"2025-11-16T17:32:12","slug":"camino-expedito-en-el-sevilla-fc-para-el-ascenso-definitivo-de-andres-castrin","status":"publish","type":"post","link":"https:\/\/www.europesays.com\/es\/239421\/","title":{"rendered":"Camino expedito en el Sevilla FC para el ascenso definitivo de Andr\u00e9s Castr\u00edn"},"content":{"rendered":"<p class=\"parrafo\">El Sevilla FC ha disfrutado este domingo del primero de los tres d\u00edas de descanso que Mat\u00edas Almeyda ha concedido a su plantilla, que afronta esta semana de par\u00f3n liguero con la enfermer\u00eda repleta de pacientes. Esta misma ma\u00f1ana se ha conocido que <strong>el canterano Alberto Flores se ca\u00eda del once del Sevilla Atl\u00e9tico por lesi\u00f3n<\/strong><strong>, sum\u00e1ndose as\u00ed a las ausencias por motivos f\u00edsicos de Isaac Romero, Alexis S\u00e1nchez, Lucien Agoum\u00e9, <\/strong>. Estos cuatro \u00faltimos merman bastante el n\u00famero de centrales disponibles para el regreso de la competici\u00f3n de clubes con la visita de dentro de ocho d\u00edas al RCD Espanyol, lo que se ha convertido en un <strong>motivo m\u00e1s que justificado para el ascenso definitivo de Andr\u00e9s Castr\u00edn a la din\u00e1mica del primer equipo<\/strong>. <\/p>\n<p><a class=\"elementos-rel-t2\" href=\"https:\/\/www.estadiodeportivo.com\/futbol\/sevilla-fc\/lesion-alberto-flores-pone-intringulis-convocatoria-almeyda-para-espanyol-sevilla-20251116-520516.html\" title=\"La lesi\u00f3n de Alberto Flores pone intr\u00edngulis a la convocatoria de Almeyda para el Espanyol - Sevilla \" rel=\"nofollow noopener\" target=\"_blank\">La lesi\u00f3n de Alberto Flores pone intr\u00edngulis a la convocatoria de Almeyda para el Espanyol &#8211; Sevilla <img decoding=\"async\" src=\"https:\/\/www.europesays.com\/es\/wp-content\/uploads\/2025\/11\/56c183b1-c816-4670-a681-7e234a2cb111_320x180.jpeg\" alt=\"La lesi\u00f3n de Alberto Flores pone intr\u00edngulis a la convocatoria de Almeyda para el Espanyol - Sevilla \"\/><\/a><a class=\"elementos-rel-t2\" href=\"https:\/\/www.estadiodeportivo.com\/futbol\/sevilla-fc\/parte-medico-oficial-nianzou-enesima-lesion-tiempo-baja-estimado-para-central-del-sevilla-20251114-520319.html\" title=\"Parte m\u00e9dico oficial de Nianzou: la en\u00e9sima lesi\u00f3n y el tiempo de baja estimado para el central del Sevilla FC\" rel=\"nofollow noopener\" target=\"_blank\">Parte m\u00e9dico oficial de Nianzou: la en\u00e9sima lesi\u00f3n y el tiempo de baja estimado para el central del Sevilla FC<img decoding=\"async\" src=\"https:\/\/www.europesays.com\/es\/wp-content\/uploads\/2025\/11\/9cb92443-1bc0-4e04-8860-e03ed25e7a6f_320x180.jpeg\" alt=\"Parte m\u00e9dico oficial de Nianzou: la en\u00e9sima lesi\u00f3n y el tiempo de baja estimado para el central del Sevilla FC\"\/><\/a><a class=\"elementos-rel-t2\" href=\"https:\/\/www.estadiodeportivo.com\/futbol\/sevilla-fc\/parte-medico-oficial-marcao-lesion-tiempo-baja-estimado-para-central-del-sevilla-20251113-520208.html\" title=\"Parte m\u00e9dico oficial de Marcao: lesi\u00f3n y tiempo de baja estimado para el central del Sevilla FC \" rel=\"nofollow noopener\" target=\"_blank\">Parte m\u00e9dico oficial de Marcao: lesi\u00f3n y tiempo de baja estimado para el central del Sevilla FC <img decoding=\"async\" src=\"https:\/\/www.europesays.com\/es\/wp-content\/uploads\/2025\/11\/41a3e3ed-9204-4ffa-9a58-b8088062a795_320x180.jpeg\" alt=\"Parte m\u00e9dico oficial de Marcao: lesi\u00f3n y tiempo de baja estimado para el central del Sevilla FC \"\/><\/a>Las lesiones de F\u00e1bio Cardoso, Azpilicueta, Marcao y Nianzou a\u00fapan a Andres Castr\u00edn en el Sevilla FC <\/p>\n<p class=\"parrafo\">As\u00ed lo han asegurado desde el propio club nervionense al repasar las bajas que Luci Mart\u00edn ten\u00eda para el duelo liguero de la matinal de <a href=\"https:\/\/www.estadiodeportivo.com\/futbol\/primera-rfef\/antequera-sevilla-atletico-sin-gozo-pozo-con-collado-heroe-villano-20251116-520492.html\" target=\"_blank\" class=\"intext-link\" rel=\"nofollow noopener\">este domingo en Antequera (1-1)<\/a>. Al no haber jornada en LaLiga EA Sports y teniendo en cuenta que el Sevilla Atl\u00e9tico ya ten\u00eda la ausencia del zaguero Robert Jalade -citado con la sub 21 de Ruman\u00eda-, cab\u00eda esperar que Andr\u00e9s Castr\u00edn tuviese minutos en Primera RFEF. As\u00ed hab\u00eda sido las dos \u00faltimas semanas. Se ejercitaba con Almeyda y jugaba con el filial. <\/p>\n<p class=\"parrafo\">Sin embargo, la concurrencia de contratiempos en el eje de la zaga han provocado que el &#8216;Pelado&#8217; no haya prestado esta vez al joven futbolista gallego, a quien hace tiempo que ve <strong>incluso m\u00e1s preparado que algunos de los que tienen ficha del primer equipo como Ram\u00f3n Mart\u00ednez, quien s\u00f3lo suma 181&#8242; en tres citas (dos ligueras y una de Copa), o Kike Salas, con 450&#8242; en cinco encuentros (cuatro de liga, donde no juega desde septiembre)<\/strong><strong>. Castr\u00edn, que <a href=\"https:\/\/www.estadiodeportivo.com\/futbol\/sevilla-fc\/los-nervios-andres-castrin-ante-techo-cristal-del-sevilla-20241210-474206.html\" target=\"_blank\" class=\"intext-link\" rel=\"nofollow noopener\">debut\u00f3 el curso pasado con Garc\u00eda Pimienta<\/a>, suma seis y un total de 357&#8242;<\/strong>. <\/p>\n<p><img decoding=\"async\" src=\"https:\/\/www.europesays.com\/es\/wp-content\/uploads\/2025\/11\/46d76554-a682-4218-839b-859ecd9d517b_800x533.jpeg\" loading=\"lazy\"\/><\/p>\n<p class=\"parrafo\"><a href=\"https:\/\/www.estadiodeportivo.com\/futbol\/sevilla-fc\/andres-castrin-pide-paso-sevilla-20250228-484288.html\" target=\"_blank\" class=\"intext-link\" rel=\"nofollow noopener\">Castr\u00edn se hab\u00eda lucido el curso pasado con el Sevilla Atl\u00e9tico<\/a> y supo aprovechar el contexto propicio que se le present\u00f3 en agosto. Azpilicueta y Cardoso ni siquiera hab\u00edan llegado a\u00fan, Nianzou tambi\u00e9n estaba convaleciente y Gudelj hab\u00eda sido descartado por Almeyda para actuar como central. As\u00ed, el joven canterano fue <strong>titular ante el Athletic Club (71&#8242;), ante el Getafe CF (90&#8242;) y contra el Girona FC (90&#8242;), adem\u00e1s de entrar como suplente frente al Elche CF (29&#8242;) y de volver a salir de inicio contra el Villarreal CF (55&#8242;) <\/strong>tras quedarse en el banquillo en la visita al Alav\u00e9s. <\/p>\n<p class=\"parrafo\">A partir de ah\u00ed, s\u00f3lo ha rascado <strong>los 22&#8242; del choque ante el CD Toledo<\/strong> en la primera ronda de la Copa del Rey a pesar de que ha entrado en todas las convocatorias excepto en dos (FC Barcelona y RCD Mallorca). Ahora, tras seguir manteniendo el ritmo en tres de los cuatro \u00faltimos choques del filial -90&#8242; ante CD Teruel, AD Alcorc\u00f3n y Juventud Torremolinos CF- <strong>vuelve a dar el salto con vistas a que esta vez ya sea el definitivo<\/strong>. <\/p>\n<p>El alegato en favor de Castr\u00edn de Mat\u00edas Almeyda, t\u00e9cnico sevillista<\/p>\n<p class=\"parrafo\">\u00abRam\u00f3n, en un momento clave de la pretemporada y del inicio del torneo sufri\u00f3 una lesi\u00f3n. En ese momento estaba Castr\u00edn, que demostr\u00f3 que estaba preparado y por ah\u00ed empez\u00f3 una competencia entre ellos dos. <strong>Castr\u00edn jug\u00f3 varios partidos, lo hizo bien y est\u00e1 en la competencia<\/strong>. Puede jugar de titular. Trato de mantener esa l\u00ednea de competitividad desde que llegu\u00e9 y estamos trabajando as\u00ed con todos los jugadores\u00bb. <\/p>\n<p class=\"parrafo\">\u00abRam\u00f3n es un muchacho que tiene futuro tambi\u00e9n y que entra en esa competencia.<strong> <\/strong>No quiere decir que est\u00e9 afuera por no ir convocado (ante el Alav\u00e9s).<strong> <\/strong>Lo contemplo y me gusta, pero <strong>cuando \u00e9l estaba fuera Castr\u00edn aprovech\u00f3 su momento y ahora los dos est\u00e1n en esa competencia sana que me gusta que exista, porque es la \u00fanica manera que tienen de crecer<\/strong>\u00ab, <a href=\"https:\/\/www.estadiodeportivo.com\/futbol\/sevilla-fc\/almeyda-pule-defensa-del-sevilla-error-marcao-nuevo-nianzou-ramon-martinez-castrin-20250922-513126.html\" target=\"_blank\" class=\"intext-link\" rel=\"nofollow noopener\">expon\u00eda Mat\u00edas Almeyda all\u00e1 por finales de septiembre<\/a>, cuando fue preguntado por el hecho de que el ex del CD Lugo hubiese tenido minutos en cinco de las seis primeras citas del Sevilla FC en esta 25\/26 y jugase por delante de otros zagueros del primer plantel. <\/p>\n","protected":false},"excerpt":{"rendered":"El Sevilla FC ha disfrutado este domingo del primero de los tres d\u00edas de descanso que Mat\u00edas Almeyda&hellip;\n","protected":false},"author":2,"featured_media":239422,"comment_status":"","ping_status":"","sticky":false,"template":"","format":"standard","meta":{"footnotes":""},"categories":[268],"tags":[168,25,24,284,280,282,1945,6958,2993,281,23,167],"class_list":{"0":"post-239421","1":"post","2":"type-post","3":"status-publish","4":"format-standard","5":"has-post-thumbnail","7":"category-futbol","8":"tag-deportes","9":"tag-es","10":"tag-espana","11":"tag-estadio-deportivo","12":"tag-football","13":"tag-futbol","14":"tag-primera-division","15":"tag-primera-rfef","16":"tag-sevilla-futbol-club","17":"tag-soccer","18":"tag-spain","19":"tag-sports"},"share_on_mastodon":{"url":"https:\/\/pubeurope.com\/@es\/115560575761057365","error":""},"_links":{"self":[{"href":"https:\/\/www.europesays.com\/es\/wp-json\/wp\/v2\/posts\/239421","targetHints":{"allow":["GET"]}}],"collection":[{"href":"https:\/\/www.europesays.com\/es\/wp-json\/wp\/v2\/posts"}],"about":[{"href":"https:\/\/www.europesays.com\/es\/wp-json\/wp\/v2\/types\/post"}],"author":[{"embeddable":true,"href":"https:\/\/www.europesays.com\/es\/wp-json\/wp\/v2\/users\/2"}],"replies":[{"embeddable":true,"href":"https:\/\/www.europesays.com\/es\/wp-json\/wp\/v2\/comments?post=239421"}],"version-history":[{"count":0,"href":"https:\/\/www.europesays.com\/es\/wp-json\/wp\/v2\/posts\/239421\/revisions"}],"wp:featuredmedia":[{"embeddable":true,"href":"https:\/\/www.europesays.com\/es\/wp-json\/wp\/v2\/media\/239422"}],"wp:attachment":[{"href":"https:\/\/www.europesays.com\/es\/wp-json\/wp\/v2\/media?parent=239421"}],"wp:term":[{"taxonomy":"category","embeddable":true,"href":"https:\/\/www.europesays.com\/es\/wp-json\/wp\/v2\/categories?post=239421"},{"taxonomy":"post_tag","embeddable":true,"href":"https:\/\/www.europesays.com\/es\/wp-json\/wp\/v2\/tags?post=239421"}],"curies":[{"name":"wp","href":"https:\/\/api.w.org\/{rel}","templated":true}]}}